{"id":35849,"date":"2025-06-21T19:38:31","date_gmt":"2025-06-21T22:38:31","guid":{"rendered":"https:\/\/13.com.ar\/index.php\/el-kirchnerismo-busca-los-dos-tercios-para-aprobarlos-y-el-oficialismo-intenta-retrasar-el-debate\/"},"modified":"2025-06-21T19:38:31","modified_gmt":"2025-06-21T22:38:31","slug":"el-kirchnerismo-busca-los-dos-tercios-para-aprobarlos-y-el-oficialismo-intenta-retrasar-el-debate","status":"publish","type":"post","link":"https:\/\/13.com.ar\/index.php\/el-kirchnerismo-busca-los-dos-tercios-para-aprobarlos-y-el-oficialismo-intenta-retrasar-el-debate\/","title":{"rendered":"el kirchnerismo busca los dos tercios para aprobarlos y el oficialismo intenta retrasar el debate"},"content":{"rendered":"<p> <br \/>\n<br \/><img decoding=\"async\" src=\"https:\/\/13.com.ar\/wp-content\/uploads\/2025\/06\/el-kirchnerismo-busca-los-dos-tercios-para-aprobarlos-y-el.jpg\" \/><\/p>\n<div id=\"element-body-0\">\n<p>Pasaron m\u00e1s de dos semanas de la media sanci\u00f3n que Diputados le dio a los proyectos previsionales y a la emergencia en discapacidad y ninguno de los temas empez\u00f3 siquiera a debatirse en comisiones en el Senado, a pesar de que el kirchnerismo tiene el mandato de <strong>Cristina Kirchner<\/strong> de asestarle un golpe al Gobierno convirti\u00e9ndolos en ley cuanto antes. <strong>Mientras el oficialismo dilata el debate, la oposici\u00f3n busca los dos tercios para poder saltear el tratamiento en comisiones y aprobarlo directo en el recinto.<\/strong><\/p>\n<\/div>\n<div id=\"element-body-1\">\n<p>Se trata de las iniciativas que fijan una suba del 7,2 % a las jubilaciones generales, m\u00e1s el incremento del bono de $70 mil a $110 mil y la extensi\u00f3n de la moratoria -ca\u00edda en marzo- por dos a\u00f1os m\u00e1s. <\/p>\n<\/div>\n<div id=\"element-body-2\">\n<p>Las cuestiones previsionales fueron derivadas a las comisiones de Presupuesto y Previsi\u00f3n Social. La primera est\u00e1 presidida por el libertario Ezequiel Atauche mientras que la otra est\u00e1 al mando de Carmen \u00c1lvarez Rivero, del PRO, muy cercana a Patricia Bullrich. Para discutir la emergencia en discapacidad tambi\u00e9n se gir\u00f3 a Poblaci\u00f3n y Desarrollo Humano, comisi\u00f3n que conduce Bruno Olivera de La Libertad Avanza.<\/p>\n<\/div>\n<div id=\"element-body-3\">\n<p>Hasta ahora ninguno de los tres convoc\u00f3 a sus comisiones para abrir el debate. &#8220;<strong>Esta semana seguro que no. Para la pr\u00f3xima no lo hemos hablado a\u00fan<\/strong>&#8220;, asegur\u00f3 uno de ellos. <\/p>\n<\/div>\n<div id=\"element-body-4\">\n<p>La estrategia es dilatar lo m\u00e1s que se pueda. En la <strong>Casa de Rosada saben que si los proyectos se convierten en ley y el presidente Javier Milei los veta, como prometi\u00f3, no cuentan ya con los &#8220;87 h\u00e9roes&#8221; que los ayudaron a sostener los vetos<\/strong> de Universidades y Jubilaciones en Diputados el a\u00f1o pasado. El tiempo corre y en un mes empieza el receso de mitad de a\u00f1o.<\/p>\n<\/div>\n<div id=\"element-body-5\">\n<p>En el oficialismo niegan estar recibiendo presiones para dar el debate. Incluso se\u00f1alan que la semana que pas\u00f3, con doble feriado, no hubo casi contactos. Adem\u00e1s,<strong> el grueso de los legisladores est\u00e1n concentrados en las campa\u00f1as electorales<\/strong> de sus provincias, que ya est\u00e1n en marcha. <\/p>\n<\/div>\n<div id=\"element-body-6\">\n<p>Pero<strong> este jueves va el jefe de Gabinete Guillermo Francos al Senado<\/strong> y volver\u00e1n a verse las caras todos. <\/p>\n<\/div>\n<div id=\"element-body-8\">\n<p>Es cierto que los legisladores de Uni\u00f3n por la Patria (UP) estuvieron los \u00faltimos d\u00edas ocupados de lleno con la situaci\u00f3n de CFK, pero aseguran que volver\u00e1n a la carga.<\/p>\n<\/div>\n<div id=\"element-body-9\">\n<p>En el Senado no existen los emplazamientos que se votan en el recinto y obligan a las comisiones a abrir sus puertas. Por reglamento los senadores pueden enviar una nota (firmada por tres legisladores) a la comisi\u00f3n en cuesti\u00f3n exigiendo incluir cierto proyecto en el temario de la pr\u00f3xima reuni\u00f3n. Pero no cambia demasiado la ecuaci\u00f3n porque la fecha la sigue fijando el presidente de la comisi\u00f3n.<\/p>\n<\/div>\n<div id=\"element-body-10\">\n<p>&#8220;La semana que viene tienen que convocar.<strong> Si no convocan vamos a pedir sesi\u00f3n pero no van a poder seguir boludeando el tema<\/strong>&#8220;, asegur\u00f3 una senadora K. <\/p>\n<\/div>\n<div id=\"element-body-11\">\n<p>El problema es que <strong>si los proyectos no tienen dictamen de comisi\u00f3n necesitan dos tercios para poder aprobarlos directamente en el recinto. &#8220;Por ahora no los tenemos garantizados&#8221;<\/strong>, confiesa un senador de peso de la bancada K. <\/p>\n<\/div>\n<div id=\"element-body-12\">\n<p>UP tiene 34 legisladores. Para tener los dos tercios completos necesitan sumar 14 m\u00e1s. Para encontrar el momento justo est\u00e1n atentos a los avances, o no, de los acuerdos electorales entre LLA y el PRO y la UCR, mientras monitorean la relaci\u00f3n con los gobernadores que, como cont\u00f3 Clar\u00edn est\u00e1n preocupados por la ca\u00edda en la recaudaci\u00f3n, las pocas transferencias y las obras p\u00fablicas.<strong> Este lunes hay una nueva reuni\u00f3n de mandatarios en el CFI.<\/strong><\/p>\n<\/div>\n<div id=\"element-body-13\">\n<p>En la UCR hay un grupo que ya se manifiesta dispuesto a acompa\u00f1ar los proyectos previsiones, entre los que destacan Mart\u00edn Lousteau y Pablo Blanco, aunque este \u00faltimo no ve con buenos ojos la moratoria. Los dem\u00e1s esperan concretar una reuni\u00f3n de bloque para fijar postura unificada. En Diputados la UCR no dio qu\u00f3rum pero una vez abierta la sesi\u00f3n ayudaron a la aprobaci\u00f3n.<\/p>\n<\/div>\n<div id=\"element-body-14\">\n<p>En el PRO tampoco dieron la discusi\u00f3n puertas adentro. Cabe aclarar que en Diputados llam\u00f3 la atenci\u00f3n la abstenci\u00f3n de los 9 macristas, entre ellos Mar\u00eda Eugenia Vidal y Silvia Lospennatto, que tambi\u00e9n fueron decisivos.<\/p>\n<\/div>\n<p><br \/>\n<br \/><a href=\"https:\/\/www.clarin.com\/politica\/jubilados-discapacidad-kirchnerismo-busca-tercios-aprobarlos-oficialismo-intenta-retrasar-debate_0_y6SO9DsnWC.html\">Fuente Clarin.com <\/a><\/p>\n","protected":false},"excerpt":{"rendered":"<p>Pasaron m\u00e1s de dos semanas de la media sanci\u00f3n que Diputados le dio a los proyectos previsionales y a la emergencia en discapacidad y ninguno de los temas empez\u00f3 siquiera a debatirse en comisiones en el Senado, a pesar de que el kirchnerismo tiene el mandato de Cristina Kirchner de asestarle un golpe al Gobierno [&hellip;]<\/p>\n","protected":false},"author":1,"featured_media":35850,"comment_status":"open","ping_status":"open","sticky":false,"template":"","format":"standard","meta":{"footnotes":""},"categories":[2],"tags":[21857,672,3002,59,4324,2825,28,3658,16,4289,21856],"class_list":["post-35849","post","type-post","status-publish","format-standard","has-post-thumbnail","hentry","category-ultimas-noticias","tag-aprobarlos","tag-busca","tag-debate","tag-dos","tag-intenta","tag-kirchnerismo","tag-los","tag-oficialismo","tag-para","tag-retrasar","tag-tercios"],"_links":{"self":[{"href":"https:\/\/13.com.ar\/index.php\/wp-json\/wp\/v2\/posts\/35849","targetHints":{"allow":["GET"]}}],"collection":[{"href":"https:\/\/13.com.ar\/index.php\/wp-json\/wp\/v2\/posts"}],"about":[{"href":"https:\/\/13.com.ar\/index.php\/wp-json\/wp\/v2\/types\/post"}],"author":[{"embeddable":true,"href":"https:\/\/13.com.ar\/index.php\/wp-json\/wp\/v2\/users\/1"}],"replies":[{"embeddable":true,"href":"https:\/\/13.com.ar\/index.php\/wp-json\/wp\/v2\/comments?post=35849"}],"version-history":[{"count":0,"href":"https:\/\/13.com.ar\/index.php\/wp-json\/wp\/v2\/posts\/35849\/revisions"}],"wp:featuredmedia":[{"embeddable":true,"href":"https:\/\/13.com.ar\/index.php\/wp-json\/wp\/v2\/media\/35850"}],"wp:attachment":[{"href":"https:\/\/13.com.ar\/index.php\/wp-json\/wp\/v2\/media?parent=35849"}],"wp:term":[{"taxonomy":"category","embeddable":true,"href":"https:\/\/13.com.ar\/index.php\/wp-json\/wp\/v2\/categories?post=35849"},{"taxonomy":"post_tag","embeddable":true,"href":"https:\/\/13.com.ar\/index.php\/wp-json\/wp\/v2\/tags?post=35849"}],"curies":[{"name":"wp","href":"https:\/\/api.w.org\/{rel}","templated":true}]}}