{"id":35847,"date":"2025-06-21T19:32:34","date_gmt":"2025-06-21T22:32:34","guid":{"rendered":"https:\/\/13.com.ar\/index.php\/renuncia-elecciones-anticipadas-tsunami-de-rumores-y-especulaciones-en-espana-sobre-el-futuro-pedro-sanchez\/"},"modified":"2025-06-21T19:32:34","modified_gmt":"2025-06-21T22:32:34","slug":"renuncia-elecciones-anticipadas-tsunami-de-rumores-y-especulaciones-en-espana-sobre-el-futuro-pedro-sanchez","status":"publish","type":"post","link":"https:\/\/13.com.ar\/index.php\/renuncia-elecciones-anticipadas-tsunami-de-rumores-y-especulaciones-en-espana-sobre-el-futuro-pedro-sanchez\/","title":{"rendered":"\u00bfRenuncia? \u00bfElecciones anticipadas? Tsunami de rumores y especulaciones en Espa\u00f1a sobre el futuro Pedro S\u00e1nchez"},"content":{"rendered":"<p> <br \/>\n<br \/><img decoding=\"async\" src=\"https:\/\/13.com.ar\/wp-content\/uploads\/2025\/06\/\u00bfRenuncia-\u00bfElecciones-anticipadas-Tsunami-de-rumores-y-especulaciones-en-Espana.jpg\" \/><\/p>\n<div id=\"element-body-0\">\n<p><strong>Pedro S\u00e1nchez <\/strong>apost\u00f3 a que un acto de contrici\u00f3n le salvar\u00eda el pellejo. Pidi\u00f3 disculpas por los \u00faltimos dos secretarios de organizaci\u00f3n del PSOE, que no s\u00f3lo destrozaron la credibilidad del partido -y del gobierno- sino que ventilaron haber hecho mula en las primarias en las que S\u00e1nchez sali\u00f3 ganador como secretario general y hasta <strong>sembraron dudas sobre la financiaci\u00f3n del partido<\/strong>.<\/p>\n<\/div>\n<div id=\"element-body-1\">\n<p>Pero el golpecito en el pecho del l\u00edder socialista que reconoci\u00f3 \u201cno debimos haber confiado en ellos\u201d no alcanza para frenar el tsunami de temores, especulaciones, rumores y versiones sobre el futuro inmediato del gobierno de coalici\u00f3n.<\/p>\n<\/div>\n<div id=\"element-body-2\">\n<p>Golpeado, pero jam\u00e1s rendido,<strong> S\u00e1nchez se inclina por ganar tiempo.<\/strong><\/p>\n<\/div>\n<div id=\"element-body-4\">\n<p>Se escuda en que, entre otros compromisos internacionales, la cumbre de la OTAN y la reuni\u00f3n del Consejo Europeo de la semana que viene no le permitir\u00e1n asistir al Congreso para dar explicaciones hasta el 9 de julio. Tal vez, para ese entonces, la crispaci\u00f3n que pide su renuncia se haya anestesiado.<\/p>\n<\/div>\n<div id=\"element-body-5\">\n<p>Porque, en el peor de los casos, si no le quedara m\u00e1s alternativa que convocar elecciones anticipadas, S\u00e1nchez sabe muy bien que no le conviene que la fecha caiga en verano, tiempo en el que los espa\u00f1oles est\u00e1n de vacaciones o planeando d\u00edas de descanso.<\/p>\n<\/div>\n<div id=\"element-body-6\">\n<p>Lo comprob\u00f3 en 2023, cuando su osad\u00eda lo llev\u00f3 a disolver el Parlamento y adelantar los comicios el d\u00eda despu\u00e9s de unas elecciones municipales y regionales en las que su partido sali\u00f3 bastante mal parado.<\/p>\n<\/div>\n<div id=\"element-body-7\">\n<p>La fecha para volver a votar cay\u00f3 un 23 de julio -pleno verano europeo- y el PSOE, que apostaba a arrasar, sali\u00f3 segundo en votos, detr\u00e1s del PP: a S\u00e1nchez le cost\u00f3 m\u00e1s que nunca reunir una mayor\u00eda parlamentaria que le permitiera mantenerse en La Moncloa, pero lo consigui\u00f3.<\/p>\n<\/div>\n<div id=\"element-body-8\">\n<p>Esta vez, si el adelanto electoral fuera inevitable,<strong> el pron\u00f3stico para el Partido Socialista ser\u00eda bastante menos feliz<\/strong>. Seg\u00fan el bar\u00f3metro de la consultora DYM, si los comicios fueran ya, el PSOE quedar\u00eda diez puntos por debajo del PP.<\/p>\n<\/div>\n<div id=\"element-body-10\">\n<p>Ante una crisis como la que se est\u00e1 viviendo en Espa\u00f1a, el sistema parlamentario admite dos posibilidades: que el presidente renuncie ante el rey, que es el jefe del Estado, y que entonces Felipe VI realice una ronda de consultas con los grupos parlamentarios para ver si existe otro candidato que re\u00fana los apoyos necesarios como para que el Congreso de los Diputados vote a su favor y forme un nuevo gobierno, o que se convoquen nuevas elecciones.<\/p>\n<\/div>\n<div id=\"element-body-11\">\n<p>Ante la primera opci\u00f3n, la de la renuncia del presidente, el plazo es de dos meses desde la primera votaci\u00f3n en el Parlamento para intentar la investidura de un nuevo jefe de gobierno.<\/p>\n<\/div>\n<div id=\"element-body-13\">\n<p>Si el tiempo se agota y no se elige a ning\u00fan candidato, la disoluci\u00f3n de las Cortes (el Congreso) es autom\u00e1tica y, 54 d\u00edas despu\u00e9s, se abrir\u00edan los comicios. En este caso, las elecciones ser\u00edan a fines de agosto.<\/p>\n<\/div>\n<div id=\"element-body-14\">\n<p>La otra posibilidad que permite la Constituci\u00f3n espa\u00f1ola es que el propio presidente disuelva el Parlamento y convoque a las urnas voluntariamente. Si as\u00ed fuera, el plazo de los 54 d\u00edas comenzar\u00eda a correr desde el momento en el que la disoluci\u00f3n de las Cortes se publique en el Bolet\u00edn Oficial del Estado.<\/p>\n<\/div>\n<div id=\"element-body-15\">\n<p>El presidente cuenta con esta potestad s\u00f3lo si ya transcurri\u00f3 un a\u00f1o desde las \u00faltimas elecciones y si no hay una moci\u00f3n de censura en su contra en curso.<\/p>\n<\/div>\n<div id=\"element-body-16\">\n<p>Entre las mil y una versiones especulativas que aturden a los espa\u00f1oles por estos d\u00edas, se comenta que el presidente<strong> estar\u00eda evaluando renunciar y postular, por detr\u00e1s de escena, al actual presidente regional de Catalu\u00f1a, Salvador Illa<\/strong>, quien podr\u00eda contar con el apoyo de los siete partidos pol\u00edticos que permitieron la reelecci\u00f3n de S\u00e1nchez.<\/p>\n<\/div>\n<div id=\"element-body-17\">\n<p>Ilia fue convocado a Madrid el jueves y estuvo reunido con el presidente en La Moncloa.<\/p>\n<\/div>\n<div id=\"element-body-18\">\n<p>Menos carism\u00e1tico que Pedro, Salvador atesora un capital pol\u00edtico de bajo perfil pero apreciado: es el primer candidato del Partido Socialista de Catalu\u00f1a que gana unas elecciones, las auton\u00f3micas del a\u00f1o pasado.<\/p>\n<\/div>\n<div id=\"element-body-19\">\n<p>Ser\u00eda una lavada de cara para un PSOE actualmente noqueado y que los llamados \u201csocios de la investidura\u201d podr\u00edan apoyar, sin tanto pataleo, si se mantienen las promesas que Pedro S\u00e1nchez les hizo a cambio del \u201cs\u00ed\u201d que le dieron en 2023.<\/p>\n<\/div>\n<div id=\"element-body-20\">\n<p>Quienes avalaron la reelecci\u00f3n de S\u00e1nchez -entre los que est\u00e1n los independentistas catalanes y vascos- son conscientes de que \u00e9sta es su <strong>oportunidad de negociar m\u00e1s y mejores concesiones<\/strong>. <\/p>\n<\/div>\n<div id=\"element-body-21\">\n<p>Se muestran implacables ante la presunta corrupci\u00f3n del PSOE pero no olvidan que nunca han conseguido tanto como con esta coalici\u00f3n de izquierdas. Saben, muy bien, que si el actual gobierno progresista se evapora y asume una coalici\u00f3n PP-Vox, sus reclamos y reivindicaciones volver\u00edan al casillero inicial.<\/p>\n<\/div>\n<p><br \/>\n<br \/><a href=\"https:\/\/www.clarin.com\/mundo\/renuncia-elecciones-anticipadas-tsunami-rumores-especulaciones-espana-futuro-pedro-sanchez_0_Tt92o19L7I.html\">Fuente Clarin.com <\/a><\/p>\n","protected":false},"excerpt":{"rendered":"<p>Pedro S\u00e1nchez apost\u00f3 a que un acto de contrici\u00f3n le salvar\u00eda el pellejo. Pidi\u00f3 disculpas por los \u00faltimos dos secretarios de organizaci\u00f3n del PSOE, que no s\u00f3lo destrozaron la credibilidad del partido -y del gobierno- sino que ventilaron haber hecho mula en las primarias en las que S\u00e1nchez sali\u00f3 ganador como secretario general y hasta [&hellip;]<\/p>\n","protected":false},"author":1,"featured_media":35848,"comment_status":"open","ping_status":"open","sticky":false,"template":"","format":"standard","meta":{"footnotes":""},"categories":[2],"tags":[12480,404,2785,10618,2563,302,5534,364,303,732,5200],"class_list":["post-35847","post","type-post","status-publish","format-standard","has-post-thumbnail","hentry","category-ultimas-noticias","tag-anticipadas","tag-elecciones","tag-espana","tag-especulaciones","tag-futuro","tag-pedro","tag-renuncia","tag-rumores","tag-sanchez","tag-sobre","tag-tsunami"],"_links":{"self":[{"href":"https:\/\/13.com.ar\/index.php\/wp-json\/wp\/v2\/posts\/35847","targetHints":{"allow":["GET"]}}],"collection":[{"href":"https:\/\/13.com.ar\/index.php\/wp-json\/wp\/v2\/posts"}],"about":[{"href":"https:\/\/13.com.ar\/index.php\/wp-json\/wp\/v2\/types\/post"}],"author":[{"embeddable":true,"href":"https:\/\/13.com.ar\/index.php\/wp-json\/wp\/v2\/users\/1"}],"replies":[{"embeddable":true,"href":"https:\/\/13.com.ar\/index.php\/wp-json\/wp\/v2\/comments?post=35847"}],"version-history":[{"count":0,"href":"https:\/\/13.com.ar\/index.php\/wp-json\/wp\/v2\/posts\/35847\/revisions"}],"wp:featuredmedia":[{"embeddable":true,"href":"https:\/\/13.com.ar\/index.php\/wp-json\/wp\/v2\/media\/35848"}],"wp:attachment":[{"href":"https:\/\/13.com.ar\/index.php\/wp-json\/wp\/v2\/media?parent=35847"}],"wp:term":[{"taxonomy":"category","embeddable":true,"href":"https:\/\/13.com.ar\/index.php\/wp-json\/wp\/v2\/categories?post=35847"},{"taxonomy":"post_tag","embeddable":true,"href":"https:\/\/13.com.ar\/index.php\/wp-json\/wp\/v2\/tags?post=35847"}],"curies":[{"name":"wp","href":"https:\/\/api.w.org\/{rel}","templated":true}]}}