{"id":35840,"date":"2025-06-21T19:14:32","date_gmt":"2025-06-21T22:14:32","guid":{"rendered":"https:\/\/13.com.ar\/index.php\/estamos-en-un-momento-historico-en-el-que-se-debaten-los-valores-claves-de-la-civilizacion-occidental\/"},"modified":"2025-06-21T19:14:32","modified_gmt":"2025-06-21T22:14:32","slug":"estamos-en-un-momento-historico-en-el-que-se-debaten-los-valores-claves-de-la-civilizacion-occidental","status":"publish","type":"post","link":"https:\/\/13.com.ar\/index.php\/estamos-en-un-momento-historico-en-el-que-se-debaten-los-valores-claves-de-la-civilizacion-occidental\/","title":{"rendered":"\u201cEstamos en un momento hist\u00f3rico en el que se debaten los valores claves de la civilizaci\u00f3n occidental\u201d"},"content":{"rendered":"<p> <br \/>\n<br \/><img decoding=\"async\" src=\"https:\/\/13.com.ar\/wp-content\/uploads\/2025\/06\/Estamos-en-un-momento-historico-en-el-que-se-debaten.jpg\" \/><\/p>\n<div id=\"element-body-0\">\n<p><strong><em>-\u00bfEncuentra alg\u00fan v\u00ednculo entre el antisemitismo y el avance de fuerzas pol\u00edticas o gobiernos de extrema derecha a escala global?<\/em><\/strong><\/p>\n<\/div>\n<div id=\"element-body-1\">\n<p>-Es una pregunta m\u00e1s compleja de lo que se suele pensar. Tradicionalmente, las fuerzas de extrema derecha, en distintos pa\u00edses, se caracterizaban por su antisemitismo. En el contexto actual, muchos de los movimientos de extrema derecha expresan cierta afinidad o admiraci\u00f3n por el Estado de Israel y la causa sionista. En sus discursos, varios dirigentes de la extrema derecha emplean mitos o figuras b\u00edblicas para dotar de legitimidad sus distintas pol\u00edticas. Mientras tanto, en el discurso de la extrema izquierda &#8211; por su postura anti israel\u00ed o anti sionista -, se pueden encontrar referencias antisemitas. Ahora bien, el hecho de que muchos dirigentes de la extrema derecha apoyen a Israel y a su actual gobierno, no significa que no est\u00e9n caracterizados tambi\u00e9n por cierto antisemitismo. Parece absurdo pero se puede decir que hoy estamos frente a un antisemitismo sin antisemitas, es decir, nadie quiere declararse antisemita, aunque a menudo expresa ciertos estereotipos de ese signo.<\/p>\n<\/div>\n<div id=\"element-body-2\">\n<p><strong><em>-\u00bfExiste alg\u00fan punto en com\u00fan entre la persecuci\u00f3n al pueblo jud\u00edo durante el siglo XX y lo que hoy sucede con los inmigrantes en algunos pa\u00edses de Europa o Estados Unidos?<\/em><\/strong><\/p>\n<\/div>\n<div id=\"element-body-3\">\n<p>-Hoy en d\u00eda, en muchos pa\u00edses, vemos actitudes xen\u00f3fobas y racistas. Hay miedo, acompa\u00f1ado de odio, hacia los \u201cotros\u201d inmigrantes o for\u00e1neos. En este sentido, muchos de los discursos que se escuchan nos recuerdan a los a\u00f1os \u201930 del siglo XX en Europa o al per\u00edodo de entreguerras. Sin embargo, el contexto es distinto. Los agentes para la distribuci\u00f3n de los mensajes racistas y xen\u00f3fobos son otros. Adem\u00e1s, el autoritarismo que caracteriza a ciertos gobiernos actuales es diferente de lo que se conoci\u00f3 en aquella \u00e9poca. La comparaci\u00f3n es v\u00e1lida siempre y cuando tambi\u00e9n se ponga \u00e9nfasis en las diferencias entre el pasado y el presente.<\/p>\n<\/div>\n<div id=\"element-body-4\">\n<p><strong><em>-Hay quienes plantean que existe una crisis en los valores de la cultura occidental, \u00bfqu\u00e9 opina al respecto?<\/em><\/strong><\/p>\n<\/div>\n<div id=\"element-body-5\">\n<p>-Estamos en un momento hist\u00f3rico en el que se debaten los valores claves de la civilizaci\u00f3n occidental. A partir de la finalizaci\u00f3n de la segunda guerra mundial se cre\u00f3 un consenso respecto a los compromisos que tiene el Estado frente a la sociedad y los individuos, en torno a ciertos derechos civiles y humanos, a valores que enfatizan la tolerancia y el pluralismo, y a una democracia parlamentaria que reconoce los derechos de las minor\u00edas. Hoy en d\u00eda, hay muchos sectores, partidos pol\u00edticos, agrupaciones o individuos que cuestionan algunos de estos valores. Esto se vincula con una creciente influencia de la religi\u00f3n. Muchos hemos cre\u00eddo que el progreso y la modernidad ir\u00edan en detrimento del poder religioso. Sin embargo, en las \u00faltimas d\u00e9cadas se observa una marcada influencia de la religi\u00f3n y un creciente fundamentalismo religioso. Por eso es dif\u00edcil convencer a ciertos grupos de la necesidad de respetar a las minor\u00edas.<\/p>\n<\/div>\n<div id=\"element-body-6\">\n<p><strong><em>-\u00bfQu\u00e9 cambi\u00f3 en el mundo desde el ataque de Ham\u00e1s a Israel del 7 de octubre de 2023 y ahora, con la guerra entre Israel e Ir\u00e1n?<\/em><\/strong><\/p>\n<\/div>\n<div id=\"element-body-7\">\n<p>-Se notan varios cambios. Por un lado, la masacre cometida por los terroristas de Ham\u00e1s logr\u00f3 instalar nuevamente el tema palestino en el centro de los debates internacionales. Por algunos a\u00f1os, pareci\u00f3 posible avanzar en el dise\u00f1o de un nuevo Medio Oriente sin la necesidad de establecer un Estado palestino independiente y soberano. Durante la primera administraci\u00f3n de Donald Trump se alcanz\u00f3 un acuerdo de paz entre Israel y algunos emiratos en el Golfo P\u00e9rsico. El ataque del 7 de octubre de 2023 nos fuerza a todos, israel\u00edes y no israel\u00edes, a repensar la necesidad de un di\u00e1logo con los palestinos, sabiendo que Ham\u00e1s no necesariamente representa a todos los palestinos. Otro cambio tiene que ver con el status y la imagen del Estado de Israel en la escena internacional: muchos de los que sol\u00edan criticar al gobierno israel\u00ed de turno, ahora empiezan a cuestionar la legitimidad de un Estado jud\u00edo en Medio Oriente, sobre todos quienes adoptan el slogan de Ham\u00e1s \u201cDel r\u00edo al mar\u201d, es decir,  aniquilar el Estado de Israel. En cuanto al conflicto con Ir\u00e1n surgen preguntas. Una de ellas tiene que ver con la visi\u00f3n que tiene Israel sobre su futuro en Medio Oriente. Las operaciones militares pueden evitar peligros inminentes, pero solo un verdadero anhelo de paz, concretado mediante una pol\u00edtica de negociaci\u00f3n con los palestinos, sirios y libaneses, as\u00ed como con las potencias regionales Turqu\u00eda e Ir\u00e1n, podr\u00eda asegurar un nuevo Medio Oriente y reducir el poder de influencia de los fundamentalistas, sean estos sun\u00edes, chi\u00edtas o jud\u00edos.<\/p>\n<\/div>\n<div id=\"element-body-8\">\n<p><strong><em>-Cambiando el \u00e1ngulo de tema, \u00bfqu\u00e9 significado le da al acercamiento del presidente Javier Milei al juda\u00edsmo?<\/em><\/strong><\/p>\n<\/div>\n<div id=\"element-body-9\">\n<p>-El juda\u00edsmo, como el cristianismo o el islam, contiene una gran variedad de corrientes y opiniones. Es una polifon\u00eda de voces respecto a distintos temas. Dentro del juda\u00edsmo ortodoxo, Javier Milei opt\u00f3 por una corriente minoritaria. Y al hacerlo ha ignorado por completo que la mayor\u00eda de los jud\u00edos no son ortodoxos. Esto ha causado cierto malestar entre muchos jud\u00edos, sean argentinos o no, tanto en el pa\u00eds como en el exterior. La elecci\u00f3n adoptada por el presidente fue muy particular, y la misma tiene su precio pol\u00edtico y social.<\/p>\n<\/div>\n<div id=\"element-body-10\">\n<p><strong><em>-Usted ha estudiado largamente el peronismo y el populismo. \u00bfes el mile\u00edsmo una reacci\u00f3n o una continuidad?<\/em><\/strong><\/p>\n<\/div>\n<div id=\"element-body-11\">\n<p>-Depende de si se analiza al populismo respecto a sus formas y estilos o si, tambi\u00e9n, se incluyen los contenidos del mismo. En las formas, s\u00ed, podemos caracterizar a Javier Milei como un dirigente populista: en la manera de movilizar apoyos a sus pol\u00edticas; en el intento de polarizar a la sociedad; en buscar siempre un enemigo imaginario o real; en su intento de generar un lazo directo con las masas sin la intermediaci\u00f3n de un partido pol\u00edtico. Ahora bien, el populismo latinoamericano del siglo XX, incluido el peronismo, le asignaba al Estado un rol importante en la vida econ\u00f3mica y social del pa\u00eds, intentando incluir a sectores sociales y \u00e9tnicos que estaban en los m\u00e1rgenes del sistema pol\u00edtico. Por su parte, Milei y los populistas de extrema derecha de hoy en d\u00eda &#8211; desde Trump hasta algunos dirigentes europeos -, no quieren que el Estado juegue un papel importante. Pero adem\u00e1s adoptan pol\u00edticas de xenofobia, odio hacia los extranjeros. <\/p>\n<\/div>\n<div id=\"element-body-13\">\n<p>Raanan Rein es historiador. Titular de la C\u00e1tedra El\u00edas Sourasky de Historia Espa\u00f1ola y Latinoamericana en la Universidad de Tel Aviv (Israel). Fue vicepresidente de esa casa de estudios. Es miembro correspondiente de la Academia Nacional de la Historia de la Argentina. Fue presidente de la Latin American Jewish Studies Association (LAJSA). Fue condecorado por el gobierno argentino con el grado de Comendador en la Orden del Libertador San Mart\u00edn por su aporte a la cultura argentina. Entre sus libros se destaca \u201cArgentina, Israel y los jud\u00edos\u201d. Junto a Pablo M\u00e9ndez Shiff, compil\u00f3 \u201cLas fuerzas del cielo. Argentina, Milei y los jud\u00edos (Ed. Milena Caserola, 2024).<\/p>\n<\/div>\n<p><br \/>\n<br \/><a href=\"https:\/\/www.clarin.com\/opinion\/raanan-rein-momento-historico-debaten-valores-claves-civilizacion-occidental_0_JzrBNRnLEE.html\">Fuente Clarin.com <\/a><\/p>\n","protected":false},"excerpt":{"rendered":"<p>-\u00bfEncuentra alg\u00fan v\u00ednculo entre el antisemitismo y el avance de fuerzas pol\u00edticas o gobiernos de extrema derecha a escala global? -Es una pregunta m\u00e1s compleja de lo que se suele pensar. Tradicionalmente, las fuerzas de extrema derecha, en distintos pa\u00edses, se caracterizaban por su antisemitismo. En el contexto actual, muchos de los movimientos de extrema [&hellip;]<\/p>\n","protected":false},"author":1,"featured_media":35841,"comment_status":"open","ping_status":"open","sticky":false,"template":"","format":"standard","meta":{"footnotes":""},"categories":[2],"tags":[7188,975,20001,4376,752,28,1454,15447,9630],"class_list":["post-35840","post","type-post","status-publish","format-standard","has-post-thumbnail","hentry","category-ultimas-noticias","tag-civilizacion","tag-claves","tag-debaten","tag-estamos","tag-historico","tag-los","tag-momento","tag-occidental","tag-valores"],"_links":{"self":[{"href":"https:\/\/13.com.ar\/index.php\/wp-json\/wp\/v2\/posts\/35840","targetHints":{"allow":["GET"]}}],"collection":[{"href":"https:\/\/13.com.ar\/index.php\/wp-json\/wp\/v2\/posts"}],"about":[{"href":"https:\/\/13.com.ar\/index.php\/wp-json\/wp\/v2\/types\/post"}],"author":[{"embeddable":true,"href":"https:\/\/13.com.ar\/index.php\/wp-json\/wp\/v2\/users\/1"}],"replies":[{"embeddable":true,"href":"https:\/\/13.com.ar\/index.php\/wp-json\/wp\/v2\/comments?post=35840"}],"version-history":[{"count":0,"href":"https:\/\/13.com.ar\/index.php\/wp-json\/wp\/v2\/posts\/35840\/revisions"}],"wp:featuredmedia":[{"embeddable":true,"href":"https:\/\/13.com.ar\/index.php\/wp-json\/wp\/v2\/media\/35841"}],"wp:attachment":[{"href":"https:\/\/13.com.ar\/index.php\/wp-json\/wp\/v2\/media?parent=35840"}],"wp:term":[{"taxonomy":"category","embeddable":true,"href":"https:\/\/13.com.ar\/index.php\/wp-json\/wp\/v2\/categories?post=35840"},{"taxonomy":"post_tag","embeddable":true,"href":"https:\/\/13.com.ar\/index.php\/wp-json\/wp\/v2\/tags?post=35840"}],"curies":[{"name":"wp","href":"https:\/\/api.w.org\/{rel}","templated":true}]}}