{"id":35838,"date":"2025-06-21T19:05:33","date_gmt":"2025-06-21T22:05:33","guid":{"rendered":"https:\/\/13.com.ar\/index.php\/privados-de-privacidad\/"},"modified":"2025-06-21T19:05:33","modified_gmt":"2025-06-21T22:05:33","slug":"privados-de-privacidad","status":"publish","type":"post","link":"https:\/\/13.com.ar\/index.php\/privados-de-privacidad\/","title":{"rendered":"Privados de privacidad"},"content":{"rendered":"<p> <br \/>\n<br \/><img decoding=\"async\" src=\"https:\/\/13.com.ar\/wp-content\/uploads\/2025\/06\/Privados-de-privacidad.jpg\" \/><\/p>\n<div id=\"element-body-0\">\n<p>Para algunos, son solo recuerdos: fotos, videos, emociones. Para otros, es informaci\u00f3n valiosa: datos comercializables, materia prima monetizable.<\/p>\n<\/div>\n<div id=\"element-body-1\">\n<p>Hoy, la primera imagen que una persona sube a redes suele ser una ecograf\u00eda. Mam\u00e1 y pap\u00e1 colocan la piedra fundacional de su huella digital antes del nacimiento. Al a\u00f1o, ese beb\u00e9 ya aparece en m\u00e1s de 100 fotos y videos compartidos por familiares. Antes de terminar el jard\u00edn, su rutina, uniforme escolar y colegio ya son p\u00fablicos.<\/p>\n<\/div>\n<div id=\"element-body-2\">\n<p>Al llegar a la adolescencia, ese mismo ni\u00f1o tendr\u00e1 m\u00e1s de 1000 fotos en l\u00ednea. Cientos de personas \u2014muchas de ellas desconocidas\u2014 sabr\u00e1n qu\u00e9 le gusta, qu\u00e9 lo frustra, qu\u00e9 sue\u00f1a.<\/p>\n<\/div>\n<div id=\"element-body-3\">\n<p>En Instagram se comparten m\u00e1s de 100 millones de fotos y videos al d\u00eda, 1.000 por segundo. Desde 2010, ya se han subido m\u00e1s de 50 mil millones. Y muchos adolescentes manejan dos cuentas: una p\u00fablica y otra secreta, incluso dos dispositivos diferentes, sin que sus padres lo sepan. La duplicaci\u00f3n de perfiles y pantallas va de la mano con una mayor exposici\u00f3n y p\u00e9rdida de privacidad.<\/p>\n<\/div>\n<div id=\"element-body-4\">\n<p>Las empresas recopilan mucho m\u00e1s que nombre, mail o fecha de nacimiento. Capturan rostros, voces, entornos, gustos, mascotas, pasatiempos\u2026 incluso h\u00e1bitos \u00edntimos o v\u00ednculos sociales. Algunas apps almacenan im\u00e1genes faciales para permitir el acceso a la plataforma. Cada vez que se usa un filtro en TikTok o Instagram, se escanean los movimientos faciales para generar una imagen hiperrealista. Otras aplicaciones piden acceso total a la galer\u00eda, rastrean lugares, personas, intereses y ajustan anuncios en consecuencia.<\/p>\n<\/div>\n<div id=\"element-body-5\">\n<p>Por eso, es fundamental que los padres y cuidadores ejerzan una supervisi\u00f3n activa y consciente. Establecer l\u00edmites claros y abrir espacios de di\u00e1logo es una forma de defensa frente a un ecosistema que captura datos incluso antes de que sepamos hablar.<\/p>\n<\/div>\n<div id=\"element-body-6\">\n<p>Si tu apariencia no es suficiente, algunas marcas quieren saber c\u00f3mo suena tu voz. Seg\u00fan el Centro de Estudios en Ciberentornos y Sociedad Digital, el 65% de los padres entrega pantallas a sus hijos desde los 4-5 a\u00f1os, y a los 11 ya son usuarios intensivos. La privacidad parece una batalla perdida, m\u00e1s a\u00fan si quienes la vulneran son nuestros propios padres.<\/p>\n<\/div>\n<div id=\"element-body-7\">\n<p>La industria de la vigilancia no distingue entre el bien y el mal, y su poder crece. Nuestra huella digital existe incluso antes de nacer y terminar\u00e1 definiendo qui\u00e9nes somos. Para muchos, las fotos y videos son solo recuerdos, pero compartir sin conciencia puede derivar en p\u00e9rdida de privacidad, acoso o suplantaci\u00f3n de identidad. Padres y cuidadores deben repensar c\u00f3mo la exposici\u00f3n y el uso no controlado de tecnolog\u00eda afectan la salud de los menores. La industria, las instituciones y el Estado deben actuar, pero mientras tanto, la familia sigue siendo el primer refugio. Hablar y escuchar es una de las pocas herramientas de prevenci\u00f3n.<\/p>\n<\/div>\n<div id=\"element-body-8\">\n<p>Finalmente, las aplicaciones realmente peligrosas para ni\u00f1os se cuentan por decenas, al igual que aquellas que utilizan secretamente, apps desconocidas por los padres, adem\u00e1s del lenguaje secreto que los menores de edad utilizan en redes sociales para evitar la supervisi\u00f3n de sus padres.<\/p>\n<\/div>\n<div id=\"element-body-9\">\n<p><em>Gabriel Zurdo es CEO de BTR Consulting. Especialista en ciber-seguridad.<\/em><\/p>\n<\/div>\n<p><br \/>\n<br \/><a href=\"https:\/\/www.clarin.com\/opinion\/privados-privacidad_0_Vqjx9qN6Qi.html\">Fuente Clarin.com <\/a><\/p>\n","protected":false},"excerpt":{"rendered":"<p>Para algunos, son solo recuerdos: fotos, videos, emociones. Para otros, es informaci\u00f3n valiosa: datos comercializables, materia prima monetizable. Hoy, la primera imagen que una persona sube a redes suele ser una ecograf\u00eda. Mam\u00e1 y pap\u00e1 colocan la piedra fundacional de su huella digital antes del nacimiento. Al a\u00f1o, ese beb\u00e9 ya aparece en m\u00e1s de [&hellip;]<\/p>\n","protected":false},"author":1,"featured_media":35839,"comment_status":"open","ping_status":"open","sticky":false,"template":"","format":"standard","meta":{"footnotes":""},"categories":[2],"tags":[21855,903],"class_list":["post-35838","post","type-post","status-publish","format-standard","has-post-thumbnail","hentry","category-ultimas-noticias","tag-privacidad","tag-privados"],"_links":{"self":[{"href":"https:\/\/13.com.ar\/index.php\/wp-json\/wp\/v2\/posts\/35838","targetHints":{"allow":["GET"]}}],"collection":[{"href":"https:\/\/13.com.ar\/index.php\/wp-json\/wp\/v2\/posts"}],"about":[{"href":"https:\/\/13.com.ar\/index.php\/wp-json\/wp\/v2\/types\/post"}],"author":[{"embeddable":true,"href":"https:\/\/13.com.ar\/index.php\/wp-json\/wp\/v2\/users\/1"}],"replies":[{"embeddable":true,"href":"https:\/\/13.com.ar\/index.php\/wp-json\/wp\/v2\/comments?post=35838"}],"version-history":[{"count":0,"href":"https:\/\/13.com.ar\/index.php\/wp-json\/wp\/v2\/posts\/35838\/revisions"}],"wp:featuredmedia":[{"embeddable":true,"href":"https:\/\/13.com.ar\/index.php\/wp-json\/wp\/v2\/media\/35839"}],"wp:attachment":[{"href":"https:\/\/13.com.ar\/index.php\/wp-json\/wp\/v2\/media?parent=35838"}],"wp:term":[{"taxonomy":"category","embeddable":true,"href":"https:\/\/13.com.ar\/index.php\/wp-json\/wp\/v2\/categories?post=35838"},{"taxonomy":"post_tag","embeddable":true,"href":"https:\/\/13.com.ar\/index.php\/wp-json\/wp\/v2\/tags?post=35838"}],"curies":[{"name":"wp","href":"https:\/\/api.w.org\/{rel}","templated":true}]}}