{"id":35829,"date":"2025-06-21T18:44:32","date_gmt":"2025-06-21T21:44:32","guid":{"rendered":"https:\/\/13.com.ar\/index.php\/a-la-defensa-de-la-dolce-vita-espanola\/"},"modified":"2025-06-21T18:44:32","modified_gmt":"2025-06-21T21:44:32","slug":"a-la-defensa-de-la-dolce-vita-espanola","status":"publish","type":"post","link":"https:\/\/13.com.ar\/index.php\/a-la-defensa-de-la-dolce-vita-espanola\/","title":{"rendered":"\u00a1A la defensa de la Dolce Vita espa\u00f1ola!"},"content":{"rendered":"<p> <br \/>\n<br \/><img decoding=\"async\" src=\"https:\/\/13.com.ar\/wp-content\/uploads\/2025\/06\/\u00a1A-la-defensa-de-la-Dolce-Vita-espanola.jpg\" \/><\/p>\n<div id=\"element-body-0\">\n<p>Ac\u00e1 en Barcelona tenemos una plaga de argentinos, como les digo cuando me encuentro con uno de ellos, que es casi todos los d\u00edas. Para m\u00ed es una cosa buena. Enriquece la fauna urbana. Vienen, con sus pasaportes italianos, en b\u00fasqueda de la dolce vita. Los veo felices, y con raz\u00f3n.<\/p>\n<\/div>\n<div id=\"element-body-1\">\n<p>El d\u00eda a d\u00eda en Espa\u00f1a es imbatible. En las tres cosas m\u00e1s importantes de la vida -familia, comida y f\u00fatbol- es una superpotencia. Ah, y en salud, donde tambi\u00e9n es de clase mundial. Y aunque los nativos no dejan de quejarse (porque si no qu\u00e9 aburrida que ser\u00eda la vida, \u00bfno?) el pa\u00eds va como una moto. Tanto The Economist como The Financial Times no dejan de decir que la econom\u00eda espa\u00f1ola es la m\u00e1s din\u00e1mica de Europa.<\/p>\n<\/div>\n<div id=\"element-body-2\">\n<p>Lo curioso para m\u00ed es la discrepancia entre lo fuerte que es Espa\u00f1a en tantas categor\u00edas y lo poco, o nada, que pinta en pol\u00edtica internacional.<\/p>\n<\/div>\n<div id=\"element-body-3\">\n<p>Lo volveremos a constatar esta semana cuando el presidente de Gobierno espa\u00f1ol, Pedro S\u00e1nchez, se presente en La Haya para participar en una cumbre de la OTAN. De los 32 Estados de la OTAN Espa\u00f1a es el que menos contribuye en defensa como porcentaje (1,3) de su Producto Interno Bruto. Y S\u00e1nchez acaba de decir que, pese al consenso entre sus aliados de que el fen\u00f3meno Putin les obliga a pagar mucho m\u00e1s, Espa\u00f1a se planta.<\/p>\n<\/div>\n<div id=\"element-body-4\">\n<p>Dos por ciento es lo que la OTAN pide hoy y pese a al rechazo de la izquierda m\u00e1s izquierdosa, el Gobierno espa\u00f1ol lo acepta, a rega\u00f1adientes; el cinco por ciento es lo que pide de aqu\u00ed a 2032, y eso casi todos los espa\u00f1oles lo rechazan. S\u00e1nchez dijo en una carta al secretario general de la OTAN que de eso ni hablar, que ser\u00eda \u201cirresponsable\u201d sucumbir a semejante \u201csacrificio\u201d. \u00bfPor qu\u00e9? Porque pondr\u00eda en riesgo la dulce calidad de vida espa\u00f1ola.<\/p>\n<\/div>\n<div id=\"element-body-5\">\n<p>Como contrapartida tenemos el caso de Canad\u00e1, donde tambi\u00e9n viven muy bien. El primer ministro canadiense, Mark Carney (de centroizquierda, como S\u00e1nchez), fue recibido con aplausos un\u00e1nimes en su pa\u00eds cuando anunci\u00f3 esta semana que su pa\u00eds llegar\u00e1 a la cifra de dos por ciento este mismo a\u00f1o. Canad\u00e1, junto a la mayor\u00eda de los pa\u00edses europeos, tiene una noci\u00f3n diferente a la de Espa\u00f1a respecto a los que es la responsabilidad y la irresponsabilidad. Quiz\u00e1 Espa\u00f1a tenga raz\u00f3n y los dem\u00e1s se equivoquen.<\/p>\n<\/div>\n<div id=\"element-body-6\">\n<p>Veamos los argumentos a favor de gastar m\u00e1s en defensa, basados todos en una interpretaci\u00f3n de lo que significa para el mundo la invasi\u00f3n rusa de Ucrania. Nadie los ha expuesto con m\u00e1s lucidez que el c\u00e9lebre historiador Yuval Noah Harari. Aqu\u00ed va un resumen.<\/p>\n<\/div>\n<div id=\"element-body-7\">\n<p>Como met\u00e1fora de la guerra en Ucrania imaginemos a un grandote que se enfrenta en el patio de colegio a un ni\u00f1o peque\u00f1o. Se forma un c\u00edrculo a su alrededor y algunos intervienen a favor del chiquito, otros no. El precio de no intervenir es que la fuerza se impondr\u00e1 como norma en el colegio. Si Putin gana en Ucrania (sea cual sea la definici\u00f3n exacta de victoria), veremos replicantes de \u00e9l por el mundo entero. Si Putin pierde el mensaje ser\u00e1 que la pol\u00edtica del bully no tiene recompensa. Lo que est\u00e1 en juego es la democracia y los valores liberales que tan bien han servido a pa\u00edses como Espa\u00f1a, que sabe mejor que muchos lo que significa vivir bajo un r\u00e9gimen similar al ruso.<\/p>\n<\/div>\n<div id=\"element-body-8\">\n<p>Putin significa el retorno de un monstruo que mand\u00f3 en la Tierra durante la mayor parte de la historia humana, pero en \u00e9pocas recientes fue derrotado y exiliado. Hablamos del imperialismo, del imperialismo m\u00e1s elemental, aquel del pa\u00eds fuerte que invade un pa\u00eds d\u00e9bil, lo conquista y lo coloniza. Como Roma en su d\u00eda, como Espa\u00f1a, como Inglaterra, como pretende Rusia en Ucrania hoy.<\/p>\n<\/div>\n<div id=\"element-body-9\">\n<p>Putin est\u00e1 intentando que el imperialismo cl\u00e1sico vuelva a estar de moda. Si se impone veremos una epidemia mundial de gasto militar, sea por razones ofensivas o  defensivas. Lo cual obligar\u00e1 a dar marcha atr\u00e1s a una tendencia admirablemente civilizadora de la humanidad, sin precedentes hasta el siglo XXI, de invertir m\u00e1s en el bienestar social que en armas. Para resumir, si no gastamos bastante m\u00e1s en aviones de guerra y drones hoy, dentro de poco gastaremos much\u00edsimo menos en medicina y educaci\u00f3n.<\/p>\n<\/div>\n<div id=\"element-body-10\">\n<p>\u00c9ste es b\u00e1sicamente el argumento de la gran mayor\u00eda de los gobiernos de Europa y de la OTAN. Espa\u00f1a discrepa.<\/p>\n<\/div>\n<div id=\"element-body-11\">\n<p>Ucrania queda lejos y Putin ser\u00e1 un tirano pero poco nos afecta a nosotros. Hay un principio en juego, s\u00ed, pero de principios no se come. Mejor quedarnos al margen e ir a lo nuestro. Esta es la posici\u00f3n espa\u00f1ola, y no solo la de la izquierda. Hace unos d\u00edas hablaba con un embajador europeo que se declar\u00f3 at\u00f3nito ante la ausencia de una pol\u00edtica definida del principal partido de oposici\u00f3n, el Partido Popular, respecto a lo que en el resto del continente se considera la cuesti\u00f3n m\u00e1s apremiante de nuestros tiempos: c\u00f3mo contrarrestar la amenaza rusa.<\/p>\n<\/div>\n<div id=\"element-body-12\">\n<p>El embajador me dijo que no ten\u00eda ni idea de lo que pensaba sobre este tema, o siquiera si pensaba en \u00e9l, el partido que podr\u00eda pronto volver a liderar el gobierno espa\u00f1ol. Al menos s\u00ed sabe lo que piensan los aliados de S\u00e1nchez a su izquierda: \u201cno a la guerra\u201d, \u201cno a las armas\u201d, como siempre. Es comprensible. Todos queremos la paz y en el caso espa\u00f1ol est\u00e1 el recuerdo, no tan lejano, de que los pa\u00edses de Europa occidental no acudieron a la defensa de la rep\u00fablica contra Franco. \u00bfAhora quieren que acudamos a la defensa de Ucrania? Que se jodan.<\/p>\n<\/div>\n<div id=\"element-body-13\">\n<p>Es comprensible tambi\u00e9n, tanto en la derecha como en la izquierda, porque en Espa\u00f1a vivimos muy bien y todos queremos que la fiesta no pare. Por eso yo vivo ac\u00e1. La dolce vita es irresistible. Pero de vez en cuando siento la obligaci\u00f3n de recordar que la vida es dura y que la pol\u00edtica no es siempre un juego y por eso he viajado un par de veces a Ucrania en los \u00faltimos dos a\u00f1os y pienso volver otra vez en septiembre. Recomiendo a amigos espa\u00f1oles (y argentinos) que hagan lo mismo. Se lo recomendar\u00eda tambi\u00e9n a los pol\u00edticos. Vayan, y despu\u00e9s hablamos.<\/p>\n<\/div>\n<p><br \/>\n<br \/><a href=\"https:\/\/www.clarin.com\/opinion\/defensa-dolce-vita-espanola_0_5FpkzlzszS.html\">Fuente Clarin.com <\/a><\/p>\n","protected":false},"excerpt":{"rendered":"<p>Ac\u00e1 en Barcelona tenemos una plaga de argentinos, como les digo cuando me encuentro con uno de ellos, que es casi todos los d\u00edas. Para m\u00ed es una cosa buena. Enriquece la fauna urbana. Vienen, con sus pasaportes italianos, en b\u00fasqueda de la dolce vita. Los veo felices, y con raz\u00f3n. El d\u00eda a d\u00eda [&hellip;]<\/p>\n","protected":false},"author":1,"featured_media":35830,"comment_status":"open","ping_status":"open","sticky":false,"template":"","format":"standard","meta":{"footnotes":""},"categories":[2],"tags":[4776,21850,772,21851],"class_list":["post-35829","post","type-post","status-publish","format-standard","has-post-thumbnail","hentry","category-ultimas-noticias","tag-defensa","tag-dolce","tag-espanola","tag-vita"],"_links":{"self":[{"href":"https:\/\/13.com.ar\/index.php\/wp-json\/wp\/v2\/posts\/35829","targetHints":{"allow":["GET"]}}],"collection":[{"href":"https:\/\/13.com.ar\/index.php\/wp-json\/wp\/v2\/posts"}],"about":[{"href":"https:\/\/13.com.ar\/index.php\/wp-json\/wp\/v2\/types\/post"}],"author":[{"embeddable":true,"href":"https:\/\/13.com.ar\/index.php\/wp-json\/wp\/v2\/users\/1"}],"replies":[{"embeddable":true,"href":"https:\/\/13.com.ar\/index.php\/wp-json\/wp\/v2\/comments?post=35829"}],"version-history":[{"count":0,"href":"https:\/\/13.com.ar\/index.php\/wp-json\/wp\/v2\/posts\/35829\/revisions"}],"wp:featuredmedia":[{"embeddable":true,"href":"https:\/\/13.com.ar\/index.php\/wp-json\/wp\/v2\/media\/35830"}],"wp:attachment":[{"href":"https:\/\/13.com.ar\/index.php\/wp-json\/wp\/v2\/media?parent=35829"}],"wp:term":[{"taxonomy":"category","embeddable":true,"href":"https:\/\/13.com.ar\/index.php\/wp-json\/wp\/v2\/categories?post=35829"},{"taxonomy":"post_tag","embeddable":true,"href":"https:\/\/13.com.ar\/index.php\/wp-json\/wp\/v2\/tags?post=35829"}],"curies":[{"name":"wp","href":"https:\/\/api.w.org\/{rel}","templated":true}]}}