{"id":35824,"date":"2025-06-21T18:35:31","date_gmt":"2025-06-21T21:35:31","guid":{"rendered":"https:\/\/13.com.ar\/index.php\/en-medio-de-las-tensiones-por-cristina-kirchner-guillermo-francos-expondra-en-el-senado-la-semana-que-viene\/"},"modified":"2025-06-21T18:35:31","modified_gmt":"2025-06-21T21:35:31","slug":"en-medio-de-las-tensiones-por-cristina-kirchner-guillermo-francos-expondra-en-el-senado-la-semana-que-viene","status":"publish","type":"post","link":"https:\/\/13.com.ar\/index.php\/en-medio-de-las-tensiones-por-cristina-kirchner-guillermo-francos-expondra-en-el-senado-la-semana-que-viene\/","title":{"rendered":"En medio de las tensiones por Cristina Kirchner, Guillermo Francos expondr\u00e1 en el Senado la semana que viene"},"content":{"rendered":"<p> <br \/>\n<br \/><img decoding=\"async\" src=\"https:\/\/13.com.ar\/wp-content\/uploads\/2025\/06\/En-medio-de-las-tensiones-por-Cristina-Kirchner-Guillermo-Francos.jpg\" \/><\/p>\n<div id=\"element-body-0\">\n<p>En medio de las tensiones con el Gobierno tras la prisi\u00f3n efectiva de la ex presidenta <strong>Cristina Fern\u00e1ndez de Kirchner<\/strong>, el jefe de Gabinete <strong>Guillermo Francos <\/strong>expondr\u00e1 la semana que viene en el Senado.<\/p>\n<\/div>\n<div id=\"element-body-1\">\n<p>Desde<strong> la Casa Rosada hab\u00edan confirmado a Clar\u00edn que la fecha fue fijada hace tiempo y que no la iban a cambiar.<\/strong> Esta semana finalmente la vicepresidenta Victoria Villarruel convoc\u00f3 formalmente a la sesi\u00f3n para el <strong>jueves que viene a las 11.<\/strong><\/p>\n<\/div>\n<div id=\"element-body-2\">\n<p>Hace un mes ya recibi\u00f3 las preguntas por escrito y en la jefatura de Gabinete est\u00e1n preparando el informe final para enviarlo, como se acostumbra, en la previa a la exposici\u00f3n.<\/p>\n<\/div>\n<div id=\"element-body-3\">\n<p>En lo que va del a\u00f1o Francos solo fue una vez a Diputados, en abril, para presentar el informe sobre la marcha del Gobierno pero tambi\u00e9n asisti\u00f3 una segunda vez para ser interpelado por el caso del esc\u00e1ndalo de la criptomoneda $LIBRA. Mientras que<strong> la \u00faltima vez que pis\u00f3 el Senado fue en noviembre de 2024. <\/strong><\/p>\n<\/div>\n<div id=\"element-body-4\">\n<p>Con el tema de la prisi\u00f3n de CFK al rojo vivo, si bien Francos es uno de los funcionarios m\u00e1s medidos, es el jefe de ministros como Patricia Bullrich de Seguridad sobre quien recaen las peores acusaciones del kirchnerismo. &#8220;El fue es m\u00e1s respetuoso pero es la cara del Gobierno. Algo le vamos a tener que decir&#8221;, adelantan en Uni\u00f3n por la Patria.<\/p>\n<\/div>\n<div id=\"element-body-5\">\n<p>El reclamo de los gobernadores que como cont\u00f3 Clar\u00edn vienen preocupados por la recaudaci\u00f3n y las obras p\u00fablicas tambi\u00e9n se har\u00e1 sentir. Este lunes hay una nueva cumbre de mandatarios en el CFI.<\/p>\n<\/div>\n<div id=\"element-body-6\">\n<p>Mientras tanto, la C\u00e1mara Alta busca golpear al Gobierno con dos temas sensibles: quieren convertir en ley los proyectos de mejoras previsionales y la emergencia en discapacidad que ya tuvo luz verde en Diputados.<\/p>\n<\/div>\n<div id=\"element-body-7\">\n<p>Es una meta que el bloque de Uni\u00f3n por la Patria, que conduce Jos\u00e9 Mayans, se fij\u00f3 como prioridad en el encuentro con Cristina Kirchner, previo a su detenci\u00f3n domiciliaria. Sin embargo, viene demorada porque las comisiones que lo deben tratar est\u00e1n presididas por libertarios o aliados que no las convocan. Para poder tratarlo en el recinto necesitan tener dos tercios,<strong> un n\u00famero que por ahora no est\u00e1 garantizado.<\/strong><\/p>\n<\/div>\n<div id=\"element-body-8\">\n<p>Se trata del incremento del 7,2 % a todas las jubilaciones, la suba del bono actual de $ 70.000 a $ 110.000 y la pr\u00f3rroga de la moratoria previsional. <\/p>\n<\/div>\n<div id=\"element-body-9\">\n<p><strong>La visita, por su parte, oblig\u00f3 a cambiar los planes del plenario de comisiones que est\u00e1 discutiendo la ampliaci\u00f3n de la Corte Suprema<\/strong> que estaba convocado tambi\u00e9n para el jueves y a las 11.<\/p>\n<\/div>\n<div id=\"element-body-10\">\n<p>La semana pasada ya hab\u00edan tenido que cancelar la reuni\u00f3n por el fallo que el M\u00e1ximo Tribunal emiti\u00f3 sobre la ex presidenta. Esta vez optaron por adelantar el d\u00eda: se reunir\u00e1n el mi\u00e9rcoles a la ma\u00f1ana. Est\u00e1n invitados juristas y especialistas.<\/p>\n<\/div>\n<div id=\"element-body-11\">\n<p>En esta comisi\u00f3n el kirchnerismo se va a despachar contra los magistrados a los que CFK llam\u00f3 &#8220;triunvirato t\u00edtere&#8221;. Est\u00e1n, a su vez, exigiendo que se dictamine el proyecto esta misma semana. Acompa\u00f1ar\u00edan el del salte\u00f1o Juan Carlos Romero, que eleva a 7 la cantidad de miembros. Adem\u00e1s, fijar\u00edan la igualdad de g\u00e9nero para su elecci\u00f3n.<\/p>\n<\/div>\n<div id=\"element-body-12\">\n<p>En los \u00faltimos d\u00edas Francos declar\u00f3 que al Gobierno le hubiera gustado enfrentar a CFK en las urnas y le respondi\u00f3 a la ex vicepresidenta que dijo que la proscribieron porque &#8220;saben que pierden&#8221;. <\/p>\n<\/div>\n<div id=\"element-body-13\">\n<p>&#8220;Si Cristina tiene raz\u00f3n, en las elecciones de octubre el pueblo nos castigar\u00eda. Pienso lo contrario, creo que los argentinos apoyan la reforma de Javier Milei y que lo van a votar\u201d, lanz\u00f3 Francos.<\/p>\n<\/div>\n<div id=\"element-body-14\">\n<p>A su vez, <strong>el martes que viene el jefe de Gabinete encabezar\u00e1 el primer encuentro del Consejo de Mayo<\/strong> con legisladores, empresarios y gremialistas. El eje central es la reforma laboral que el Ejecutivo tiene en mente. Tambi\u00e9n hay en carpeta reformas tributarias y previsionales.<\/p>\n<\/div>\n<div id=\"element-body-15\">\n<p>El representante ser\u00e1 el ministro de Desregulaci\u00f3n y Transformaci\u00f3n del Estado, Federico Sturzenegger; el delegado de las provincias es el gobernador mendocino, Alfredo Cornejo, el de los sindicatos es el titular de la Uni\u00f3n Obrera de la Construcci\u00f3n (UOCRA), Gerardo Mart\u00ednez y por las entidades empresariales Mart\u00edn Rapallini de la UIA. Tambi\u00e9n van Cristian Ritondo, por la C\u00e1mara Baja y Carolina Losada por el Senado. <\/p>\n<\/div>\n<p><br \/>\n<br \/><a href=\"https:\/\/www.clarin.com\/politica\/medio-tensiones-cristina-kirchner-guillermo-francos-expondra-senado-semana-viene_0_oeICNtKHfJ.html\">Fuente Clarin.com <\/a><\/p>\n","protected":false},"excerpt":{"rendered":"<p>En medio de las tensiones con el Gobierno tras la prisi\u00f3n efectiva de la ex presidenta Cristina Fern\u00e1ndez de Kirchner, el jefe de Gabinete Guillermo Francos expondr\u00e1 la semana que viene en el Senado. Desde la Casa Rosada hab\u00edan confirmado a Clar\u00edn que la fecha fue fijada hace tiempo y que no la iban a [&hellip;]<\/p>\n","protected":false},"author":1,"featured_media":35825,"comment_status":"open","ping_status":"open","sticky":false,"template":"","format":"standard","meta":{"footnotes":""},"categories":[2],"tags":[497,19406,5190,3520,1381,48,1224,142,982,5153,3656,436],"class_list":["post-35824","post","type-post","status-publish","format-standard","has-post-thumbnail","hentry","category-ultimas-noticias","tag-cristina","tag-expondra","tag-francos","tag-guillermo","tag-kirchner","tag-las","tag-medio","tag-por","tag-semana","tag-senado","tag-tensiones","tag-viene"],"_links":{"self":[{"href":"https:\/\/13.com.ar\/index.php\/wp-json\/wp\/v2\/posts\/35824","targetHints":{"allow":["GET"]}}],"collection":[{"href":"https:\/\/13.com.ar\/index.php\/wp-json\/wp\/v2\/posts"}],"about":[{"href":"https:\/\/13.com.ar\/index.php\/wp-json\/wp\/v2\/types\/post"}],"author":[{"embeddable":true,"href":"https:\/\/13.com.ar\/index.php\/wp-json\/wp\/v2\/users\/1"}],"replies":[{"embeddable":true,"href":"https:\/\/13.com.ar\/index.php\/wp-json\/wp\/v2\/comments?post=35824"}],"version-history":[{"count":0,"href":"https:\/\/13.com.ar\/index.php\/wp-json\/wp\/v2\/posts\/35824\/revisions"}],"wp:featuredmedia":[{"embeddable":true,"href":"https:\/\/13.com.ar\/index.php\/wp-json\/wp\/v2\/media\/35825"}],"wp:attachment":[{"href":"https:\/\/13.com.ar\/index.php\/wp-json\/wp\/v2\/media?parent=35824"}],"wp:term":[{"taxonomy":"category","embeddable":true,"href":"https:\/\/13.com.ar\/index.php\/wp-json\/wp\/v2\/categories?post=35824"},{"taxonomy":"post_tag","embeddable":true,"href":"https:\/\/13.com.ar\/index.php\/wp-json\/wp\/v2\/tags?post=35824"}],"curies":[{"name":"wp","href":"https:\/\/api.w.org\/{rel}","templated":true}]}}