{"id":35822,"date":"2025-06-21T18:32:30","date_gmt":"2025-06-21T21:32:30","guid":{"rendered":"https:\/\/13.com.ar\/index.php\/los-gobernadores-buscan-dejar-a-la-campora-afuera-del-armado-de-las-listas\/"},"modified":"2025-06-21T18:32:30","modified_gmt":"2025-06-21T21:32:30","slug":"los-gobernadores-buscan-dejar-a-la-campora-afuera-del-armado-de-las-listas","status":"publish","type":"post","link":"https:\/\/13.com.ar\/index.php\/los-gobernadores-buscan-dejar-a-la-campora-afuera-del-armado-de-las-listas\/","title":{"rendered":"los gobernadores buscan dejar a La C\u00e1mpora afuera del armado de las listas"},"content":{"rendered":"<p> <br \/>\n<\/p>\n<div id=\"cuerpo\">\n<div class=\"sc-45461e9c-0 eqiBeF container-text text-embed \" id=\"element-body-0\">\n<p>Luego del apoyo que le dieron a\u00a0<strong>Cristina Kirchner<\/strong> tras el fallo de la Corte Suprema de Justicia que ratific\u00f3 la condena a 6 a\u00f1os de prisi\u00f3n, <strong>los gobernadores comenzaron a operar y buscan desplazar del armado de las listas en sus provincias a la conducci\u00f3n de La C\u00e1mpora<\/strong>, que bajo el manto de la ex presidenta dar\u00e1 pelea dentro de la estructura del PJ.<\/p>\n<\/div>\n<div class=\"sc-45461e9c-0 eqiBeF container-text text-embed \" id=\"element-body-1\">\n<p>&#8220;Cristina sigue teniendo una centralidad importante a diferencia del resto. El problema es que <strong>La C\u00e1mpora buscar\u00e1 usufructuar eso y llegar a octubre con ese relato<\/strong>, no tienen muchas opciones&#8221;, confi\u00f3 a <strong>Clar\u00edn<\/strong> un importante dirigente del peronismo m\u00e1s ortodoxo. Por eso, los gobernadores y jefes territoriales preparan lanzas para no caer en esa trampa de la agrupaci\u00f3n que lidera <strong>M\u00e1ximo Kirchner<\/strong>.<\/p>\n<\/div>\n<div class=\"sc-45461e9c-0 eqiBeF container-text text-embed \" id=\"element-body-2\">\n<p>Los gobernadores exigieron al consejo partidario <strong>&#8220;m\u00e1s realismo en las estrategias nacionales del Partido Justicialista&#8221;<\/strong>. Lo que piden es que se respete la situaci\u00f3n de quienes deben administrar una provincia y tienen otro rol a la hora de definir la estrategia opositora en el Congreso como en la negociaci\u00f3n con el Gobierno.<\/p>\n<\/div>\n<div class=\"sc-45461e9c-0 eqiBeF container-text text-embed \" id=\"element-body-3\">\n<p>En la reuni\u00f3n que se hizo el martes pasado en la hist\u00f3rica sede de Matheu 130, los caciques provinciales fueron claros al dar su apoyo a\u00a0Cristina &#8220;en las actuales circunstancias&#8221;, al exigir que el peronismo construya <strong>&#8220;una propuesta program\u00e1tica&#8221;<\/strong> y que obviamente los incluya.<\/p>\n<\/div>\n<div class=\"sc-45461e9c-0 eqiBeF container-text text-embed \" id=\"element-body-4\">\n<p>Adem\u00e1s, los gobernadores pidieron que se respete su rol protag\u00f3nico por ser quienes tienen la legitimidad en sus territorios y reclamaron que <strong>&#8220;no se siga expulsando dirigentes solo porque piensan diferente&#8221;<\/strong> a la conducci\u00f3n. <strong>El iceberg de este punto es el fin de las intervenciones partidarias que impuls\u00f3 Cristina cuando presid\u00eda el PJ antes de quedar presa. <\/strong><\/p>\n<\/div>\n<div class=\"sc-45461e9c-0 eqiBeF container-text text-embed \" id=\"element-body-5\">\n<p>Este\u00a0escenario hace prever tensiones a la hora del armado de las listas de candidatos para las elecciones de octubre y el principal escollo sigue siendo La C\u00e1mpora, al menos as\u00ed lo interpreta un sector importante del peronismo.<\/p>\n<\/div>\n<p><h2>La pelea con La C\u00e1mpora<\/h2>\n<\/p>\n<div class=\"sc-45461e9c-0 eqiBeF container-text text-embed \" id=\"element-body-7\">\n<p>Uno de los ejemplos m\u00e1s emblem\u00e1ticos es el de Mendoza, donde la agrupaci\u00f3n es liderada por la senadora <strong>Anabel Fern\u00e1ndez Sagasti<\/strong>,\u00a0pero su rol qued\u00f3 agotado por la seguidilla de fracasos del PJ, que en las generales de 2023 obtuvo apenas el <strong>14,73% de los votos<\/strong>.<\/p>\n<\/div>\n<div class=\"sc-45461e9c-0 eqiBeF container-text text-embed \" id=\"element-body-8\">\n<p>Frente a esa situaci\u00f3n, la conducci\u00f3n del partido fue asumida por los intendentes, con\u00a0Emir F\u00e9lix a la cabeza. Mientras definen detalles internos, los jefes comunales\u00a0ya advirtieron que no habr\u00e1 lugares para el sector alineado con M\u00e1ximo Kirchner, que aspira a meterse en la pelea con la denominaci\u00f3n de Unidad Popular.<\/p>\n<\/div>\n<div class=\"sc-45461e9c-0 eqiBeF container-text text-embed \" id=\"element-body-9\">\n<p>Pero en el peronismo no pueden ocultar la bronca con La C\u00e1mpora porque entienden que en las provincias del interior carece de un poder de imposici\u00f3n y<strong> s\u00f3lo consigui\u00f3 ocupar lugares de poder a trav\u00e9s de una intervenci\u00f3n o por el manejo de la lapicera como se dio en los casos de Chubut, Jujuy y Corrientes.<\/strong><\/p>\n<\/div>\n<div class=\"sc-45461e9c-0 eqiBeF container-text text-embed \" id=\"element-body-10\">\n<p>En tanto, <strong>la pelea por la provincia de Buenos Aires ser\u00e1 un cap\u00edtulo aparte para el peronismo <\/strong>aunque est\u00e1 claro que las listas ser\u00e1n armadas con la aprobaci\u00f3n de Cristina. &#8220;Cada intendente tendr\u00e1 que ir al departamento de la ex presidenta para someterse a su voluntad, ceder y quedarse con la gobernabilidad local priorizando concejales&#8221;, anticiparon.<\/p>\n<\/div>\n<div class=\"sc-45461e9c-0 eqiBeF container-text text-embed \" id=\"element-body-11\">\n<p><strong>Axel Kicillof<\/strong> apuesta a defender su legitimidad de gesti\u00f3n y, por eso, apura un armado de listas locales fuertes para impulsar las n\u00f3minas provinciales, con un alto protagonismo de los intendentes, incluso siendo candidatos testimoniales.<\/p>\n<\/div>\n<div class=\"sc-98b114a2-0 bkqiHH image-embed  image-embed \" id=\"element-body-12\"><picture class=\"sc-98b114a2-1 jRUlDm\"><source media=\"(min-width: 975px)\" width=\"720\" height=\"480\" \/><img alt=\"En la Provincia no lo quieren a M\u00e1ximo Kirchner como candidato. Foto: Emmanuel Fern\u00e1ndez.\" loading=\"lazy\" width=\"720\" height=\"480\" decoding=\"async\" data-nimg=\"1\" style=\"color:transparent\" src=\"https:\/\/13.com.ar\/wp-content\/uploads\/2025\/06\/los-gobernadores-buscan-dejar-a-La-Campora-afuera-del-armado.jpg\"\/><span class=\"epigraphe\">En la Provincia no lo quieren a M\u00e1ximo Kirchner como candidato. Foto: Emmanuel Fern\u00e1ndez.<\/span><span class=\"picture-open\"><button class=\"open-image\" aria-label=\"Open Image\"\/><\/span><\/picture><\/div>\n<div class=\"sc-45461e9c-0 eqiBeF container-text text-embed \" id=\"element-body-13\">\n<p><strong>El Movimiento Derecho al Futuro, que responde al gobernador, rechaza la posibilidad de que M\u00e1ximo Kirchner sea el candidato que reemplace a Cristina en la tercera secci\u00f3n <\/strong>y a cambio estar\u00edan dispuestos a hacer alguna concesi\u00f3n en el armado de la lista nacional.<\/p>\n<\/div>\n<div class=\"sc-45461e9c-0 eqiBeF container-text text-embed \" id=\"element-body-14\">\n<p>Obviamente que la tercera pata en\u00a0la discusi\u00f3n la representa <strong>Sergio Massa<\/strong> que quiere quedarse con un tercio de los lugares si hay acuerdo de unidad, con el objetivo de colocar diputados y senadores provinciales.<\/p>\n<\/div>\n<div class=\"sc-45461e9c-0 eqiBeF container-text text-embed \" id=\"element-body-15\">\n<p>Lo cierto es que la decisi\u00f3n de Kicillof de dise\u00f1ar una estrategia local se replica en el resto de las provincias controladas por el peronismo, donde los gobernadores quieren ganar o estar muy cerca para despu\u00e9s de octubre ya comenzar a dise\u00f1ar el armado para 2027. <strong>&#8220;Si los gobernadores esperan que Cristina marque el camino estamos en un problema grave, eso solo le queda bien y c\u00f3modo a La C\u00e1mpora&#8221;,<\/strong> advirti\u00f3 un legislador.<\/p>\n<\/div>\n<div class=\"sc-45461e9c-0 eqiBeF container-text text-embed \" id=\"element-body-16\">\n<p>Sin embargo, <strong>los gobernadores no est\u00e1n dispuestos a ceder a las presiones de los K<\/strong> porque una mala elecci\u00f3n en el territorio complica la proyecci\u00f3n nacional y ser\u00e1 una traba para el armado del PJ con todos adentro.<\/p>\n<\/div>\n<div class=\"sc-45461e9c-0 eqiBeF container-text text-embed \" id=\"element-body-17\">\n<p>M\u00e1s all\u00e1 de la pulseada por las listas, las tensiones dentro del peronismo se mantienen aunque los\u00a0distintos sectores admiten que por\u00a0ahora nadie tiene esp\u00edritu de romper porque nadie quiere sacar los pies del plato, por lo que se descartan fugas en los bloques en Diputados como en el Senado, al menos antes de las elecciones de octubre.<\/p>\n<\/div>\n<p><h2>Cristina y el reconocimiento al apoyo de Kicillof y Quintela<\/h2>\n<\/p>\n<div class=\"sc-45461e9c-0 eqiBeF container-text text-embed \" id=\"element-body-19\">\n<p>Tras la marcha multitudinaria a Plaza de Mayo, el peronismo en sus diferentes versiones tuvo su foto de unidad, con la ex presidenta hablando desde su departamento donde cumple prisi\u00f3n domiciliaria, Axel Kicillof y Ricardo Quintela -sus adversarios dentro de la interna- entre la multitud, y la militancia ordenada en la calle.<\/p>\n<\/div>\n<div class=\"sc-45461e9c-0 eqiBeF container-text text-embed \" id=\"element-body-20\">\n<p>Quienes tuvieron contacto con Cristina en los \u00faltimos d\u00edas coincidieron en que el principal cambio es que ahora <strong>la jefa del PJ escucha a quienes la van a visitar<\/strong> en su nuevo b\u00fanker de 200 metros cuadrados del barrio de Constituci\u00f3n.<\/p>\n<\/div>\n<div class=\"sc-45461e9c-0 eqiBeF container-text text-embed \" id=\"element-body-21\">\n<p>En las reuniones que tuvo en los \u00faltimos d\u00edas, un legislador cercano a su entorno le hab\u00eda reprochado que estaba peleando &#8220;con los m\u00e1s leales&#8221;. La escena se registr\u00f3 el martes pasado, previo a que se conociera el fallo de la Corte, y un rato antes de que ingresaba al semipiso de la calle San Jos\u00e9 1111 el riojano Ricardo Quintela, con quien compiti\u00f3 en la interna partidaria pero nunca llam\u00f3 una vez que asumi\u00f3 la presidencia del PJ.<\/p>\n<\/div>\n<div class=\"sc-98b114a2-0 bkqiHH image-embed  image-embed \" id=\"element-body-22\"><picture class=\"sc-98b114a2-1 jRUlDm\"><source media=\"(min-width: 975px)\" width=\"720\" height=\"480\" \/><img alt=\"Ricardo Quintela en la marcha de apoyo a Cristina Kirchner. Foto: Marcelo Carroll.\" loading=\"lazy\" width=\"720\" height=\"480\" decoding=\"async\" data-nimg=\"1\" style=\"color:transparent\" src=\"https:\/\/13.com.ar\/wp-content\/uploads\/2025\/06\/1750541550_871_los-gobernadores-buscan-dejar-a-La-Campora-afuera-del-armado.jpg\"\/><span class=\"epigraphe\">Ricardo Quintela en la marcha de apoyo a Cristina Kirchner. Foto: Marcelo Carroll.<\/span><span class=\"picture-open\"><button class=\"open-image\" aria-label=\"Open Image\"\/><\/span><\/picture><\/div>\n<div class=\"sc-45461e9c-0 eqiBeF container-text text-embed \" id=\"element-body-23\">\n<p>Tambi\u00e9n fueron comentadas las presiones que sufri\u00f3 Axel Kicillof en las recientes visitas a la hist\u00f3rica sede de Matheu 130, donde los dirigentes que responden a M\u00e1ximo Kirchner repitieron que el gobernador bonaerense desconoc\u00eda la magnitud del momento que atraviesa Cristina por la presi\u00f3n judicial.<\/p>\n<\/div>\n<div class=\"sc-45461e9c-0 eqiBeF container-text text-embed \" id=\"element-body-24\">\n<p>&#8220;Las peleas de Cristina son con Formosa, con La Pampa, con Tierra del Fuego o con Santiago del Estero, que ella lo defini\u00f3 como su gran aliado&#8221;, reflexion\u00f3, con tono interrogativo, un legislador para remarcar que en la plaza del mi\u00e9rcoles estuvieron Quintela y Kicillof marchando en apoyo a la l\u00edder del peronismo y no <strong>Gildo Insfr\u00e1n<\/strong>, <strong>Sergio Ziliotto<\/strong>, <strong>Gustavo Melella<\/strong>, ni <strong>Gerardo Zamora<\/strong>.<\/p>\n<\/div>\n<div class=\"sc-45461e9c-0 eqiBeF container-text text-embed \" id=\"element-body-25\">\n<p>Pero una importante fuente del Senado advirti\u00f3 que el apoyo de los dirigentes del peronismo a Cristina <strong>&#8220;no elimina los problemas internos&#8221;<\/strong>. Y en todo caso, la resoluci\u00f3n de la Justicia fue tan grave para todos que provoc\u00f3 la reacci\u00f3n de los distintos sectores, m\u00e1s all\u00e1 de las consecuencias indescifrables en el corto y mediano plazo tendr\u00e1 hacia el interior del PJ.<\/p>\n<\/div>\n<div class=\"sc-45461e9c-0 eqiBeF container-text text-embed \" id=\"element-body-26\">\n<p>Para completar este informe, en el peronismo saben que la CGT va a seguir con su apoyo simb\u00f3lico, pese a la baja en las fuentes de trabajo y con sectores fuertemente golpeados. La misi\u00f3n es proteger las obras sociales que quedaron en crisis por el ajuste.<\/p>\n<\/div>\n<\/div>\n<p><br \/>\n<br \/><a href=\"https:\/\/www.clarin.com\/politica\/arde-interna-pj-gobernadores-buscan-dejar-campora-afuera-armado-listas_0_ZWdeodM9IT.html\">Fuente Clarin.com <\/a><\/p>\n","protected":false},"excerpt":{"rendered":"<p>Luego del apoyo que le dieron a\u00a0Cristina Kirchner tras el fallo de la Corte Suprema de Justicia que ratific\u00f3 la condena a 6 a\u00f1os de prisi\u00f3n, los gobernadores comenzaron a operar y buscan desplazar del armado de las listas en sus provincias a la conducci\u00f3n de La C\u00e1mpora, que bajo el manto de la ex [&hellip;]<\/p>\n","protected":false},"author":1,"featured_media":35823,"comment_status":"open","ping_status":"open","sticky":false,"template":"","format":"standard","meta":{"footnotes":""},"categories":[2],"tags":[7994,4410,3235,2663,6577,100,2769,48,5091,28],"class_list":["post-35822","post","type-post","status-publish","format-standard","has-post-thumbnail","hentry","category-ultimas-noticias","tag-afuera","tag-armado","tag-buscan","tag-campora","tag-dejar","tag-del","tag-gobernadores","tag-las","tag-listas","tag-los"],"_links":{"self":[{"href":"https:\/\/13.com.ar\/index.php\/wp-json\/wp\/v2\/posts\/35822","targetHints":{"allow":["GET"]}}],"collection":[{"href":"https:\/\/13.com.ar\/index.php\/wp-json\/wp\/v2\/posts"}],"about":[{"href":"https:\/\/13.com.ar\/index.php\/wp-json\/wp\/v2\/types\/post"}],"author":[{"embeddable":true,"href":"https:\/\/13.com.ar\/index.php\/wp-json\/wp\/v2\/users\/1"}],"replies":[{"embeddable":true,"href":"https:\/\/13.com.ar\/index.php\/wp-json\/wp\/v2\/comments?post=35822"}],"version-history":[{"count":0,"href":"https:\/\/13.com.ar\/index.php\/wp-json\/wp\/v2\/posts\/35822\/revisions"}],"wp:featuredmedia":[{"embeddable":true,"href":"https:\/\/13.com.ar\/index.php\/wp-json\/wp\/v2\/media\/35823"}],"wp:attachment":[{"href":"https:\/\/13.com.ar\/index.php\/wp-json\/wp\/v2\/media?parent=35822"}],"wp:term":[{"taxonomy":"category","embeddable":true,"href":"https:\/\/13.com.ar\/index.php\/wp-json\/wp\/v2\/categories?post=35822"},{"taxonomy":"post_tag","embeddable":true,"href":"https:\/\/13.com.ar\/index.php\/wp-json\/wp\/v2\/tags?post=35822"}],"curies":[{"name":"wp","href":"https:\/\/api.w.org\/{rel}","templated":true}]}}