{"id":35820,"date":"2025-06-21T18:14:31","date_gmt":"2025-06-21T21:14:31","guid":{"rendered":"https:\/\/13.com.ar\/index.php\/guillermo-montenegro-pide-frenarlos-a-patadas\/"},"modified":"2025-06-21T18:14:31","modified_gmt":"2025-06-21T21:14:31","slug":"guillermo-montenegro-pide-frenarlos-a-patadas","status":"publish","type":"post","link":"https:\/\/13.com.ar\/index.php\/guillermo-montenegro-pide-frenarlos-a-patadas\/","title":{"rendered":"Guillermo Montenegro pide &#8220;frenarlos a patadas&#8221;"},"content":{"rendered":"<p> <br \/>\n<br \/><img decoding=\"async\" src=\"https:\/\/13.com.ar\/wp-content\/uploads\/2025\/06\/Guillermo-Montenegro-pide-frenarlos-a-patadas.jpg\" \/><\/p>\n<div id=\"element-body-0\">\n<p>&#8220;El &#8216;joven de 18 a\u00f1os que perdi\u00f3 la vida en el accidente&#8217; formaba parte de un grupo de delincuentes&#8221;, asegur\u00f3 a trav\u00e9s de sus redes sociales <strong>el intendente de General Pueyrred\u00f3n, Guillermo Montenegro<\/strong>, un d\u00eda despu\u00e9s del fatal choque de un auto con una caravana de m\u00e1s de un centenar de motos, como las que suelen recorrer las avenidas de Mar del Plata y se juntan para hacer maniobras y picadas. <strong>&#8220;Hay que frenarlos a patadas&#8221;<\/strong>, sostuvo.<\/p>\n<\/div>\n<div id=\"element-body-1\">\n<p>As\u00ed se refiri\u00f3 el intendente era <strong>Franco Agust\u00edn Maiorano (18)<\/strong>, quien integraba la caravana y en su moto, mientras avanzaba de contramano por avenida Fortunato de la Plaza (ex 39), choc\u00f3 de frente con el remis Chevrolet Corsa conducido por un joven de 23 a\u00f1os.<\/p>\n<\/div>\n<div id=\"element-body-2\">\n<p>El auto perdi\u00f3 el control, cole\u00f3 y se cruz\u00f3 en medio del enjambre de motos. Las primeras lo chocaron de frente y en el lateral. Otros motociclistas lo bajaron a golpes al conductor y en la esquina le apuntaron con un arma a la cabeza y lo asaltaron.<strong> Le robaron hasta las zapatillas.<\/strong><\/p>\n<\/div>\n<div id=\"element-body-3\">\n<blockquote class=\"twitter-tweet\">\n<p lang=\"es\" dir=\"ltr\">Lo de ayer no fue un accidente. Fue un ataque. Ac\u00e1 no hay dos lados de una misma historia: todos los que salieron organizados con las motos sab\u00edan lo que hac\u00edan, salieron a eso. No es inconsciencia, es premeditaci\u00f3n.<\/p>\n<p>Esta no es una discusi\u00f3n de tr\u00e1nsito. Es una discusi\u00f3n de\u2026 https:\/\/t.co\/Xq49lB3dGY<\/p>\n<p>\u2014 Guillermo Montenegro (@gmontenegro_ok) <a rel=\"nofollow\" target=\"_blank\" href=\"https:\/\/twitter.com\/gmontenegro_ok\/status\/1936443713435185415?ref_src=twsrc%5Etfw\">June 21, 2025<\/a><\/p><\/blockquote>\n<\/div>\n<div id=\"element-body-4\">\n<p><strong>Siete motociclistas<\/strong> de entre 18 y 26 a\u00f1os, entre ellos Maiorano, debieron ser trasladados al hospital. De ellos, <strong>s\u00f3lo uno ten\u00eda registro de conducir.<\/strong><\/p>\n<\/div>\n<div id=\"element-body-5\">\n<p>Montenegro fue contundente: &#8220;Hay 7 heridos y mi deseo es que paguen sin importar c\u00f3mo hayan quedado f\u00edsicamente. Esa es mi verdad. Tienen que estar presos. Lamentablemente, los chorros motorizados son bancados por la romantizaci\u00f3n de la delincuencia. <strong>La \u201ccaravana de motos\u201d no es otra cosa que una organizaci\u00f3n de choreo.<\/strong>&#8220;<\/p>\n<\/div>\n<div id=\"element-body-6\">\n<p>Para el intendente lo que ocurri\u00f3 en la ex 39 y Talcahuano<strong> &#8220;no fue un accidente. Fue un ataque&#8221;.<\/strong><\/p>\n<\/div>\n<div id=\"element-body-7\">\n<div class=\"sc-c2c2a3c6-1 kQhBlc videoText videoText\">\n<h2>Video<\/h2>\n<p>Video: as\u00ed fue el tr\u00e1gico choque de la caravana de motos contra un auto en Mar Del Plata<\/p>\n<\/div>\n<\/div>\n<div id=\"element-body-8\">\n<p>&#8220;Ac\u00e1 no hay dos lados de una misma historia: todos los que salieron organizados con las motos sab\u00edan lo que hac\u00edan, salieron a eso. <strong>No es inconsciencia, es premeditaci\u00f3n<\/strong>&#8220;, se\u00f1al\u00f3. De hecho, se sabe que los motociclistas se auto convocan en un grupo de Whatsapp que integran unos 700.<\/p>\n<\/div>\n<div id=\"element-body-9\">\n<p>Pueden reunirse en la rotonda del faro de Punta Mogotes, en una esquina de avenida Luro, cerca de donde comienzan la ruta 226, o en avenida Ant\u00e1rtida Argentina, que fue el punto de partida de la caravana de este jueves. Esta vez iban hacia Punta Mogotes a hacer lo que llaman &#8220;stunt&#8221;, que son maniobras, piruetas y picadas en medio de un alboroto de explosiones provocadas por los &#8220;cortes&#8221;.<strong> Los vecinos del barrio est\u00e1n hartos.<\/strong><\/p>\n<\/div>\n<div id=\"element-body-10\">\n<p>Montenegro opin\u00f3 que no se trata de &#8220;una discusi\u00f3n de tr\u00e1nsito. Es una discusi\u00f3n de seguridad&#8221; y en su publicaci\u00f3n de X agreg\u00f3: &#8220;Ac\u00e1 se est\u00e1 avalando la cultura del choreo. Porque a los que se excitan con la ilegalidad les hacen entrevistas y les tapan la cara.&#8221;<\/p>\n<\/div>\n<div id=\"element-body-12\">\n<p><strong>&#8220;La \u00fanica v\u00edctima en todo esto es el remisero de 23 a\u00f1os. <\/strong>Para \u00e9l s\u00ed fue una tragedia. No solo le rompieron su herramienta de laburo, sino que tambi\u00e9n le pegaron, lo apuntaron y le robaron&#8221;, remarc\u00f3.<\/p>\n<\/div>\n<div id=\"element-body-13\">\n<p>Tambi\u00e9n dijo que habl\u00f3 con el remisero y se puso a su disposici\u00f3n &#8220;para todo lo que necesite&#8221; y que  &#8220;cuenta con el apoyo ciudadano&#8221;.<\/p>\n<\/div>\n<div id=\"element-body-14\">\n<p>Seg\u00fan Montenegro, mientras ocurr\u00eda el choque en la ex 39, el personal municipal realizaba otros operativos en distintos puntos de la ciudad.<\/p>\n<\/div>\n<div id=\"element-body-15\">\n<p>&#8220;<strong>En los \u00faltimos seis meses secuestramos 2.500 motos<\/strong> en operativos de la Patrulla Municipal. Cuento los resultados de los operativos todos los fines de semana. Siempre nos movemos a diferentes lugares de la ciudad. Pero cuando van a los encuentros de stunt, hay que frenarlos a las patadas&#8221;, cerr\u00f3.<\/p>\n<\/div>\n<p><script async src=\"\/\/platform.twitter.com\/widgets.js\" charset=\"utf-8\"><\/script><br \/>\n<br \/><br \/>\n<br \/><a href=\"https:\/\/www.clarin.com\/sociedad\/caravana-motos-mar-plata-guillermo-montenegro-pide-frenarlos-patadas_0_LnSEupdTUM.html\">Fuente Clarin.com <\/a><\/p>\n","protected":false},"excerpt":{"rendered":"<p>&#8220;El &#8216;joven de 18 a\u00f1os que perdi\u00f3 la vida en el accidente&#8217; formaba parte de un grupo de delincuentes&#8221;, asegur\u00f3 a trav\u00e9s de sus redes sociales el intendente de General Pueyrred\u00f3n, Guillermo Montenegro, un d\u00eda despu\u00e9s del fatal choque de un auto con una caravana de m\u00e1s de un centenar de motos, como las que [&hellip;]<\/p>\n","protected":false},"author":1,"featured_media":35821,"comment_status":"open","ping_status":"open","sticky":false,"template":"","format":"standard","meta":{"footnotes":""},"categories":[2],"tags":[21849,3520,16343,4940,1278],"class_list":["post-35820","post","type-post","status-publish","format-standard","has-post-thumbnail","hentry","category-ultimas-noticias","tag-frenarlos","tag-guillermo","tag-montenegro","tag-patadas","tag-pide"],"_links":{"self":[{"href":"https:\/\/13.com.ar\/index.php\/wp-json\/wp\/v2\/posts\/35820","targetHints":{"allow":["GET"]}}],"collection":[{"href":"https:\/\/13.com.ar\/index.php\/wp-json\/wp\/v2\/posts"}],"about":[{"href":"https:\/\/13.com.ar\/index.php\/wp-json\/wp\/v2\/types\/post"}],"author":[{"embeddable":true,"href":"https:\/\/13.com.ar\/index.php\/wp-json\/wp\/v2\/users\/1"}],"replies":[{"embeddable":true,"href":"https:\/\/13.com.ar\/index.php\/wp-json\/wp\/v2\/comments?post=35820"}],"version-history":[{"count":0,"href":"https:\/\/13.com.ar\/index.php\/wp-json\/wp\/v2\/posts\/35820\/revisions"}],"wp:featuredmedia":[{"embeddable":true,"href":"https:\/\/13.com.ar\/index.php\/wp-json\/wp\/v2\/media\/35821"}],"wp:attachment":[{"href":"https:\/\/13.com.ar\/index.php\/wp-json\/wp\/v2\/media?parent=35820"}],"wp:term":[{"taxonomy":"category","embeddable":true,"href":"https:\/\/13.com.ar\/index.php\/wp-json\/wp\/v2\/categories?post=35820"},{"taxonomy":"post_tag","embeddable":true,"href":"https:\/\/13.com.ar\/index.php\/wp-json\/wp\/v2\/tags?post=35820"}],"curies":[{"name":"wp","href":"https:\/\/api.w.org\/{rel}","templated":true}]}}