{"id":3582,"date":"2025-02-10T15:35:01","date_gmt":"2025-02-10T18:35:01","guid":{"rendered":"https:\/\/13.com.ar\/index.php\/quien-es-fernando-bearzi-el-financista-que-va-manejar-el-fondo-mas-grande-del-pais\/"},"modified":"2025-02-10T15:35:01","modified_gmt":"2025-02-10T18:35:01","slug":"quien-es-fernando-bearzi-el-financista-que-va-manejar-el-fondo-mas-grande-del-pais","status":"publish","type":"post","link":"https:\/\/13.com.ar\/index.php\/quien-es-fernando-bearzi-el-financista-que-va-manejar-el-fondo-mas-grande-del-pais\/","title":{"rendered":"\u00bfqui\u00e9n es Fernando Bearzi, el financista que va manejar el fondo m\u00e1s grande del pa\u00eds?"},"content":{"rendered":"<p> <br \/>\n<br \/><img decoding=\"async\" src=\"https:\/\/13.com.ar\/wp-content\/uploads\/2025\/02\/\u00bfquien-es-Fernando-Bearzi-el-financista-que-va-manejar-el.jpg\" \/><\/p>\n<div>\n<p>Hasta hoy al mediod\u00eda, Fernando Bearzi se desempe\u00f1aba como <strong>subdirector Ejecutivo de Operaciones del Fondo de Sustentabilidad de Anses<\/strong>, que administra el dinero de las jubilaciones y est\u00e1 considerado el fondo m\u00e1s grande del pa\u00eds.<\/p>\n<\/div>\n<div>\n<p>Tras la salida de Mariano de los Heros, <strong>expulsado de la direcci\u00f3n del organismo estatal por el presidente Javier Milei<\/strong> tras haber revelado en una entrevista en TN los planes del gobierno para la reforma previsional,<strong> Bearzi fue designado para reemplazarlo.<\/strong><\/p>\n<\/div>\n<div>\n<p>El flamante titular del Anses tiene <strong>fuertes v\u00ednculos con el mundo financiero.<\/strong> Entre 2018 y 2020, en la gesti\u00f3n del macrismo, fue presidente de <strong>Naci\u00f3n Burs\u00e1til.<\/strong> Y en el arranque de este gobierno fue presidente de <strong>BICE Fideicomisos<\/strong> hasta llegar en marzo del 2024 al Anses<\/p>\n<\/div>\n<div>\n<p>Por 20 a\u00f1os y hasta marzo de de 2015 tuvo su propia consultora, Bearzi y Asociados. Adem\u00e1s fue docente en la Universidad Cat\u00f3lica Argentina (UCA). All\u00ed lleg\u00f3 a ser director acad\u00e9mico del Posgrado de Finanzas entre 2020 y 2023.<\/p>\n<\/div>\n<div>\n<p>Seg\u00fan una investigaci\u00f3n de la periodista Emilia Delfino de Diario.ar, <strong>Bearzi fue asesor financiero de Noctua, una empresa que ser\u00eda propiedad del ministro Luis Caputo <\/strong>con<strong> <\/strong>sedes en Miami y Delaware, que administraba fondos de inversi\u00f3n de las Islas Caim\u00e1n.<\/p>\n<\/div>\n<div>\n<p>Hace seis semanas Bearzi poste\u00f3 en su cuenta de Linkedin. &#8220;Hace un a\u00f1o decid\u00ed volver a la funci\u00f3n p\u00fablica, como tantos otros, para dar una mano, para tratar entre todos de torcer la historia\u2026 y humildemente vaya que lo hicimos: tal como dijo nuestro Presidente, <strong>en un a\u00f1o de gesti\u00f3n hemos aportado m\u00e1s de MM 35.000 de d\u00f3lares al valor del FGS. <\/strong>Nunca antes hab\u00eda sucedido y claramente no fue casual: Orden Macro, Cambio de Expectativas y Previsibilidad hacen que todos los activos se aprecien&#8221;.<\/p>\n<\/div>\n<div>\n<p>&#8220;Sin equipo y con varias emergencias por delante, <strong>encar\u00e9 un desafio que me exigi\u00f3 como nunca antes en lo profesional, personal y hasta emocional.<\/strong> Ha sido un a\u00f1o extraordinario, hist\u00f3rico, por eso quisiera agradecer a nuestro Presidente por su convicci\u00f3n inquebrantable e inigualable, a los ministros Sandra Pettovello y Toto Caputo por su apoyo incondicional y confianza en mi. Tambi\u00e9n al equipo que formamos en el FGS solo con gente del FGS, que diariamente demuestran ser excelentes profesionales y mejores personas&#8221;.<\/p>\n<\/div>\n<div>\n<p>&#8220;A mi familia, que es la que me banca siempre, en las buenas y en las malas mucho m\u00e1s!!&#8221;<\/p>\n<\/div>\n<div>\n<p>&#8220;A Escuela de Negocios UCA, MBA UCA y Pontificia Universidad Cat\u00f3lica Argentina por permitirme ser parte y acompa\u00f1arme diariamente en todo por m\u00e1s de 20 a\u00f1os&#8221;.<\/p>\n<\/div>\n<div>\n<p>&#8220;Finalmente gracias totales a todos ustedes por creer y apoyar como lo hacen. Muy Feliz A\u00f1o para todos y <strong>Vamos Argentina Carajo<\/strong>!!&#8221;, cerr\u00f3 el posteo Bearzi,<\/p>\n<\/div>\n<p><br \/>\n<br \/><a href=\"https:\/\/www.clarin.com\/economia\/anses-fernando-bearzi-financista-va-manejar-fondo-grande-pais_0_YZBYoojsRu.html\">Fuente Clarin.com <\/a><\/p>\n","protected":false},"excerpt":{"rendered":"<p>Hasta hoy al mediod\u00eda, Fernando Bearzi se desempe\u00f1aba como subdirector Ejecutivo de Operaciones del Fondo de Sustentabilidad de Anses, que administra el dinero de las jubilaciones y est\u00e1 considerado el fondo m\u00e1s grande del pa\u00eds. Tras la salida de Mariano de los Heros, expulsado de la direcci\u00f3n del organismo estatal por el presidente Javier Milei [&hellip;]<\/p>\n","protected":false},"author":1,"featured_media":3583,"comment_status":"open","ping_status":"open","sticky":false,"template":"","format":"standard","meta":{"footnotes":""},"categories":[2],"tags":[5611,100,886,5612,1244,156,3141,155,134,3],"class_list":["post-3582","post","type-post","status-publish","format-standard","has-post-thumbnail","hentry","category-ultimas-noticias","tag-bearzi","tag-del","tag-fernando","tag-financista","tag-fondo","tag-grande","tag-manejar","tag-mas","tag-pais","tag-quien"],"_links":{"self":[{"href":"https:\/\/13.com.ar\/index.php\/wp-json\/wp\/v2\/posts\/3582","targetHints":{"allow":["GET"]}}],"collection":[{"href":"https:\/\/13.com.ar\/index.php\/wp-json\/wp\/v2\/posts"}],"about":[{"href":"https:\/\/13.com.ar\/index.php\/wp-json\/wp\/v2\/types\/post"}],"author":[{"embeddable":true,"href":"https:\/\/13.com.ar\/index.php\/wp-json\/wp\/v2\/users\/1"}],"replies":[{"embeddable":true,"href":"https:\/\/13.com.ar\/index.php\/wp-json\/wp\/v2\/comments?post=3582"}],"version-history":[{"count":0,"href":"https:\/\/13.com.ar\/index.php\/wp-json\/wp\/v2\/posts\/3582\/revisions"}],"wp:featuredmedia":[{"embeddable":true,"href":"https:\/\/13.com.ar\/index.php\/wp-json\/wp\/v2\/media\/3583"}],"wp:attachment":[{"href":"https:\/\/13.com.ar\/index.php\/wp-json\/wp\/v2\/media?parent=3582"}],"wp:term":[{"taxonomy":"category","embeddable":true,"href":"https:\/\/13.com.ar\/index.php\/wp-json\/wp\/v2\/categories?post=3582"},{"taxonomy":"post_tag","embeddable":true,"href":"https:\/\/13.com.ar\/index.php\/wp-json\/wp\/v2\/tags?post=3582"}],"curies":[{"name":"wp","href":"https:\/\/api.w.org\/{rel}","templated":true}]}}