{"id":35818,"date":"2025-06-21T18:11:29","date_gmt":"2025-06-21T21:11:29","guid":{"rendered":"https:\/\/13.com.ar\/index.php\/con-cristina-presa-javier-milei-sale-a-la-cancha-para-empujar-la-campana-en-la-provincia\/"},"modified":"2025-06-21T18:11:29","modified_gmt":"2025-06-21T21:11:29","slug":"con-cristina-presa-javier-milei-sale-a-la-cancha-para-empujar-la-campana-en-la-provincia","status":"publish","type":"post","link":"https:\/\/13.com.ar\/index.php\/con-cristina-presa-javier-milei-sale-a-la-cancha-para-empujar-la-campana-en-la-provincia\/","title":{"rendered":"Con Cristina presa, Javier Milei sale a la cancha para empujar la campa\u00f1a en la Provincia"},"content":{"rendered":"<p> <br \/>\n<br \/><img decoding=\"async\" src=\"https:\/\/13.com.ar\/wp-content\/uploads\/2025\/06\/Con-Cristina-presa-Javier-Milei-sale-a-la-cancha-para.jpg\" \/><\/p>\n<div id=\"cuerpo\">\n<div class=\"sc-45461e9c-0 eqiBeF container-text text-embed \" id=\"element-body-0\">\n<p>El calendario electoral en la Provincia manda y ordena. Al peronismo, que ya puso primera para <strong>implementar una mesa que garantice la unidad<\/strong> y una estrategia com\u00fan y tambi\u00e9n al Gobierno que ve como por primera vez en 19 meses <strong>Javier Milei qued\u00f3 relegado<\/strong> para o bien o mal en la conversaci\u00f3n digital y medi\u00e1tica, con menos menciones que la ex mandataria.<\/p>\n<\/div>\n<div class=\"sc-45461e9c-0 eqiBeF container-text text-embed \" id=\"element-body-1\">\n<p>El Presidente <strong>pisar\u00e1 por primera vez la capital bonaerense<\/strong> desde su asunci\u00f3n en diciembre de 2023. En un a\u00f1o y medio no visit\u00f3 tampoco ninguna localidad del conurbano bonaerense, donde busca desterrar al kirchnerismo.<\/p>\n<\/div>\n<div class=\"sc-45461e9c-0 eqiBeF container-text text-embed \" id=\"element-body-2\">\n<p>Como <strong>adelant\u00f3 Clar\u00edn<\/strong>, este jueves en La Plata se realizar\u00e1 el congreso partidario de LLA en la Provincia. Asistir\u00e1 el jefe de Estado, su hermana, el gabinete y las principales cartas electorales de LLA en una primera jugada para -como ya hizo en CABA- <strong>nacionalizar la campa\u00f1a y la elecci\u00f3n<\/strong>. <\/p>\n<\/div>\n<div class=\"sc-45461e9c-0 eqiBeF container-text text-embed \" id=\"element-body-3\">\n<p>Adem\u00e1s de <strong>Jos\u00e9 Luis Espert<\/strong>, ungido candidato por el Presidente (<strong>a pesar de la resistencia interna<\/strong>), estar\u00e1n <strong>los tres nombres<\/strong> que se anotan para <strong>competir en la tercera secci\u00f3n<\/strong>, donde el peronismo le busca reemplazante en la boleta a Cristina Kirchner mientras M\u00e1ximo se prueba el traje de candidato. En el oficialismo no creen que el n\u00famero de votantes del peronismo var\u00ede demasiado. <\/p>\n<\/div>\n<div class=\"sc-45461e9c-0 eqiBeF container-text text-embed \" id=\"element-body-4\">\n<p>En ese lote compiten el presidente del partido <strong>Sebasti\u00e1n Pareja<\/strong>, que tambi\u00e9n empuja las chances de sus subalterna <strong>Miriam Nyveiro<\/strong> y el secretario de Culto, <strong>Nahuel Sotelo<\/strong>, un dirigente que responde al <strong>armado de Santiago Caputo<\/strong> que quiere pasar de la <strong>esfera digital a la territorial.<\/strong><\/p>\n<\/div>\n<div class=\"sc-45461e9c-0 eqiBeF container-text text-embed \" id=\"element-body-5\">\n<p>El avance del asesor preferido del Presidente se cobr\u00f3 <strong>m\u00e1s v\u00edctimas en el armado de Pareja en el PAMI<\/strong>. El dirigente libertario y los primos Mart\u00edn y Lule Menem usan -al igual que el resto de la pol\u00edtica- las delegaciones de la obra social de jubilados y de ANSES para sostener su <strong>armado territorial y premiar<\/strong> a algunos de sus aliados.<\/p>\n<\/div>\n<div class=\"sc-45461e9c-0 eqiBeF container-text text-embed \" id=\"element-body-6\">\n<p>Luego de las bajas con denuncias cruzadas en <strong>Jun\u00edn y en Mercedes<\/strong>, esta semana hubo <strong>cambios en las dependencias de Hurlingham y de La Matanza<\/strong>. Esta vez no solo entraron dirigentes que responden a los intereses de Caputo; sino m\u00e1s bien de <strong>Cristian Ritondo<\/strong>, el presidente del PRO bonaerense.<\/p>\n<\/div>\n<div class=\"sc-45461e9c-0 eqiBeF container-text text-embed \" id=\"element-body-7\">\n<p>Pareja <strong>volver\u00e1 a mantener una reuni\u00f3n con Ritondo, Diego Santilli y Guillermo Montenegro <\/strong>este martes para terminar de sellar la alianza partidaria. El diputado del PRO trab\u00f3 una <strong>amistad con Caputo<\/strong> que trasciende la pol\u00edtica. Cerca del armador libertario minimizan los cambios. \u201cSon correcciones\u201d, precisan. <\/p>\n<\/div>\n<div class=\"sc-45461e9c-0 eqiBeF container-text text-embed \" id=\"element-body-8\">\n<p>En el macrismo y en LLA aseguran que en el Gobierno se convencieron que para organismos y en las listas necesitan mejores cuadros. <strong>&#8220;(Juliana) Santill\u00e1n es una de nuestras mejores voceras&#8221;, consigna con resignaci\u00f3n un libertario<\/strong> de fuste sobre la marplatense que dijo que una familia necesitaba $360 mil para no ser pobre.<\/p>\n<\/div>\n<div class=\"sc-45461e9c-0 eqiBeF container-text text-embed \" id=\"element-body-9\">\n<p>Ritondo recibir\u00e1 este lunes en la sede del PRO en San Telmo a los <strong>13 intendentes bonaerenses del macrismo<\/strong>. Entre los ejecutivos municipales m\u00e1s cercanos a Jorge Macri prima la preocupaci\u00f3n por la <strong>falta de di\u00e1logo<\/strong> que muestran los libertarios en sus distritos. En ese lote sobresalen <strong>Soledad Mart\u00ednez<\/strong> (Vicente L\u00f3pez) y <strong>Pablo Petrecca<\/strong> (Jun\u00edn). Ritondo se reuni\u00f3 con Mart\u00ednez el jueves para empezar a cerrar filas.<\/p>\n<\/div>\n<div class=\"sc-45461e9c-0 eqiBeF container-text text-embed \" id=\"element-body-10\">\n<p>Algunos alcaldes amarillos amenazan con <strong>revitalizar una suerte de JxC <\/strong>con dirigentes de la UCR y partidos vecinales. Los libertarios advierten que <strong>corren el riesgo de quedar terceros<\/strong> en sus distritos y de comprometer sus n\u00fameros en sus respectivos concejos deliberantes. Precisamente, <strong>lo que le pas\u00f3 al PRO en la Ciudad <\/strong>el 18 de mayo. El agravante lo describe un macrista que camina el conurbano. &#8220;Un intendente en minor\u00eda queda a tiro de la destituci\u00f3n&#8221;, grafica.<\/p>\n<\/div>\n<div class=\"sc-45461e9c-0 eqiBeF container-text text-embed \" id=\"element-body-11\">\n<p>A Santilli, que quer\u00eda esquivar una candidatura en la primera secci\u00f3n como senador, lo mandaron a medir. Ahora buscar\u00e1n convencerlo de que cambie de opini\u00f3n. <\/p>\n<\/div>\n<div class=\"sc-45461e9c-0 eqiBeF container-text text-embed \" id=\"element-body-12\">\n<p><strong>Ritondo hace equilibrio.<\/strong> El viernes de la semana pasada en el Consejo nacional del partido amarillo defendi\u00f3 la alianza con LLA. Mauricio Macri, que encabez\u00f3 esa reuni\u00f3n, <strong>dio libertad de acci\u00f3n y pidi\u00f3 \u201cdignidad<\/strong>\u201d.<\/p>\n<\/div>\n<div class=\"sc-45461e9c-0 eqiBeF container-text text-embed \" id=\"element-body-13\">\n<p>Seis d\u00edas despu\u00e9s tuvo que tolerar que Milei dijera en una entrevista con LN+ que el gobierno del PRO <strong>hab\u00eda interferido en la Justicia<\/strong>. <\/p>\n<\/div>\n<div class=\"sc-45461e9c-0 eqiBeF container-text text-embed \" id=\"element-body-14\">\n<p>M\u00e1s all\u00e1 de los dardos dial\u00e9cticos, en el Gobierno procuran no irritar definitivamente al PRO. <strong>Patricia Bullrich rechaz\u00f3<\/strong> la idea de una diputada de su escuder\u00eda que le sugiri\u00f3 terminar de <strong>partir el bloque amarillo en el Congreso<\/strong>. Los <strong>vetos del Presidente penden de un hilo<\/strong>. Nueve legisladores macristas se abstuvieron y no rechazaron el aumento de jubilaciones y de la emergencia en discapacidad. <\/p>\n<\/div>\n<div class=\"sc-45461e9c-0 eqiBeF container-text text-embed \" id=\"element-body-15\">\n<p>Mientras la interna en el mundo libertario se juega en ANSES y PAMI, hubo un gesto de distensi\u00f3n la semana pasada, cuando <strong>Lilia Lemoine<\/strong> -que suele hablar por Karina Milei- se sum\u00f3 a un acto de las Fuerzas del Cielo, el armado referenciado en Caputo, en Bah\u00eda Blanca. All\u00ed estuvo adem\u00e1s de Sotelo, entre otros, <strong>Agust\u00edn Romo<\/strong>, presidente de bloque libertario en la legislatura y sin participaci\u00f3n en la mesa pol\u00edtica de LLA en la Provincia. A la diputada y maquilladora presidencial le regalaron un prendedor de la agrupaci\u00f3n que luci\u00f3 con orgullo.<\/p>\n<\/div>\n<div class=\"sc-45461e9c-0 eqiBeF container-text text-embed \" id=\"element-body-16\">\n<p>Todos ellos coincidir\u00e1n en el congreso partidario en la capital bonaerense. Adem\u00e1s de un <strong>discurso en clave electoral<\/strong> del Presidente habr\u00e1 mesas de trabajo para <strong>desarrollar propuestas legislativas que sirvan a la campa\u00f1a. <\/strong>El ejercicio tendr\u00e1 como base e insumo el relevamiento que los libertarios realizaron con <strong>m\u00e1s de 20 mil encuestados<\/strong>. En rigor, no dicen nada muy diferente a lo que sugiere cualquier sondeo de opini\u00f3n.<\/p>\n<\/div>\n<div class=\"sc-45461e9c-0 eqiBeF container-text text-embed \" id=\"element-body-17\">\n<p>Los n\u00fameros preliminares que difundieron desde LLA arrojaron que el <strong>70 por ciento se\u00f1ala la inseguridad como su principal preocupaci\u00f3n<\/strong>. El 37 cree que la salud p\u00fablica funciona mal mientras que el <strong>52,9 no ve oportunidades laborales reales<\/strong> y el <strong>52,1% cree que tener una vivienda propia es un sue\u00f1o imposible<\/strong>. <strong>El 88,5% considera que paga impuestos muy altos para servicios que no funcionan<\/strong>.<\/p>\n<\/div>\n<div class=\"sc-45461e9c-0 eqiBeF container-text text-embed \" id=\"element-body-18\">\n<p>El Presidente busca <strong>recuperar la centralidad<\/strong> luego de haber sido relegado por primera vez desde su asunci\u00f3n en el podio de las menciones en redes sociales. Cristina Kirchner lo super\u00f3 en un 150 por ciento, seg\u00fan el relevamiento de la consultora Ad Hoc. Otro estudio de Monitor Digital ense\u00f1a que por segunda semana consecutiva, el Presidente continu\u00f3 cayendo en el inter\u00e9s digital de los argentinos, bajando al tercer lugar. <strong>En la Rosada no est\u00e1n acostumbrados a trabajar con esas variables<\/strong> y apuestan a que la din\u00e1mica electoral y del peronismo bajar\u00e1 la espuma cristinista.<\/p>\n<\/div>\n<div class=\"sc-45461e9c-0 eqiBeF container-text text-embed \" id=\"element-body-19\">\n<p>Los sat\u00e9lites del tri\u00e1ngulo de hierro consignan que el <strong>encarcelamiento de la ex presidenta hizo subir la imagen de Milei<\/strong>. En Balcarce 50 respiraron aliviados por la prisi\u00f3n domiciliaria, puesto que la <strong>incertidumbre generaba riesgos en la calle<\/strong> y potencial conflicto para el Gobierno. &#8220;<strong>Lo dem\u00e1s no preocupa en absoluto<\/strong>&#8220;,  se\u00f1alan <\/p>\n<\/div>\n<\/div>\n<p><br \/>\n<br \/><a href=\"https:\/\/www.clarin.com\/politica\/cristina-presa-javier-milei-sale-cancha-empujar-campana-provincia_0_jeG0MICBUP.html\">Fuente Clarin.com <\/a><\/p>\n","protected":false},"excerpt":{"rendered":"<p>El calendario electoral en la Provincia manda y ordena. Al peronismo, que ya puso primera para implementar una mesa que garantice la unidad y una estrategia com\u00fan y tambi\u00e9n al Gobierno que ve como por primera vez en 19 meses Javier Milei qued\u00f3 relegado para o bien o mal en la conversaci\u00f3n digital y medi\u00e1tica, [&hellip;]<\/p>\n","protected":false},"author":1,"featured_media":35819,"comment_status":"open","ping_status":"open","sticky":false,"template":"","format":"standard","meta":{"footnotes":""},"categories":[2],"tags":[2813,5078,18,497,2046,273,77,16,4294,490,449],"class_list":["post-35818","post","type-post","status-publish","format-standard","has-post-thumbnail","hentry","category-ultimas-noticias","tag-campana","tag-cancha","tag-con","tag-cristina","tag-empujar","tag-javier","tag-milei","tag-para","tag-presa","tag-provincia","tag-sale"],"_links":{"self":[{"href":"https:\/\/13.com.ar\/index.php\/wp-json\/wp\/v2\/posts\/35818","targetHints":{"allow":["GET"]}}],"collection":[{"href":"https:\/\/13.com.ar\/index.php\/wp-json\/wp\/v2\/posts"}],"about":[{"href":"https:\/\/13.com.ar\/index.php\/wp-json\/wp\/v2\/types\/post"}],"author":[{"embeddable":true,"href":"https:\/\/13.com.ar\/index.php\/wp-json\/wp\/v2\/users\/1"}],"replies":[{"embeddable":true,"href":"https:\/\/13.com.ar\/index.php\/wp-json\/wp\/v2\/comments?post=35818"}],"version-history":[{"count":0,"href":"https:\/\/13.com.ar\/index.php\/wp-json\/wp\/v2\/posts\/35818\/revisions"}],"wp:featuredmedia":[{"embeddable":true,"href":"https:\/\/13.com.ar\/index.php\/wp-json\/wp\/v2\/media\/35819"}],"wp:attachment":[{"href":"https:\/\/13.com.ar\/index.php\/wp-json\/wp\/v2\/media?parent=35818"}],"wp:term":[{"taxonomy":"category","embeddable":true,"href":"https:\/\/13.com.ar\/index.php\/wp-json\/wp\/v2\/categories?post=35818"},{"taxonomy":"post_tag","embeddable":true,"href":"https:\/\/13.com.ar\/index.php\/wp-json\/wp\/v2\/tags?post=35818"}],"curies":[{"name":"wp","href":"https:\/\/api.w.org\/{rel}","templated":true}]}}