{"id":35816,"date":"2025-06-21T18:02:33","date_gmt":"2025-06-21T21:02:33","guid":{"rendered":"https:\/\/13.com.ar\/index.php\/el-mono-navarro-montoya-dijo-que-se-desencanto-del-kirchnerismo-y-confeso-yo-vote-a-milei\/"},"modified":"2025-06-21T18:02:33","modified_gmt":"2025-06-21T21:02:33","slug":"el-mono-navarro-montoya-dijo-que-se-desencanto-del-kirchnerismo-y-confeso-yo-vote-a-milei","status":"publish","type":"post","link":"https:\/\/13.com.ar\/index.php\/el-mono-navarro-montoya-dijo-que-se-desencanto-del-kirchnerismo-y-confeso-yo-vote-a-milei\/","title":{"rendered":"El Mono Navarro Montoya dijo que se desencant\u00f3 del kirchnerismo y confes\u00f3: &#8220;Yo vot\u00e9 a Milei&#8221;"},"content":{"rendered":"<p> <br \/>\n<\/p>\n<div id=\"cuerpo\">\n<div class=\"sc-45461e9c-0 eqiBeF container-text text-embed \" id=\"element-body-0\">\n<p>Carlos Fernando Navarro Montoya, &#8220;El Mono&#8221; para los futboleros, se granje\u00f3 una memorable carrera evitando goles en los arcos de Argentina, pero en las \u00faltimas horas eligi\u00f3 -cual delantero- el terreno de las definiciones. <strong>&#8220;Yo vot\u00e9 a Milei&#8221;<\/strong>, confes\u00f3 el exarquero de Boca, de larga desventura con la Selecci\u00f3n Argentina. Y tambi\u00e9n hubo referencia al kirchnerismo, del cual asegur\u00f3 ser votante desencantado: &#8220;El modelo se hab\u00eda agotado&#8221;.<\/p>\n<\/div>\n<div class=\"sc-45461e9c-0 eqiBeF container-text text-embed \" id=\"element-body-1\">\n<p>Se trata de otro gui\u00f1o de un arquero a Milei, que se par\u00f3 debajo de los tres palos en las inferiores de Chacarita. Cambi\u00f3 cr\u00edticas por respeto en el caso de Hugo Gatti, se reparte entre idolatr\u00eda y diferencias pol\u00edticas con el Pato Fillol y hasta supo tener un abrazo c\u00f3mplice con otro Pato, Abbonanzieri, en una exposici\u00f3n rural.<\/p>\n<\/div>\n<div class=\"sc-45461e9c-0 eqiBeF container-text text-embed \" id=\"element-body-2\">\n<p>Ahora fue Navarro Montoya, nacido en Colombia y de larga pelea para jugar con Argentina (entre falta de autorizaci\u00f3n y desinter\u00e9s de los DT, nunca pudo hacerlo), quien sum\u00f3 su respaldo al jefe de Estado. Y hasta logr\u00f3 que el Presidente comparta un fragmento de la entrevista en su cuenta de X.<\/p>\n<\/div>\n<div class=\"sc-45461e9c-0 eqiBeF container-text text-embed \" id=\"element-body-3\">\n<p>&#8220;<strong>La mayor\u00eda del pueblo argentino apost\u00f3 por un cambio<\/strong>. Para quien hab\u00eda apostado por el kirchnerismo con ilusi\u00f3n y esperanza&#8230; hab\u00edamos entrado en un bucle nocivo y perverso que marcaba decadencia en el pa\u00eds. Por eso la gente eligi\u00f3 cambiar&#8221;, declar\u00f3 el exarquero de Boca, Independiente y Gimnasia de La Plata, entre otros clubes, en un rapto de sinceramiento. <\/p>\n<\/div>\n<div class=\"sc-45461e9c-0 eqiBeF container-text text-embed \" id=\"element-body-4\">\n<p>El ahora analista de f\u00fatbol y entrenador reconoci\u00f3 que en el pasado acompa\u00f1\u00f3 pol\u00edticas del kirchnerismo. Pero este s\u00e1bado justific\u00f3 su cambio de perspectiva. &#8220;Estamos en los primeros tramos de esta gesti\u00f3n que, con defectos y errores de comunicaci\u00f3n, est\u00e1 siendo fiel a lo que hab\u00eda prometido. El pueblo argentino acept\u00f3 transitar ese camino&#8221;, conjetur\u00f3.<\/p>\n<\/div>\n<div class=\"sc-45461e9c-0 eqiBeF container-text text-embed \" id=\"element-body-5\">\n<p>\u2014\u00bfVos votaste a Javier Milei? \u2014inquiri\u00f3 el entrevistador Juan Carlos &#8220;Toti&#8221; Pasman, de <em>Carnaval Stream<\/em>.<\/p>\n<\/div>\n<div class=\"sc-45461e9c-0 eqiBeF container-text text-embed \" id=\"element-body-6\">\n<p>\u2014S\u00ed. Como durante mucho tiempo hab\u00eda votado al kirchnerismo. Y <strong>decid\u00ed cambiar <\/strong>\u2014avanz\u00f3 Navarro Montoya.<\/p>\n<\/div>\n<div class=\"sc-106e49c0-0 dcVumd freeHtml-embed undefined\" id=\"element-body-7\">\n<blockquote class=\"twitter-tweet\">\n<p lang=\"es\" dir=\"ltr\">Adorni &#8211; El \u201cMono\u201d Navarro Montoya 2031 <a rel=\"nofollow\" target=\"_blank\" href=\"https:\/\/t.co\/FRLChlCK1s\">pic.twitter.com\/FRLChlCK1s<\/a><\/p>\n<p>\u2014 Manuel Adorni (@madorni) <a rel=\"nofollow\" target=\"_blank\" href=\"https:\/\/twitter.com\/madorni\/status\/1936451147541217409?ref_src=twsrc%5Etfw\">June 21, 2025<\/a><\/p><\/blockquote>\n<\/div>\n<div class=\"sc-45461e9c-0 eqiBeF container-text text-embed \" id=\"element-body-8\">\n<p>Cuando le repreguntar por qu\u00e9 pas\u00f3 &#8220;de un extremo a otro&#8221;, explic\u00f3 que el modelo anterior se hab\u00eda agotado.<\/p>\n<\/div>\n<div class=\"sc-45461e9c-0 eqiBeF container-text text-embed \" id=\"element-body-9\">\n<p>&#8220;Porque entend\u00ed que estaba agotado el kirchnerismo y su manera de entender la pol\u00edtica y de buscar sus objetivos. Qued\u00f3 claro que no consiguieron los objetivos. Yo comprendo que el kirchnerismo no represent\u00f3 los valores del peronismo, y tambi\u00e9n que se necesitaba esto&#8221;, argument\u00f3 el exarquero, en referencia al Gobierno de Milei y a su programa econ\u00f3mico.<\/p>\n<\/div>\n<div class=\"sc-45461e9c-0 eqiBeF container-text text-embed \" id=\"element-body-10\">\n<p>Y continu\u00f3: &#8220;<strong>Se necesitaba un vuelco grande<\/strong>, porque no se necesita ning\u00fan discurso de ning\u00fan pol\u00edtico para que me convenza de las cosas. <strong>Yo ando en la calle y recorro el interior<\/strong>, lo cual es el term\u00f3metro, y all\u00ed hubo en los \u00faltimos a\u00f1os crecimiento de la pobreza, decadencia de la educaci\u00f3n; estamos en una sociedad crispada y violenta. Necesit\u00e1bamos este cambio&#8221;.<\/p>\n<\/div>\n<div class=\"sc-45461e9c-0 eqiBeF container-text text-embed \" id=\"element-body-11\">\n<p>Sostuvo tambi\u00e9n que &#8220;el kirchnerismo no represent\u00f3 la doctrina peronista. El peronismo es tener trabajo y herramientas para trabajar. Ni Evita ni Per\u00f3n daban dinero, sino que daban herramientas de trabajo: m\u00e1quinas de coser, palas, picos&#8221;.<\/p>\n<\/div>\n<p><h2>Afinidad familiar peronista, qu\u00e9 piensa de Cristina Kirchner y el pedido de encuentro Milei-Villarruel<\/h2>\n<\/p>\n<div class=\"sc-45461e9c-0 eqiBeF container-text text-embed \" id=\"element-body-13\">\n<p>En la misma entrevista, Navarro Montoya cont\u00f3 que viene de familia peronista, aunque \u00e9l en otras oportunidades marc\u00f3 su admiraci\u00f3n por Ricardo Balb\u00edn y Ra\u00fal Alfons\u00edn. Tambi\u00e9n se refiri\u00f3 a Crisitina Kirchner<\/p>\n<\/div>\n<div class=\"sc-98b114a2-0 bkqiHH image-embed  image-embed \" id=\"element-body-14\"><picture class=\"sc-98b114a2-1 jRUlDm\"><source media=\"(min-width: 975px)\" width=\"720\" height=\"480\" \/><img alt=\"Navarro Montoya dijo estar desencantado con el kirchnerismo por su forma de gobernanza. Captura Carnaval Streaming.\" loading=\"lazy\" width=\"720\" height=\"480\" decoding=\"async\" data-nimg=\"1\" style=\"color:transparent\" src=\"https:\/\/13.com.ar\/wp-content\/uploads\/2025\/06\/El-Mono-Navarro-Montoya-dijo-que-se-desencanto-del-kirchnerismo.jpg\"\/><span class=\"epigraphe\">Navarro Montoya dijo estar desencantado con el kirchnerismo por su forma de gobernanza. Captura Carnaval Streaming.<\/span><span class=\"picture-open\"><button class=\"open-image\" aria-label=\"Open Image\"\/><\/span><\/picture><\/div>\n<div class=\"sc-45461e9c-0 eqiBeF container-text text-embed \" id=\"element-body-15\">\n<p>En otro tramo habl\u00f3 de Cristina Kirchner, que cumple prisi\u00f3n domiciliaria en un departamento de Constituci\u00f3n. &#8220;A m\u00ed no me cambia nada que Cristina Kirchner quedara presa, porque todos tendremos que seguir haciendo nuestra tarea para sustentarnos. Pero no es bueno para la democracia que alguien que encarn\u00f3 un movimiento popular est\u00e9 presa, aunque los fallos de la Justicia no deben ser tomados como buenos o malos dependiendo del color de nuestras opiniones, porque, si no, ser\u00eda justicia cuando nos conviene&#8221;, dijo.<\/p>\n<\/div>\n<div class=\"sc-45461e9c-0 eqiBeF container-text text-embed \" id=\"element-body-16\">\n<p>\u2014\u00bfY pens\u00e1s que Milei, a quien vos le pusiste tu voto, est\u00e1 cumpliendo? \u2014pinch\u00f3 el entrevistador.<\/p>\n<\/div>\n<div class=\"sc-45461e9c-0 eqiBeF container-text text-embed \" id=\"element-body-17\">\n<p>\u2014S\u00ed. Aunque algunas formas no me gustan ni me gustaban antes de que fuera Presidente. Nosotros necesitamos mensajes de uni\u00f3n, pero tambi\u00e9n yo le doy valor a la palabra. Tambi\u00e9n este Gobierno <strong>necesita vuelcos fuertes y decisiones antip\u00e1ticas<\/strong> para que pueda insertarnos en el mundo. Y nosotros durante mucho tiempo estuvimos alejados del mundo.<\/p>\n<\/div>\n<div class=\"sc-45461e9c-0 eqiBeF container-text text-embed \" id=\"element-body-18\">\n<p>&#8220;Me gustar\u00eda que con Victoria Villarruel caminen juntos y me hubiera gustado que le diese la mano a Jorge Macri en el Tedeum. Los grandes l\u00edderes deben generar el respeto y dar la mano&#8221;, puntualiz\u00f3 Navarro Montoya.<\/p>\n<\/div>\n<div class=\"sc-45461e9c-0 eqiBeF container-text text-embed \" id=\"element-body-19\">\n<p>En 2021, en una entrevista concedida a <em>Am\u00e9rica TV<\/em>, hab\u00eda comentado que su inter\u00e9s por la pol\u00edtica despert\u00f3 la iniciativa de distintos espacios que lo invitaron: &#8220;S\u00ed, me han tentado, pero no: para eso primero hay que tener vocaci\u00f3n y segundo hay que prepararse. Me tentaron de varios lados, eh&#8221;. Cuatro a\u00f1os m\u00e1s tarde, desde una posici\u00f3n de observador pol\u00edtico, sostuvo este s\u00e1bado su desencanto con los principales dirigentes nacionales.<\/p>\n<\/div>\n<\/div>\n<p><script async src=\"\/\/platform.twitter.com\/widgets.js\" charset=\"utf-8\"><\/script><br \/>\n<br \/><br \/>\n<br \/><a href=\"https:\/\/www.clarin.com\/deportes\/mono-navarro-montoya-dijo-desencanto-kirchnerismo-confeso-vote-milei_0_MUtIUHgErq.html\">Fuente Clarin.com <\/a><\/p>\n","protected":false},"excerpt":{"rendered":"<p>Carlos Fernando Navarro Montoya, &#8220;El Mono&#8221; para los futboleros, se granje\u00f3 una memorable carrera evitando goles en los arcos de Argentina, pero en las \u00faltimas horas eligi\u00f3 -cual delantero- el terreno de las definiciones. &#8220;Yo vot\u00e9 a Milei&#8221;, confes\u00f3 el exarquero de Boca, de larga desventura con la Selecci\u00f3n Argentina. Y tambi\u00e9n hubo referencia al [&hellip;]<\/p>\n","protected":false},"author":1,"featured_media":35817,"comment_status":"open","ping_status":"open","sticky":false,"template":"","format":"standard","meta":{"footnotes":""},"categories":[2],"tags":[2408,100,10308,1572,2825,77,1781,5913,1040,6144],"class_list":["post-35816","post","type-post","status-publish","format-standard","has-post-thumbnail","hentry","category-ultimas-noticias","tag-confeso","tag-del","tag-desencanto","tag-dijo","tag-kirchnerismo","tag-milei","tag-mono","tag-montoya","tag-navarro","tag-vote"],"_links":{"self":[{"href":"https:\/\/13.com.ar\/index.php\/wp-json\/wp\/v2\/posts\/35816","targetHints":{"allow":["GET"]}}],"collection":[{"href":"https:\/\/13.com.ar\/index.php\/wp-json\/wp\/v2\/posts"}],"about":[{"href":"https:\/\/13.com.ar\/index.php\/wp-json\/wp\/v2\/types\/post"}],"author":[{"embeddable":true,"href":"https:\/\/13.com.ar\/index.php\/wp-json\/wp\/v2\/users\/1"}],"replies":[{"embeddable":true,"href":"https:\/\/13.com.ar\/index.php\/wp-json\/wp\/v2\/comments?post=35816"}],"version-history":[{"count":0,"href":"https:\/\/13.com.ar\/index.php\/wp-json\/wp\/v2\/posts\/35816\/revisions"}],"wp:featuredmedia":[{"embeddable":true,"href":"https:\/\/13.com.ar\/index.php\/wp-json\/wp\/v2\/media\/35817"}],"wp:attachment":[{"href":"https:\/\/13.com.ar\/index.php\/wp-json\/wp\/v2\/media?parent=35816"}],"wp:term":[{"taxonomy":"category","embeddable":true,"href":"https:\/\/13.com.ar\/index.php\/wp-json\/wp\/v2\/categories?post=35816"},{"taxonomy":"post_tag","embeddable":true,"href":"https:\/\/13.com.ar\/index.php\/wp-json\/wp\/v2\/tags?post=35816"}],"curies":[{"name":"wp","href":"https:\/\/api.w.org\/{rel}","templated":true}]}}