{"id":35814,"date":"2025-06-21T17:59:33","date_gmt":"2025-06-21T20:59:33","guid":{"rendered":"https:\/\/13.com.ar\/index.php\/el-desgarrador-testimonio-de-la-mujer-que-presencio-la-caida-del-globo-aerostatico-en-brasil-vimos-a-personas-saltando\/"},"modified":"2025-06-21T17:59:33","modified_gmt":"2025-06-21T20:59:33","slug":"el-desgarrador-testimonio-de-la-mujer-que-presencio-la-caida-del-globo-aerostatico-en-brasil-vimos-a-personas-saltando","status":"publish","type":"post","link":"https:\/\/13.com.ar\/index.php\/el-desgarrador-testimonio-de-la-mujer-que-presencio-la-caida-del-globo-aerostatico-en-brasil-vimos-a-personas-saltando\/","title":{"rendered":"El desgarrador testimonio de la mujer que presenci\u00f3 la ca\u00edda del globo aerost\u00e1tico en Brasil: &#8220;Vimos a personas saltando&#8221;"},"content":{"rendered":"<p> <br \/>\n<br \/><img decoding=\"async\" src=\"https:\/\/13.com.ar\/wp-content\/uploads\/2025\/06\/El-desgarrador-testimonio-de-la-mujer-que-presencio-la-caida.jpg\" \/><\/p>\n<div id=\"element-body-0\">\n<p>Un <strong>globo aerost\u00e1tico<\/strong> tripulado con <strong>21 personas<\/strong> a bordo <strong>se precipit\u00f3 al suelo <\/strong>este s\u00e1bado 21 de junio por la ma\u00f1ana en el estado de<strong> Santa Catarina, <\/strong>en<strong> Brasil<\/strong>,<strong> <\/strong>tras haberse<strong> incendiado <\/strong>durante un <strong>viaje tur\u00edstico<\/strong>, seg\u00fan informaci\u00f3n de medios aut\u00f3ctonos<strong>.<\/strong> Las autoridades confirmaron que al menos <strong>8 pasajeros perdieron la vida<\/strong>.<\/p>\n<\/div>\n<div id=\"element-body-1\">\n<p>Horas despu\u00e9s de la tragedia, se conoci\u00f3 el <strong>testimonio de una ciudadana brasile\u00f1a<\/strong>, quien <strong>presenci\u00f3 <\/strong>de manera presunta<strong> <\/strong>la<strong> ca\u00edda del veh\u00edculo a\u00e9reo. <\/strong><\/p>\n<\/div>\n<div id=\"element-body-2\">\n<p>Esta mujer, de acuerdo con el portal de noticias local <em>G1, <\/em>se llama <strong>Loriane Lopes<\/strong> y vive con su familia en el municipio de <strong>Praia Grande<\/strong> (Santa Catarina), <strong>cerca de donde se produjo el incidente<\/strong> en cuesti\u00f3n.<\/p>\n<\/div>\n<div id=\"element-body-4\">\n<p>Con respecto al momento de la tragedia, Loriane record\u00f3 en conversaci\u00f3n con el mismo medio que estaba en una casa junto a sus seres queridos cuando <strong>su pap\u00e1 vio el globo aerost\u00e1tico prendi\u00e9ndose fuego en el aire<\/strong>.<\/p>\n<\/div>\n<div id=\"element-body-5\">\n<p>Enseguida, seg\u00fan su relato, su padre le<strong> avis\u00f3 a ella y al resto de la familia<\/strong> acerca de la <strong>impactante<\/strong> <strong>escena que acababa de observar<\/strong> en el cielo.<\/p>\n<\/div>\n<div id=\"element-body-7\">\n<p>&#8220;Todos <strong>pensamos que era una broma<\/strong>. Sin embargo, luego de que sali\u00e9ramos de la casa para comprobar,<strong> vimos a personas saltando del globo<\/strong>, que ya se encontraba <strong>en llamas<\/strong>. Fue una <strong>verdadera desesperaci\u00f3n<\/strong>&#8220;, afirm\u00f3 la mujer a <em>G1<\/em>.<\/p>\n<\/div>\n<div id=\"element-body-8\">\n<p>A continuaci\u00f3n, Loriane y sus seres queridos intentaron acercarse al lugar en donde cay\u00f3 el veh\u00edculo a\u00e9reo. De acuerdo con sus palabras, mientras se aproximaban a la zona, pod\u00edan o\u00edr a los pasajeros del globo pidiendo ayuda a los gritos.<\/p>\n<\/div>\n<div id=\"element-body-9\">\n<p>Por otro lado, la mujer dijo que al final tanto ella como su familia no lograron hallar el sitio en donde cay\u00f3 la aeronave.&#8221;<strong>No pudimos encontrarlo, pero parec\u00eda estar bastante cerca<\/strong>&#8220;, manifest\u00f3 al respecto.<\/p>\n<\/div>\n<div id=\"element-body-11\">\n<p>Este s\u00e1bado, cerca de las <strong>9:30<\/strong> de la ma\u00f1ana, un <strong>globo aerost\u00e1tico privado<\/strong> que trasladaba a 21 pasajeros se prendi\u00f3 fuego sobre un <strong>\u00e1rea rural<\/strong> de Praia Grande. <\/p>\n<\/div>\n<div id=\"element-body-12\">\n<p>El cesto del veh\u00edculo a\u00e9reo se desprendi\u00f3 y <strong>cay\u00f3 incendiado desde gran altura<\/strong>. Como producto de lo ocurrido, <strong>8 personas murieron<\/strong> <strong>y<\/strong> <strong>las otras 13<\/strong> <strong>resultaron heridas<\/strong>, seg\u00fan aclar\u00f3 en X el gobernador de Santa Catarina, <strong>Jorginho Mello. <\/strong><\/p>\n<\/div>\n<div id=\"element-body-14\">\n<p>En relaci\u00f3n con los 13 pasajeros sobrevivientes, fueron trasladados centros de salud de la zona. El hospital Nuestra Se\u00f1ora de F\u00e1tima asever\u00f3 a trav\u00e9s de un comunicado que, de cinco pacientes atendidos, dos ya recibieron el alta y otros tres siguen internados &#8220;estables y con heridas leves&#8221;.<\/p>\n<\/div>\n<div id=\"element-body-15\">\n<p>Por otro lado, <strong>las causas del incidente<\/strong> <strong>a\u00fan est\u00e1n siendo investigadas<\/strong>. En los videos de la tragedia, aportados por testigos, puede verse que las condiciones clim\u00e1ticas eran buenas. Otras im\u00e1genes del hecho muestran a pasajeros arroj\u00e1ndose al vac\u00edo desde el globo.<\/p>\n<\/div>\n<div id=\"element-body-16\">\n<p>El <strong>piloto<\/strong> del globo aerost\u00e1tico, <strong>sobreviviente<\/strong>, asegur\u00f3 a las autoridades que <strong>el fuego se habr\u00eda iniciado por<\/strong> &#8220;<strong>un soplete<\/strong>&#8221; que <strong>estaba dentro del cesto. <\/strong>&#8220;\u00c9l no supo decir si el soplete qued\u00f3 encendido o si hubo una llama espont\u00e1nea&#8221;, coment\u00f3 a la prensa el polic\u00eda <strong>Tiago Luiz Lemos<\/strong>, responsable de la comisar\u00eda de Praia Grande. El soplete se usa de manera habitual para el <strong>encendido de los globos aerost\u00e1ticos<\/strong>.<\/p>\n<\/div>\n<div id=\"element-body-18\">\n<p>Por su parte, los bomberos locales indicaron que, cuando se desat\u00f3 el fuego, el piloto hizo una maniobra para descender y<strong> <\/strong>permitir que los pasajeros saltaran del cesto. Pero <strong>ocho de ellos no lograron salir<\/strong>. Con menos peso y fuego en su base, el globo <strong>volvi\u00f3 a elevarse y luego cedi\u00f3<\/strong>.<\/p>\n<\/div>\n<div id=\"element-body-19\">\n<p>El teniente coronel <strong>Zevir Cipriano Junior<\/strong>, del Cuerpo de Bomberos, declar\u00f3 a los medios locales que cuatro personas murieron carbonizadas y otras cuatro perdieron la vida por arrojarse desde las alturas.<\/p>\n<\/div>\n<div id=\"element-body-20\">\n<p><em>Con informaci\u00f3n de la agencia AFP<\/em><\/p>\n<\/div>\n<p><br \/>\n<br \/><a href=\"https:\/\/www.clarin.com\/internacional\/desgarrador-testimonio-mujer-presencio-caida-globo-aerostatico-brasil-vimos-personas-saltando_0_SVLh8PPFHJ.html\">Fuente Clarin.com <\/a><\/p>\n","protected":false},"excerpt":{"rendered":"<p>Un globo aerost\u00e1tico tripulado con 21 personas a bordo se precipit\u00f3 al suelo este s\u00e1bado 21 de junio por la ma\u00f1ana en el estado de Santa Catarina, en Brasil, tras haberse incendiado durante un viaje tur\u00edstico, seg\u00fan informaci\u00f3n de medios aut\u00f3ctonos. Las autoridades confirmaron que al menos 8 pasajeros perdieron la vida. Horas despu\u00e9s de [&hellip;]<\/p>\n","protected":false},"author":1,"featured_media":35815,"comment_status":"open","ping_status":"open","sticky":false,"template":"","format":"standard","meta":{"footnotes":""},"categories":[2],"tags":[21323,85,1953,100,1646,8296,138,2125,21846,21848,6286,21847],"class_list":["post-35814","post","type-post","status-publish","format-standard","has-post-thumbnail","hentry","category-ultimas-noticias","tag-aerostatico","tag-brasil","tag-caida","tag-del","tag-desgarrador","tag-globo","tag-mujer","tag-personas","tag-presencio","tag-saltando","tag-testimonio","tag-vimos"],"_links":{"self":[{"href":"https:\/\/13.com.ar\/index.php\/wp-json\/wp\/v2\/posts\/35814","targetHints":{"allow":["GET"]}}],"collection":[{"href":"https:\/\/13.com.ar\/index.php\/wp-json\/wp\/v2\/posts"}],"about":[{"href":"https:\/\/13.com.ar\/index.php\/wp-json\/wp\/v2\/types\/post"}],"author":[{"embeddable":true,"href":"https:\/\/13.com.ar\/index.php\/wp-json\/wp\/v2\/users\/1"}],"replies":[{"embeddable":true,"href":"https:\/\/13.com.ar\/index.php\/wp-json\/wp\/v2\/comments?post=35814"}],"version-history":[{"count":0,"href":"https:\/\/13.com.ar\/index.php\/wp-json\/wp\/v2\/posts\/35814\/revisions"}],"wp:featuredmedia":[{"embeddable":true,"href":"https:\/\/13.com.ar\/index.php\/wp-json\/wp\/v2\/media\/35815"}],"wp:attachment":[{"href":"https:\/\/13.com.ar\/index.php\/wp-json\/wp\/v2\/media?parent=35814"}],"wp:term":[{"taxonomy":"category","embeddable":true,"href":"https:\/\/13.com.ar\/index.php\/wp-json\/wp\/v2\/categories?post=35814"},{"taxonomy":"post_tag","embeddable":true,"href":"https:\/\/13.com.ar\/index.php\/wp-json\/wp\/v2\/tags?post=35814"}],"curies":[{"name":"wp","href":"https:\/\/api.w.org\/{rel}","templated":true}]}}