{"id":35812,"date":"2025-06-21T17:41:33","date_gmt":"2025-06-21T20:41:33","guid":{"rendered":"https:\/\/13.com.ar\/index.php\/en-bayern-munich-quedaron-enloquecidos-con-el-mundo-boca-y-avisaron-que-va-a-salir-a-ganarle-a-benfica\/"},"modified":"2025-06-21T17:41:33","modified_gmt":"2025-06-21T20:41:33","slug":"en-bayern-munich-quedaron-enloquecidos-con-el-mundo-boca-y-avisaron-que-va-a-salir-a-ganarle-a-benfica","status":"publish","type":"post","link":"https:\/\/13.com.ar\/index.php\/en-bayern-munich-quedaron-enloquecidos-con-el-mundo-boca-y-avisaron-que-va-a-salir-a-ganarle-a-benfica\/","title":{"rendered":"En Bayern M\u00fanich quedaron enloquecidos con el Mundo Boca y avisaron que va a salir a ganarle a Benfica"},"content":{"rendered":"<p> <br \/>\n<br \/><img decoding=\"async\" src=\"https:\/\/13.com.ar\/wp-content\/uploads\/2025\/06\/En-Bayern-Munich-quedaron-enloquecidos-con-el-Mundo-Boca-y.jpg\" \/><\/p>\n<div id=\"element-body-0\">\n<p><strong>-Harry, \u00bfvan a salir a ganarle al Benfica?<\/strong><\/p>\n<\/div>\n<div id=\"element-body-2\">\n<p>&#8220;For sure&#8221;, dijo en realidad<strong> Harry Kane <\/strong>antes de perderse detr\u00e1s de los telones de la zona mixta que divide a los jugadores de los periodistas. Es la frase a la que se aferran los hinchas de Boca que quieren seguir con vida en el <strong>Mundial de Clubes<\/strong>.<\/p>\n<\/div>\n<div id=\"element-body-3\">\n<p>El ingl\u00e9s, de cerca, parece un pr\u00edncipe. Se para erguido, se expresa como si trabajara en atenci\u00f3n al p\u00fablico y habla su lengua madre con mejor pronunciaci\u00f3n que cualquiera aqu\u00ed.<\/p>\n<\/div>\n<div id=\"element-body-4\">\n<p><strong>En el Bayern parece un operario que lleg\u00f3 de otro lado para cumplir con una tarea espec\u00edfica.<\/strong> Y ante Boca la hizo. Meti\u00f3 el 1-0 bien ubicado, aprovechando un rebote, y cerca del final desenred\u00f3 una jugada con un pase a Olise que fue el 2-1 definitivo. A fichar, una ducha y a casa.<\/p>\n<\/div>\n<div id=\"element-body-5\">\n<p>&#8220;Parec\u00eda un partido de visitante. <strong>Su afici\u00f3n era muy, muy ruidosa. Para ser sinceros, fue una gran experiencia jugar frente a ellos. <\/strong>Y creo que eso es lo que hace que una victoria sea a\u00fan m\u00e1s especial, porque se siente como una buena victoria de visitante. As\u00ed que estamos muy contentos, muy satisfechos&#8221;, fue una de las primeras cosas que destac\u00f3 el ex Tottenham.<\/p>\n<\/div>\n<div id=\"element-body-6\">\n<p>&#8220;<strong>Fue un ambiente incre\u00edble. Sin duda, uno de los mejores de mi carrera<\/strong>. Hay que reconocerles el m\u00e9rito, hicieron que fuera una noche especial. Claro que los de Boca no se van a ir contentos a casa pero creo que vieron un gran partido&#8221;, agreg\u00f3.<\/p>\n<\/div>\n<div id=\"element-body-7\">\n<div class=\"sc-c2c2a3c6-1 kQhBlc videoText videoText\">\n<h2>Video<\/h2>\n<p>El elogio de Harry Kane a la hinchada de Boca: &#8220;Una de las mejores atm\u00f3sferas de mi carrera&#8221;<\/p>\n<\/div>\n<\/div>\n<div id=\"element-body-8\">\n<p>Pero los hinchas de Boca ya no est\u00e1n pendientes de los elogios. La cabeza de todos ahora est\u00e1 puesta en viajar a Nashville y golear al Auckland City pero saben que no habr\u00e1 clasificaci\u00f3n a octavos si en el otro partido, que se juega en Charlotte, los alemanes no vencen a Benfica.<\/p>\n<\/div>\n<div id=\"element-body-9\">\n<p><strong>Vincent Kompany<\/strong>, aquel belga que era s\u00edmbolo como defensor del Manchester City, hoy es entrenador y con su llegada al Bayern, hace un a\u00f1o, le devolvi\u00f3 la hegemon\u00eda de siempre tras el par\u00e9ntesis que impuso el Leverkusen.<\/p>\n<\/div>\n<div id=\"element-body-10\">\n<p>El exfutbolista que fue compa\u00f1ero del <strong>Kun Ag\u00fcero <\/strong>y aprendi\u00f3 todo de <strong>Pep Guardiola<\/strong> tampoco pudo evitar hablar de un Hard Rock Stadium que volvi\u00f3 a vibrar como la Bombonera.<\/p>\n<\/div>\n<div id=\"element-body-11\">\n<p><strong>&#8220;Jugamos contra un gran club, con una afici\u00f3n que creo que la mayor\u00eda de los equipos pagar\u00edan por ver. Fue una gran experiencia&#8221;<\/strong>, se\u00f1al\u00f3 Kompany tras la victoria.<\/p>\n<\/div>\n<div id=\"element-body-13\">\n<p>Y al igual que Kane dejo bien claro que la premisa del choque del martes contra Benfica ser\u00e1 ganar el partido, por m\u00e1s que un empate le garantiza el primer lugar y a los portugueses avanzar a la siguiente ronda.<\/p>\n<\/div>\n<div id=\"element-body-14\">\n<p>&#8220;<strong>Es absolutamente imposible no ir a por la victoria. V<\/strong>amos a ir a ganar al 100 por ciento. No hay discusi\u00f3n&#8221;, expres\u00f3 en forma enf\u00e1tica.<\/p>\n<\/div>\n<div id=\"element-body-15\">\n<p>Kompany pudo hacerse el tonto pero dej\u00f3 clara su intenci\u00f3n de ganarle al Benfica y, de paso, darle una mano al Xeneize. Lo hizo al explicar que a \u00e9l no le gusta rotar jugadores para darles descanso, decisi\u00f3n que beneficiar\u00eda al equipo de Di Mar\u00eda y Otamendi.<\/p>\n<\/div>\n<div id=\"element-body-16\">\n<p>&#8220;<strong>No me gusta la palabra rotaci\u00f3n. La prioridad es ganar el grupo. <\/strong>Veremos c\u00f3mo se sienten f\u00edsicamente los jugadores. Tenemos tan buenos jugadores que cualquier equipo que saquemos al campo ser\u00e1 un buen equipo&#8221;, respondi\u00f3 el DT al que mira todo Boca.<\/p>\n<\/div>\n<div id=\"element-body-18\">\n<p>Y agreg\u00f3: &#8220;Somos el Bayern Munich y tenemos la obligaci\u00f3n de ganar todos los partidos&#8221;.<\/p>\n<\/div>\n<div id=\"element-body-19\">\n<p>Digan lo que digan y hagan lo que hagan los ahora amigos del Bayern, Boca deber\u00e1 cumplir su parte sin pensar en los europeos. La verdad se conocer\u00e1 este martes desde las 16 (hora argentina) cuando ambos partidos comiencen a jugarse.<\/p>\n<\/div>\n<p><br \/>\n<br \/><a href=\"https:\/\/www.clarin.com\/deportes\/bayern-munich-quedaron-enloquecidos-mundo-boca-avisaron-va-salir-ganarle-benfica_0_ewZ1xi7eKD.html\">Fuente Clarin.com <\/a><\/p>\n","protected":false},"excerpt":{"rendered":"<p>-Harry, \u00bfvan a salir a ganarle al Benfica? &#8220;For sure&#8221;, dijo en realidad Harry Kane antes de perderse detr\u00e1s de los telones de la zona mixta que divide a los jugadores de los periodistas. Es la frase a la que se aferran los hinchas de Boca que quieren seguir con vida en el Mundial de [&hellip;]<\/p>\n","protected":false},"author":1,"featured_media":35813,"comment_status":"open","ping_status":"open","sticky":false,"template":"","format":"standard","meta":{"footnotes":""},"categories":[2],"tags":[9343,6734,13434,707,18,21845,8799,143,6518,5674,1660],"class_list":["post-35812","post","type-post","status-publish","format-standard","has-post-thumbnail","hentry","category-ultimas-noticias","tag-avisaron","tag-bayern","tag-benfica","tag-boca","tag-con","tag-enloquecidos","tag-ganarle","tag-mundo","tag-munich","tag-quedaron","tag-salir"],"_links":{"self":[{"href":"https:\/\/13.com.ar\/index.php\/wp-json\/wp\/v2\/posts\/35812","targetHints":{"allow":["GET"]}}],"collection":[{"href":"https:\/\/13.com.ar\/index.php\/wp-json\/wp\/v2\/posts"}],"about":[{"href":"https:\/\/13.com.ar\/index.php\/wp-json\/wp\/v2\/types\/post"}],"author":[{"embeddable":true,"href":"https:\/\/13.com.ar\/index.php\/wp-json\/wp\/v2\/users\/1"}],"replies":[{"embeddable":true,"href":"https:\/\/13.com.ar\/index.php\/wp-json\/wp\/v2\/comments?post=35812"}],"version-history":[{"count":0,"href":"https:\/\/13.com.ar\/index.php\/wp-json\/wp\/v2\/posts\/35812\/revisions"}],"wp:featuredmedia":[{"embeddable":true,"href":"https:\/\/13.com.ar\/index.php\/wp-json\/wp\/v2\/media\/35813"}],"wp:attachment":[{"href":"https:\/\/13.com.ar\/index.php\/wp-json\/wp\/v2\/media?parent=35812"}],"wp:term":[{"taxonomy":"category","embeddable":true,"href":"https:\/\/13.com.ar\/index.php\/wp-json\/wp\/v2\/categories?post=35812"},{"taxonomy":"post_tag","embeddable":true,"href":"https:\/\/13.com.ar\/index.php\/wp-json\/wp\/v2\/tags?post=35812"}],"curies":[{"name":"wp","href":"https:\/\/api.w.org\/{rel}","templated":true}]}}