{"id":35810,"date":"2025-06-21T17:38:33","date_gmt":"2025-06-21T20:38:33","guid":{"rendered":"https:\/\/13.com.ar\/index.php\/un-turista-dano-un-cuadro-del-siglo-xviii-cuando-quiso-sacarse-una-foto-en-italia\/"},"modified":"2025-06-21T17:38:33","modified_gmt":"2025-06-21T20:38:33","slug":"un-turista-dano-un-cuadro-del-siglo-xviii-cuando-quiso-sacarse-una-foto-en-italia","status":"publish","type":"post","link":"https:\/\/13.com.ar\/index.php\/un-turista-dano-un-cuadro-del-siglo-xviii-cuando-quiso-sacarse-una-foto-en-italia\/","title":{"rendered":"Un turista da\u00f1\u00f3 un cuadro del siglo XVIII cuando quiso sacarse una foto en Italia"},"content":{"rendered":"<p> <br \/>\n<br \/><img decoding=\"async\" src=\"https:\/\/13.com.ar\/wp-content\/uploads\/2025\/06\/Un-turista-dano-un-cuadro-del-siglo-XVIII-cuando-quiso.jpg\" \/><\/p>\n<div id=\"element-body-0\">\n<p>Un cuadro del siglo XVIII de la Galer\u00eda de los Uffizi de Florencia (<strong>Italia<\/strong>) result\u00f3 da\u00f1ado este s\u00e1bado despu\u00e9s de que <strong>un turista cayera sobre la tela <\/strong>mientras intentaba tomarse una foto.<\/p>\n<\/div>\n<div id=\"element-body-1\">\n<p>Se trata del <strong>&#8216;Retrato de Ferdinando de Medici Gran Pr\u00edncipe de Toscana&#8217;<\/strong> (1722) de Anton Domenico Gabbiani, conservado normalmente en el cercano Palazzo Pitti, pero que se encontraba expuesto en Los Uffizi de forma temporal por una muestra sobre el &#8216;Settecento&#8217;.<\/p>\n<\/div>\n<div id=\"element-body-2\">\n<p>Durante la ma\u00f1ana de este s\u00e1bado, un turista tropez\u00f3 cuando intentaba hacerse una foto y termin\u00f3 apoy\u00e1ndose en el cuadro, rasgando su tela. No obstante <strong>los da\u00f1os son &#8220;leves&#8221;<\/strong> y ya se procedi\u00f3 a retirarlo para su reparaci\u00f3n.<\/p>\n<\/div>\n<div id=\"element-body-3\">\n<blockquote class=\"twitter-tweet\">\n<p lang=\"it\" dir=\"ltr\">Agli Uffizi un visitatore perde l&#8217;equilibrio mentre si fa un selfie e danneggia un dipinto. La scena immortalata in un video. <a rel=\"nofollow\" target=\"_blank\" href=\"https:\/\/twitter.com\/hashtag\/ANSA?src=hash&amp;ref_src=twsrc%5Etfw\">#ANSA<\/a> <a rel=\"nofollow\" target=\"_blank\" href=\"https:\/\/t.co\/uoWVPuarRJ\">pic.twitter.com\/uoWVPuarRJ<\/a><\/p>\n<p>\u2014 Agenzia ANSA (@Agenzia_Ansa) <a rel=\"nofollow\" target=\"_blank\" href=\"https:\/\/twitter.com\/Agenzia_Ansa\/status\/1936467076010422643?ref_src=twsrc%5Etfw\">June 21, 2025<\/a><\/p><\/blockquote>\n<\/div>\n<div id=\"element-body-4\">\n<p>El director de los Uffizi, Simone Verde, explic\u00f3 que todo ocurri\u00f3 cuando &#8220;el turista, queriendo hacer &#8216;un meme&#8217; ante la pintura, <strong>posando como el pr\u00edncipe M\u00e9dici,<\/strong> cay\u00f3 hacia atr\u00e1s da\u00f1\u00e1ndolo&#8221;.<\/p>\n<\/div>\n<div id=\"element-body-5\">\n<p>Por eso, al denunciar el <strong>problema &#8220;creciente&#8221;<\/strong> de los visitantes que se hacen fotos ante las obras, poni\u00e9ndolas en peligro, avanz\u00f3 medidas contundentes para frenar este fen\u00f3meno.<\/p>\n<\/div>\n<div id=\"element-body-6\">\n<p>&#8220;El problema de los visitantes que vienen a los museos a hacer &#8216;memes&#8217; o selfis para las redes sociales es creciente: Pondremos l\u00edmites muy precisos, impidiendo comportamientos no compatibles con el sentido de nuestras instituciones y el respeto del patrimonio cultural&#8221;, asegur\u00f3 Verde.<\/p>\n<\/div>\n<div id=\"element-body-8\">\n<p>Este no es el primer incidente de un turista con una obra de arte en los \u00faltimos d\u00edas en Italia. Recientemente, una pareja <strong>arruin\u00f3 una valiosa obra de arte<\/strong> en el Palacio Maffei de Verona al tratar de sacarse una foto cuando los guardias de seguridad no estaban presentes en la sala.<\/p>\n<\/div>\n<div id=\"element-body-9\">\n<p>El hecho fue captado por las c\u00e1maras de seguridad de la instituci\u00f3n y compartido en sus redes sociales, donde aseguraron que fue \u201cun gesto irresponsable\u201d.<\/p>\n<\/div>\n<div id=\"element-body-10\">\n<div class=\"sc-c2c2a3c6-1 kQhBlc videoText videoText\">\n<h2>Video<\/h2>\n<p>Una pareja de turistas destruy\u00f3 una valiosa obra solo para sacarse una foto<\/p>\n<\/div>\n<\/div>\n<div id=\"element-body-11\">\n<p>La pieza da\u00f1ada fue<strong> \u201cLa silla de &#8216;Van Gogh&#8217;<\/strong>\u201d, de Nicola Bolla, un artista italiano nacido en Piamonte en 1963, quien tambi\u00e9n es escultor conceptual y cirujano oftalm\u00f3logo de profesi\u00f3n.<\/p>\n<\/div>\n<div id=\"element-body-12\">\n<p>De acuerdo con la publicaci\u00f3n, la pareja \u2014cuyos nombres no fueron revelados\u2014 esper\u00f3 que saliera el guardia de seguridad de la sala para tomarse una foto \u201cignorando toda regla de respeto hacia el arte\u00a0y el patrimonio cultural\u201d.<\/p>\n<\/div>\n<div id=\"element-body-14\">\n<p>En el video se puede observar c\u00f3mo la mujer se sienta en la obra de arte mientras el hombre le toma una foto, para luego intercambiar roles y ser el hombre quien se sienta para ser capturado por la c\u00e1mara, momento en que la pieza se quiebra.<\/p>\n<\/div>\n<div id=\"element-body-15\">\n<p>\u201cDurante d\u00edas no sab\u00edamos si habr\u00eda sido posible restaurarlo. Pero lo hicimos\u201d, escribi\u00f3 el museo en la segunda publicaci\u00f3n, donde insistieron que compartieron el episodio \u201cno solo por el bien de informar, sino para iniciar una campa\u00f1a real para crear conciencia sobre el valor del arte y el respeto que se merece\u201d.<\/p>\n<\/div>\n<p><script async src=\"\/\/platform.twitter.com\/widgets.js\" charset=\"utf-8\"><\/script><br \/>\n<br \/><br \/>\n<br \/><a href=\"https:\/\/www.clarin.com\/internacional\/turista-dano-cuadro-siglo-xviii-quiso-sacarse-foto-italia_0_hNyeKcRTxv.html\">Fuente Clarin.com <\/a><\/p>\n","protected":false},"excerpt":{"rendered":"<p>Un cuadro del siglo XVIII de la Galer\u00eda de los Uffizi de Florencia (Italia) result\u00f3 da\u00f1ado este s\u00e1bado despu\u00e9s de que un turista cayera sobre la tela mientras intentaba tomarse una foto. Se trata del &#8216;Retrato de Ferdinando de Medici Gran Pr\u00edncipe de Toscana&#8217; (1722) de Anton Domenico Gabbiani, conservado normalmente en el cercano Palazzo [&hellip;]<\/p>\n","protected":false},"author":1,"featured_media":35811,"comment_status":"open","ping_status":"open","sticky":false,"template":"","format":"standard","meta":{"footnotes":""},"categories":[2],"tags":[5686,677,7827,100,1840,1696,2986,10821,2623,4572,73,21844],"class_list":["post-35810","post","type-post","status-publish","format-standard","has-post-thumbnail","hentry","category-ultimas-noticias","tag-cuadro","tag-cuando","tag-dano","tag-del","tag-foto","tag-italia","tag-quiso","tag-sacarse","tag-siglo","tag-turista","tag-una","tag-xviii"],"_links":{"self":[{"href":"https:\/\/13.com.ar\/index.php\/wp-json\/wp\/v2\/posts\/35810","targetHints":{"allow":["GET"]}}],"collection":[{"href":"https:\/\/13.com.ar\/index.php\/wp-json\/wp\/v2\/posts"}],"about":[{"href":"https:\/\/13.com.ar\/index.php\/wp-json\/wp\/v2\/types\/post"}],"author":[{"embeddable":true,"href":"https:\/\/13.com.ar\/index.php\/wp-json\/wp\/v2\/users\/1"}],"replies":[{"embeddable":true,"href":"https:\/\/13.com.ar\/index.php\/wp-json\/wp\/v2\/comments?post=35810"}],"version-history":[{"count":0,"href":"https:\/\/13.com.ar\/index.php\/wp-json\/wp\/v2\/posts\/35810\/revisions"}],"wp:featuredmedia":[{"embeddable":true,"href":"https:\/\/13.com.ar\/index.php\/wp-json\/wp\/v2\/media\/35811"}],"wp:attachment":[{"href":"https:\/\/13.com.ar\/index.php\/wp-json\/wp\/v2\/media?parent=35810"}],"wp:term":[{"taxonomy":"category","embeddable":true,"href":"https:\/\/13.com.ar\/index.php\/wp-json\/wp\/v2\/categories?post=35810"},{"taxonomy":"post_tag","embeddable":true,"href":"https:\/\/13.com.ar\/index.php\/wp-json\/wp\/v2\/tags?post=35810"}],"curies":[{"name":"wp","href":"https:\/\/api.w.org\/{rel}","templated":true}]}}