{"id":35808,"date":"2025-06-21T17:08:33","date_gmt":"2025-06-21T20:08:33","guid":{"rendered":"https:\/\/13.com.ar\/index.php\/el-escandalo-de-corrupcion-y-mujeres-causa-grietas-en-el-psoe-de-pedro-sanchez-y-el-presidente-de-espana-queda-cada-vez-mas-solo\/"},"modified":"2025-06-21T17:08:33","modified_gmt":"2025-06-21T20:08:33","slug":"el-escandalo-de-corrupcion-y-mujeres-causa-grietas-en-el-psoe-de-pedro-sanchez-y-el-presidente-de-espana-queda-cada-vez-mas-solo","status":"publish","type":"post","link":"https:\/\/13.com.ar\/index.php\/el-escandalo-de-corrupcion-y-mujeres-causa-grietas-en-el-psoe-de-pedro-sanchez-y-el-presidente-de-espana-queda-cada-vez-mas-solo\/","title":{"rendered":"El esc\u00e1ndalo de corrupci\u00f3n y mujeres causa grietas en el PSOE de Pedro S\u00e1nchez y el presidente de Espa\u00f1a queda cada vez m\u00e1s solo"},"content":{"rendered":"<p> <br \/>\n<\/p>\n<div id=\"cuerpo\">\n<div class=\"sc-45461e9c-0 eqiBeF container-text text-embed \" id=\"element-body-0\">\n<p>Cada vez m\u00e1s solo. Recluido en La Moncloa desde el mi\u00e9rcoles, el presidente <strong>Pedro S\u00e1nchez<\/strong> intenta resistir ante el esc\u00e1ndalo por corrupci\u00f3n y machismo en el que est\u00e1 hundido su partido, el PSOE.<\/p>\n<\/div>\n<div class=\"sc-45461e9c-0 eqiBeF container-text text-embed \" id=\"element-body-1\">\n<p>Una investigaci\u00f3n de la Guardia Civil revela que un ex ministro de Transportes, su ex chofer y el ex secretario de organizaci\u00f3n socialistas cobraban coimas por adjudicar la construcci\u00f3n de puentes y carreteras en distintas ciudades de Espa\u00f1a.<\/p>\n<\/div>\n<div class=\"sc-45461e9c-0 eqiBeF container-text text-embed \" id=\"element-body-2\">\n<p>Los partidos de izquierda, socios del PSOE en el gobierno actual y en el anterior, se desmarcan de los socialistas. Condenan la corrupci\u00f3n que los afecta y se alejan de S\u00e1nchez.<\/p>\n<\/div>\n<div class=\"sc-45461e9c-0 eqiBeF container-text text-embed \" id=\"element-body-3\">\n<p>Porque, adem\u00e1s de las presuntas coimas, la filtraci\u00f3n de unos audios en los que el ex ministro y su ex chofer arman listas de se\u00f1oritas para intercambiarse en una noche de lujuria hace a\u00f1icos el feminismo que Pedro S\u00e1nchez pregona al frente del gobierno de izquierdas que integran el PSOE y Sumar, el socio minoritario en la coalici\u00f3n que gobierna Espa\u00f1a desde 2023.<\/p>\n<\/div>\n<div class=\"sc-45461e9c-0 eqiBeF container-text text-embed \" id=\"element-body-4\">\n<p>Desde este espacio, que lidera la vicepresidenta segunda y ministra de Trabajo, <strong>Yolanda D\u00edaz<\/strong>, toman distancia del Partido Socialista.<\/p>\n<\/div>\n<div class=\"sc-45461e9c-0 eqiBeF container-text text-embed \" id=\"element-body-5\">\n<p>\u201cNo merecen nuestro respeto, ni representarnos\u201d, dijo Yolanda D\u00edaz este s\u00e1bado en la clausura del Congreso Confederal de Comisiones Obreras en Madrid. Se refer\u00eda al tr\u00edo de socialistas implicados en la trama corrupta: el ex ministro de Transportes, Jos\u00e9 Luis Abalos; su ex chofer, Koldo Garc\u00eda, y el ex secretario de organizaci\u00f3n del PSOE, Santos Cerd\u00e1n.<\/p>\n<\/div>\n<div class=\"sc-98b114a2-0 bkqiHH image-embed  image-embed \" id=\"element-body-6\"><picture class=\"sc-98b114a2-1 jRUlDm\"><source media=\"(min-width: 975px)\" width=\"720\" height=\"480\" \/><img alt=\"La vicepresidenta segunda del gobierno espa\u00f1ol, Yolanda D\u00edaz. Foto: EFE\" loading=\"lazy\" width=\"720\" height=\"480\" decoding=\"async\" data-nimg=\"1\" style=\"color:transparent\" src=\"https:\/\/13.com.ar\/wp-content\/uploads\/2025\/06\/El-escandalo-de-corrupcion-y-mujeres-causa-grietas-en-el.jpg\"\/><span class=\"epigraphe\">La vicepresidenta segunda del gobierno espa\u00f1ol, Yolanda D\u00edaz. Foto: EFE<\/span><span class=\"picture-open\"><button class=\"open-image\" aria-label=\"Open Image\"\/><\/span><\/picture><\/div>\n<div class=\"sc-45461e9c-0 eqiBeF container-text text-embed \" id=\"element-body-7\">\n<p>\u201cMe averg\u00fcenzan los comportamientos de golfos, de se\u00f1ores corruptos y de su deleznable forma de actuar\u201d, dijo D\u00edaz.<\/p>\n<\/div>\n<div class=\"sc-45461e9c-0 eqiBeF container-text text-embed \" id=\"element-body-8\">\n<p>Y agreg\u00f3: \u201cMientras unos acordaban \u2018mordidas\u2019 al lado del Ministerio de Trabajo, otras est\u00e1bamos peleando la reforma laboral. As\u00ed que lo digo con dignidad: No somos todas iguales\u201d.<\/p>\n<\/div>\n<div class=\"sc-45461e9c-0 eqiBeF container-text text-embed \" id=\"element-body-9\">\n<p><strong>La ministra contradijo al propio presidente del gobierno cuando se\u00f1al\u00f3 que la corrupci\u00f3n cero no existe <\/strong>pero que hay que combatirla como, seg\u00fan \u00e9l, est\u00e1 haciendo el PSOE.<\/p>\n<\/div>\n<div class=\"sc-45461e9c-0 eqiBeF container-text text-embed \" id=\"element-body-10\">\n<p>\u201cLa corrupci\u00f3n cero s\u00ed existe\u201d, le respondi\u00f3 la vicepresidenta.<\/p>\n<\/div>\n<div class=\"sc-45461e9c-0 eqiBeF container-text text-embed \" id=\"element-body-11\">\n<p>\u201cTenemos cinco ministerios limpios -insisti\u00f3 D\u00edaz sobre las carteras lideradas por Sumar-. Tenemos un espacio pol\u00edtico que ha gobernado y nunca ha robado.\u201d<\/p>\n<\/div>\n<div class=\"sc-45461e9c-0 eqiBeF container-text text-embed \" id=\"element-body-12\">\n<p>La ministra de Trabajo ya hab\u00eda manifestado su malestar el mi\u00e9rcoles, cuando <strong>no acompa\u00f1\u00f3 a S\u00e1nchez al Congreso,<\/strong> donde el presidente recibi\u00f3 dardos venenosos en la sesi\u00f3n de control al gobierno.<\/p>\n<\/div>\n<div class=\"sc-45461e9c-0 eqiBeF container-text text-embed \" id=\"element-body-13\">\n<p>El martes por la tarde, fue la primera en reunirse con \u00e9l en una ronda de consultas que el jefe del gobierno improvis\u00f3 con los siete partidos que apoyaron su reelecci\u00f3n para medir la t\u00e9rmica de c\u00f3mo est\u00e1n impactando las revelaciones del informe de la Guardia Civil.<\/p>\n<\/div>\n<div class=\"sc-98b114a2-0 bkqiHH image-embed  image-embed \" id=\"element-body-14\"><picture class=\"sc-98b114a2-1 jRUlDm\"><source media=\"(min-width: 975px)\" width=\"720\" height=\"480\" \/><img alt=\"Un colectivo frente al Congreso de Espa\u00f1a protestando contra el presidente de gobierno Pedro S\u00e1nchez, el mi\u00e9rcoles en Madrid. Foto: C\u00e9zaro De Luca\" loading=\"lazy\" width=\"720\" height=\"480\" decoding=\"async\" data-nimg=\"1\" style=\"color:transparent\" src=\"https:\/\/13.com.ar\/wp-content\/uploads\/2025\/06\/1750253680_600_Pedro-Sanchez-al-borde-del-precipicio-en-Espana.jpg\"\/><span class=\"epigraphe\">Un colectivo frente al Congreso de Espa\u00f1a protestando contra el presidente de gobierno Pedro S\u00e1nchez, el mi\u00e9rcoles en Madrid. Foto: C\u00e9zaro De Luca<\/span><span class=\"picture-open\"><button class=\"open-image\" aria-label=\"Open Image\"\/><\/span><\/picture><\/div>\n<div class=\"sc-45461e9c-0 eqiBeF container-text text-embed \" id=\"element-body-15\">\n<p>En ese encuentro, Yolanda D\u00edaz le hizo dos pedidos a Pedro S\u00e1nchez: terminar con la inmunidad de los pol\u00edticos que ocupan cargos p\u00fablicos y castigar a las empresas que paguen coimas.<\/p>\n<\/div>\n<p><h2>Allanamientos en la sede del PSOE<\/h2>\n<\/p>\n<div class=\"sc-45461e9c-0 eqiBeF container-text text-embed \" id=\"element-body-17\">\n<p>Adem\u00e1s de producir un documento de 490 p\u00e1ginas con lo hallado durante su investigaci\u00f3n, la Unidad Central Operativa de la Guardia Civil allan\u00f3 el viernes la sede central del PSOE, sobre la calle Ferraz de Madrid.<\/p>\n<\/div>\n<div class=\"sc-45461e9c-0 eqiBeF container-text text-embed \" id=\"element-body-18\">\n<p>Contaban con una orden judicial del Tribunal Supremo para clonar la cuenta de correo electr\u00f3nico del partido del ex secretario de organizaci\u00f3n Cerd\u00e1n. <\/p>\n<\/div>\n<div class=\"sc-45461e9c-0 eqiBeF container-text text-embed \" id=\"element-body-19\">\n<p>Estuvieron haciendo lo mismo en el Ministerio de Transportes, de d\u00f3nde se llevaron copia de los mails de la cuenta que utilizaba Abalos y documentos de una once licitaciones en las que estar\u00edan involucradas otras dos dependencias, por haber facilitado presuntamente el pago de coimas: el Administrador de Infraestructuras Ferroviarias y la Direcci\u00f3n General de Carreteras.<\/p>\n<\/div>\n<p><h2>\u201cEl gobierno est\u00e1 muerto\u201d<\/h2>\n<\/p>\n<div class=\"sc-45461e9c-0 eqiBeF container-text text-embed \" id=\"element-body-21\">\n<p>Podemos, el partido \u201cde los indignados\u201d que gobern\u00f3 en coalici\u00f3n con el PSOE entre 2020 y 2023, firm\u00f3 el acta de defunci\u00f3n pol\u00edtica del presidente: \u201cEl gobierno est\u00e1 muerto\u201d, dijo este s\u00e1bado Ione Belarra, secretaria general de Podemos.<\/p>\n<\/div>\n<div class=\"sc-45461e9c-0 eqiBeF container-text text-embed \" id=\"element-body-22\">\n<p>\u201cEl ciclo de Pedro S\u00e1nchez ha terminado. La \u00fanica duda es meramente temporal: cu\u00e1ndo se concretar\u00e1 el final\u201d, insisti\u00f3.\u201cAdem\u00e1s, a\u00fan no conocemos el alcance total de esta trama\u201d, agreg\u00f3 Belarra.<\/p>\n<\/div>\n<div class=\"sc-45461e9c-0 eqiBeF container-text text-embed \" id=\"element-body-23\">\n<p>Por su parte, el Partido Nacionalista Vasco (PNV), otra de las fuerzas pol\u00edticas que facilitaron la reelecci\u00f3n de S\u00e1nchez en 2023,<strong> exige al presidente que se presente en el Congreso de los Diputados para dar explicaciones<\/strong> lo antes posible.<\/p>\n<\/div>\n<div class=\"sc-45461e9c-0 eqiBeF container-text text-embed \" id=\"element-body-24\">\n<p>Escudado en que la agenda de compromisos internacionales no se lo permite hasta el 9 de julio, S\u00e1nchez agend\u00f3 para el mes que viene su comparecencia, una fecha que al PNV le resulta tard\u00eda.<\/p>\n<\/div>\n<div class=\"sc-45461e9c-0 eqiBeF container-text text-embed \" id=\"element-body-25\">\n<p>\u201cEl presidente debe comparecer cuanto antes\u201d, dijo este s\u00e1bado el l\u00edder del PNV, Aitor Esteban. Y advirti\u00f3 sobre c\u00f3mo podr\u00edan cambiar las votaciones de su partido en el Congreso: \u201cNo estamos para proteger gobiernos sino para proteger la dignidad democr\u00e1tica\u201d, subray\u00f3 Esteban.<\/p>\n<\/div>\n<div class=\"sc-45461e9c-0 eqiBeF container-text text-embed \" id=\"element-body-26\">\n<p>Desde el Partido Popular (PP), su secretaria general, Cuca Gamarra, fogoneaba este s\u00e1bado, en un acto en Pamplona, que los socios del gobierno rompan con S\u00e1nchez.<\/p>\n<\/div>\n<div class=\"sc-45461e9c-0 eqiBeF container-text text-embed \" id=\"element-body-27\">\n<p>En referencia a las declaraciones de la vicepresidenta y ministra Yolanda D\u00edaz, Gamarra sugiri\u00f3: \u201cSi tanto asco le da, solo tiene un camino: presentar su dimisi\u00f3n. Porque, si se queda, es c\u00f3mplice\u201d.<\/p>\n<\/div>\n<div class=\"sc-45461e9c-0 eqiBeF container-text text-embed \" id=\"element-body-28\">\n<p>\u201cNo eran tres lobos solitarios -dijo Gamarra sobre Abalos, Cerd\u00e1n y Koldo-. No eran tres manzanas podridas. Es la corrupci\u00f3n sist\u00e9mica del sanchismo.\u201d<\/p>\n<\/div>\n<\/div>\n<p><br \/>\n<br \/><a href=\"https:\/\/www.clarin.com\/mundo\/escandalo-corrupcion-mujeres-causa-grietas-psoe-pedro-sanchez-presidente-espana-queda-vez-solo_0_r2w8rrgLOA.html\">Fuente Clarin.com <\/a><\/p>\n","protected":false},"excerpt":{"rendered":"<p>Cada vez m\u00e1s solo. Recluido en La Moncloa desde el mi\u00e9rcoles, el presidente Pedro S\u00e1nchez intenta resistir ante el esc\u00e1ndalo por corrupci\u00f3n y machismo en el que est\u00e1 hundido su partido, el PSOE. Una investigaci\u00f3n de la Guardia Civil revela que un ex ministro de Transportes, su ex chofer y el ex secretario de organizaci\u00f3n [&hellip;]<\/p>\n","protected":false},"author":1,"featured_media":35809,"comment_status":"open","ping_status":"open","sticky":false,"template":"","format":"standard","meta":{"footnotes":""},"categories":[2],"tags":[1153,1663,4433,1711,2785,3464,155,4354,302,135,20234,4541,303,166,111],"class_list":["post-35808","post","type-post","status-publish","format-standard","has-post-thumbnail","hentry","category-ultimas-noticias","tag-cada","tag-causa","tag-corrupcion","tag-escandalo","tag-espana","tag-grietas","tag-mas","tag-mujeres","tag-pedro","tag-presidente","tag-psoe","tag-queda","tag-sanchez","tag-solo","tag-vez"],"_links":{"self":[{"href":"https:\/\/13.com.ar\/index.php\/wp-json\/wp\/v2\/posts\/35808","targetHints":{"allow":["GET"]}}],"collection":[{"href":"https:\/\/13.com.ar\/index.php\/wp-json\/wp\/v2\/posts"}],"about":[{"href":"https:\/\/13.com.ar\/index.php\/wp-json\/wp\/v2\/types\/post"}],"author":[{"embeddable":true,"href":"https:\/\/13.com.ar\/index.php\/wp-json\/wp\/v2\/users\/1"}],"replies":[{"embeddable":true,"href":"https:\/\/13.com.ar\/index.php\/wp-json\/wp\/v2\/comments?post=35808"}],"version-history":[{"count":0,"href":"https:\/\/13.com.ar\/index.php\/wp-json\/wp\/v2\/posts\/35808\/revisions"}],"wp:featuredmedia":[{"embeddable":true,"href":"https:\/\/13.com.ar\/index.php\/wp-json\/wp\/v2\/media\/35809"}],"wp:attachment":[{"href":"https:\/\/13.com.ar\/index.php\/wp-json\/wp\/v2\/media?parent=35808"}],"wp:term":[{"taxonomy":"category","embeddable":true,"href":"https:\/\/13.com.ar\/index.php\/wp-json\/wp\/v2\/categories?post=35808"},{"taxonomy":"post_tag","embeddable":true,"href":"https:\/\/13.com.ar\/index.php\/wp-json\/wp\/v2\/tags?post=35808"}],"curies":[{"name":"wp","href":"https:\/\/api.w.org\/{rel}","templated":true}]}}