{"id":35805,"date":"2025-06-21T16:14:31","date_gmt":"2025-06-21T19:14:31","guid":{"rendered":"https:\/\/13.com.ar\/index.php\/el-piloto-del-globo-aerostatico-revelo-la-probable-causa-del-tragico-accidente-en-brasil\/"},"modified":"2025-06-21T16:14:31","modified_gmt":"2025-06-21T19:14:31","slug":"el-piloto-del-globo-aerostatico-revelo-la-probable-causa-del-tragico-accidente-en-brasil","status":"publish","type":"post","link":"https:\/\/13.com.ar\/index.php\/el-piloto-del-globo-aerostatico-revelo-la-probable-causa-del-tragico-accidente-en-brasil\/","title":{"rendered":"El piloto del globo aerost\u00e1tico revel\u00f3 la probable causa del tr\u00e1gico accidente en Brasil"},"content":{"rendered":"<p> <br \/>\n<br \/><img decoding=\"async\" src=\"https:\/\/13.com.ar\/wp-content\/uploads\/2025\/06\/El-piloto-del-globo-aerostatico-revelo-la-probable-causa-del.jpg\" \/><\/p>\n<div id=\"element-body-0\">\n<p>Un soplete de repuesto habr\u00eda ocasionado el tr\u00e1gico accidente del globo aerost\u00e1tico en <strong>Santa Catarina, Brasil<\/strong>, que dej\u00f3 un saldo de ocho muertos y 13 heridos cuando se incendi\u00f3 en pleno vuelo.<\/p>\n<\/div>\n<div id=\"element-body-1\">\n<p>Este 21 de junio, en el municipio de <strong>Praia Grande<\/strong>, 21 personas \u201410 parejas que celebraban el D\u00eda de los Enamorados m\u00e1s el piloto\u2014 abordaron a la aeronave de la empresa <em>Sobrevoar<\/em> para un tour recreativo por <strong>\u201cla Capadocia Brasile\u00f1a\u201d<\/strong>, nombre con el que se conoce dicha localidad brasilera por sus paisajes de ca\u00f1ones, similares a los de Capadocia en Turqu\u00eda, que son muy populares para vuelos en globo aerost\u00e1tico.<\/p>\n<\/div>\n<div id=\"element-body-2\">\n<p>De acuerdo con el testimonio del piloto que sobrevivi\u00f3 al incidente, <strong>un soplete de repuesto instalado en la canasta para los casos en que fallara el quemador principal habr\u00eda comenzado el fuego<\/strong>. \u201cNo s\u00e9 si se encendi\u00f3 o si se volvi\u00f3 a encender por s\u00ed solo, pero fue el que lo inici\u00f3 todo\u201d, inform\u00f3 el profesional a las autoridades, indic\u00f3 el medio brasile\u00f1o <em>G1<\/em>.<\/p>\n<\/div>\n<div id=\"element-body-3\">\n<div class=\"sc-c2c2a3c6-1 kQhBlc videoText videoText\">\n<h2>Video<\/h2>\n<p>Un globo aerost\u00e1tico se prendi\u00f3 fuego en Brasil: iban 21 personas y hay al menos 8 muertos<\/p>\n<\/div>\n<\/div>\n<div id=\"element-body-4\">\n<p>El agente de la Polic\u00eda Civil <strong>Tiago Lemos <\/strong>explic\u00f3 que cuando comenz\u00f3 el fuego el piloto \u201corden\u00f3 que las personas saltaran de la canasta\u201d. \u201c<strong>Se inici\u00f3 una llama dentro de la canasta, entonces \u00e9l empez\u00f3 a bajar del globo<\/strong>. Cuando el globo estaba muy cerca del suelo, \u00e9l orden\u00f3 que las personas saltaran de la canasta\u201d, relat\u00f3. <\/p>\n<\/div>\n<div id=\"element-body-5\">\n<p>Algunas personas \u201cno lograron saltar\u201d, ya que las llamas \u201caumentaron\u201d, lo que elev\u00f3 el globo nuevamente hasta que <strong>\u201ctermin\u00f3 cay\u00e9ndose por falta de suspensi\u00f3n\u201d<\/strong>, la nave qued\u00f3 consumida por el fuego, se\u00f1al\u00f3 el agente. <\/p>\n<\/div>\n<div id=\"element-body-6\">\n<p>La cesta en llamas cay\u00f3 al suelo a gran velocidad, en la ribera de la carretera SC-108, en una zona rural cercana a un centro de salud. Los 13 sobrevivientes fueron enviados a hospitales cercanos por el <strong>Departamento de Bomberos <\/strong>y <strong>Samu<\/strong>, mientras que cinco de los heridos fueron trasladados al <strong>Hospital de Nossa Senhora de F\u00e1tima<\/strong>, en el centro de Praia Grande.<\/p>\n<\/div>\n<div id=\"element-body-8\">\n<p>\u201cTodos estamos consternados por esta tragedia. Los equipos contin\u00faan buscando y brindando todo el apoyo necesario a las familias\u201d, expres\u00f3 el gobernador de Santa Catarina, <strong>Jorginho Mello<\/strong>, a trav\u00e9s de un video publicado en su perfil de X. <\/p>\n<\/div>\n<div id=\"element-body-9\">\n<p>El presidente de Brasil, Luiz In\u00e1cio \u201cLula\u201d da Silva, tambi\u00e9n recurri\u00f3 a la red social para expresar su \u201csolidaridad con las familias de las v\u00edctimas del accidente\u201d, y poner el gobierno federal a disposici\u00f3n \u201cde las v\u00edctimas y de las fuerzas estatales y municipales que trabajan en el rescate y la atenci\u00f3n de los sobrevivientes\u201d. <\/p>\n<\/div>\n<div id=\"element-body-10\">\n<blockquote class=\"twitter-tweet\">\n<p lang=\"pt\" dir=\"ltr\">Quero expressar minha solidariedade \u00e0s fam\u00edlias das v\u00edtimas do acidente ocorrido com um bal\u00e3o na manh\u00e3 deste s\u00e1bado em Santa Catarina. E colocar o Governo Federal \u00e0 disposi\u00e7\u00e3o das v\u00edtimas e das for\u00e7as estaduais e municipais que atuam no resgate e no atendimento aos sobreviventes.<\/p>\n<p>\u2014 Lula (@LulaOficial) <a rel=\"nofollow\" target=\"_blank\" href=\"https:\/\/twitter.com\/LulaOficial\/status\/1936443290854789265?ref_src=twsrc%5Etfw\">June 21, 2025<\/a><\/p><\/blockquote>\n<\/div>\n<div id=\"element-body-11\">\n<p>A trav\u00e9s de un comunicado publicado en su perfil de Instagram, la empresa Sobrevoar expres\u00f3 su \u201cprofundo dolor y tristeza\u201d por el accidente y comparti\u00f3 su \u201csolidaridad y respeto hacia las v\u00edctimas involucradas\u201d.<\/p>\n<\/div>\n<div id=\"element-body-12\">\n<p>\u201cEn este momento, transmitimos nuestras condolencias a los familiares de las v\u00edctimas, ofreciendo todo nuestro apoyo y oraciones, y poni\u00e9ndonos a disposici\u00f3n para colaborar en todo lo que sea necesario\u201d, remarcaron. <\/p>\n<\/div>\n<div id=\"element-body-13\">\n<p>La empresa a\u00e9rea asegur\u00f3 que cumple con \u201ctodas las normas\u201d establecidas por la Agencia Nacional de Aviaci\u00f3n Civil (ANAC), y destac\u00f3 que no cuentan con antecedentes de accidentes. \u201cLamentablemente, a pesar de todas las precauciones necesarias y del esfuerzo de nuestro piloto \u2014quien contaba con amplia experiencia y sigui\u00f3 todos los procedimientos indicados, intentando salvar a todas las personas a bordo del globo\u2014, hoy nos toca sufrir el dolor causado por esta tragedia\u201d, agreg\u00f3. <\/p>\n<\/div>\n<div id=\"element-body-15\">\n<p>Asimismo, agradecieron los equipos de rescate y profesionales de la salud \u201cque est\u00e1n trabajando incansablemente para asistir a las v\u00edctimas\u201d, y anunciaron que la suspensi\u00f3n inmediata y por tiempo indefinido de todas sus operaciones \u201cen se\u00f1al de respeto hacia las v\u00edctimas, sus familiares y la comunidad\u201d.<\/p>\n<\/div>\n<div id=\"element-body-16\">\n<p>\u201cPor \u00faltimo, pedimos a la poblaci\u00f3n que, por respeto a las v\u00edctimas y a sus seres queridos, no difunda noticias falsas ni otras publicaciones que puedan aumentar el sufrimiento que ya est\u00e1n atravesando las familias\u201d, concluyeron. <\/p>\n<\/div>\n<p><script async src=\"\/\/platform.twitter.com\/widgets.js\" charset=\"utf-8\"><\/script><br \/>\n<br \/><br \/>\n<br \/><a href=\"https:\/\/www.clarin.com\/internacional\/piloto-globo-aerostatico-revelo-probable-causa-tragico-accidente-brasil_0_FMI9LVQ2l7.html\">Fuente Clarin.com <\/a><\/p>\n","protected":false},"excerpt":{"rendered":"<p>Un soplete de repuesto habr\u00eda ocasionado el tr\u00e1gico accidente del globo aerost\u00e1tico en Santa Catarina, Brasil, que dej\u00f3 un saldo de ocho muertos y 13 heridos cuando se incendi\u00f3 en pleno vuelo. Este 21 de junio, en el municipio de Praia Grande, 21 personas \u201410 parejas que celebraban el D\u00eda de los Enamorados m\u00e1s el [&hellip;]<\/p>\n","protected":false},"author":1,"featured_media":35806,"comment_status":"open","ping_status":"open","sticky":false,"template":"","format":"standard","meta":{"footnotes":""},"categories":[2],"tags":[973,21323,85,1663,100,8296,1598,21842,241,3465],"class_list":["post-35805","post","type-post","status-publish","format-standard","has-post-thumbnail","hentry","category-ultimas-noticias","tag-accidente","tag-aerostatico","tag-brasil","tag-causa","tag-del","tag-globo","tag-piloto","tag-probable","tag-revelo","tag-tragico"],"_links":{"self":[{"href":"https:\/\/13.com.ar\/index.php\/wp-json\/wp\/v2\/posts\/35805","targetHints":{"allow":["GET"]}}],"collection":[{"href":"https:\/\/13.com.ar\/index.php\/wp-json\/wp\/v2\/posts"}],"about":[{"href":"https:\/\/13.com.ar\/index.php\/wp-json\/wp\/v2\/types\/post"}],"author":[{"embeddable":true,"href":"https:\/\/13.com.ar\/index.php\/wp-json\/wp\/v2\/users\/1"}],"replies":[{"embeddable":true,"href":"https:\/\/13.com.ar\/index.php\/wp-json\/wp\/v2\/comments?post=35805"}],"version-history":[{"count":0,"href":"https:\/\/13.com.ar\/index.php\/wp-json\/wp\/v2\/posts\/35805\/revisions"}],"wp:featuredmedia":[{"embeddable":true,"href":"https:\/\/13.com.ar\/index.php\/wp-json\/wp\/v2\/media\/35806"}],"wp:attachment":[{"href":"https:\/\/13.com.ar\/index.php\/wp-json\/wp\/v2\/media?parent=35805"}],"wp:term":[{"taxonomy":"category","embeddable":true,"href":"https:\/\/13.com.ar\/index.php\/wp-json\/wp\/v2\/categories?post=35805"},{"taxonomy":"post_tag","embeddable":true,"href":"https:\/\/13.com.ar\/index.php\/wp-json\/wp\/v2\/tags?post=35805"}],"curies":[{"name":"wp","href":"https:\/\/api.w.org\/{rel}","templated":true}]}}