{"id":35801,"date":"2025-06-21T16:02:31","date_gmt":"2025-06-21T19:02:31","guid":{"rendered":"https:\/\/13.com.ar\/index.php\/su-deseo-de-presidir-el-debate-y-la-recriminacion-de-un-colega-indignado-para-que-renuncie\/"},"modified":"2025-06-21T16:02:31","modified_gmt":"2025-06-21T19:02:31","slug":"su-deseo-de-presidir-el-debate-y-la-recriminacion-de-un-colega-indignado-para-que-renuncie","status":"publish","type":"post","link":"https:\/\/13.com.ar\/index.php\/su-deseo-de-presidir-el-debate-y-la-recriminacion-de-un-colega-indignado-para-que-renuncie\/","title":{"rendered":"su deseo de presidir el debate y la recriminaci\u00f3n de un colega indignado para que renuncie"},"content":{"rendered":"<p> <br \/>\n<\/p>\n<div id=\"cuerpo\">\n<div class=\"sc-45461e9c-0 eqiBeF container-text text-embed \" id=\"element-body-0\">\n<p><strong>&#8220;Lo mejor que pod\u00e9s hacer es renunciar&#8221;<\/strong>. El esc\u00e1ndalo judicial en los Tribunales de San Isidro contin\u00faa, mientras se espera que esta semana se lleve adelante una audiencia preliminar del jury a la <strong>jueza Julieta Makintach (47)<\/strong>, quien qued\u00f3 en el centro de la escena tras confirmarse que autoriz\u00f3 la grabaci\u00f3n de una serie documental titulada &#8220;Justicia Divina&#8221; sobre el juicio por la muerte de <strong>Diego Armando Maradona (60)<\/strong>, lo que termin\u00f3 con su recusaci\u00f3n y la nulidad del debate.<\/p>\n<\/div>\n<div class=\"sc-45461e9c-0 eqiBeF container-text text-embed \" id=\"element-body-1\">\n<p><strong>El juez Ariel Alfredo Introzzi<\/strong> integra el Tribunal Oral en lo Criminal (TOC) N\u00b0 2 de San Isidro junto a Makintach, quien pas\u00f3 a ser vocal subrogante en el TOC N\u00b0 3 cuando este qued\u00f3 a cargo del debate por la muerte del Diez.  <\/p>\n<\/div>\n<div class=\"sc-45461e9c-0 eqiBeF container-text text-embed \" id=\"element-body-2\">\n<p>Introzzi declar\u00f3 en la causa en la que se investiga la posible comisi\u00f3n de alg\u00fan delito por parte de la magistrada entorno a la grabaci\u00f3n del documental del juicio sin la autorizaci\u00f3n de los jueces del TOC N\u00b0 3, <strong>Maximiliano Savarino <\/strong>y <strong>Ver\u00f3nica Di Tommaso<\/strong>, ni de las partes involucradas.<\/p>\n<\/div>\n<div class=\"sc-45461e9c-0 eqiBeF container-text text-embed \" id=\"element-body-3\">\n<p>El magistrado expuso su <strong>indignaci\u00f3n <\/strong>cuando observ\u00f3 las im\u00e1genes en las que Makintach caminaba en los tribunales sanisidrenses y, principalmente en su despacho, donde se film\u00f3 manipulando expedientes.<\/p>\n<\/div>\n<div class=\"sc-45461e9c-0 eqiBeF container-text text-embed \" id=\"element-body-4\">\n<p>\u201cLe hice saber que particularmente me indign\u00f3 el tramo de la filmaci\u00f3n en que ella moviliza expedientes de nuestro tribunal sentada en la cabecera de la mesa de acuerdos, lo que hizo con <strong>gente extra\u00f1a, sin autorizaci\u00f3n <\/strong>para estar all\u00ed&#8221;, declar\u00f3 el juez.<\/p>\n<\/div>\n<div class=\"sc-45461e9c-0 eqiBeF container-text text-embed \" id=\"element-body-5\">\n<p>Y continu\u00f3: &#8220;Recuerdo haberle manifestado: \u00b4Metiste seis personas ac\u00e1, seis desconocidos al tribunal,<strong> podr\u00edan haberse llevado causas<\/strong>, generado cualquier problema\u00b4&#8221;. La jueza le respondi\u00f3: &#8220;No eran seis, fueron cuatro&#8221;.<\/p>\n<\/div>\n<div class=\"sc-98b114a2-0 bkqiHH image-embed  image-embed \" id=\"element-body-6\"><picture class=\"sc-98b114a2-1 jRUlDm\"><source media=\"(min-width: 975px)\" width=\"720\" height=\"480\" \/><img alt=\"La jueza Makintach es investigada por la grabaci\u00f3n de un documental sobre el debate por la muerte del Diez. Foto: Xinhua\/Mart\u00edn Zabala.&#10;\" loading=\"lazy\" width=\"720\" height=\"480\" decoding=\"async\" data-nimg=\"1\" style=\"color:transparent\" src=\"https:\/\/13.com.ar\/wp-content\/uploads\/2025\/06\/su-deseo-de-presidir-el-debate-y-la-recriminacion-de.jpg\"\/><span class=\"epigraphe\">La jueza Makintach es investigada por la grabaci\u00f3n de un documental sobre el debate por la muerte del Diez. Foto: Xinhua\/Mart\u00edn Zabala.<br \/>\n<\/span><span class=\"picture-open\"><button class=\"open-image\" aria-label=\"Open Image\"\/><\/span><\/picture><\/div>\n<div class=\"sc-45461e9c-0 eqiBeF container-text text-embed \" id=\"element-body-7\">\n<p>Tres de las cuatro personas a las que hizo referencia Makintach fueron identificados:<strong> Mar\u00eda L\u00eda Vidal Alem\u00e1n<\/strong>, quien present\u00f3 como amiga de la jueza y le propuso entrevistarla para un \u201cproyecto amateur\u201d; <strong>Jos\u00e9 Arnal<\/strong>, due\u00f1o de la productora audiovisual La Doble; y <strong>Jorge Huarte<\/strong>, camar\u00f3grafo.<\/p>\n<\/div>\n<div class=\"sc-45461e9c-0 eqiBeF container-text text-embed \" id=\"element-body-8\">\n<p>Las tomas de estas im\u00e1genes fueron realizadas el domingo 9 de marzo, dos d\u00edas antes del inicio del debate. <strong>El ingreso de Makintach junto al equipo de grabaci\u00f3n no qued\u00f3 registrado en las actas diarias del Palacio de Tribunales<\/strong>, seg\u00fan consta en el expediente tramitado en la Fiscal\u00eda N\u00b0 1 de San Isidro, a cargo de los fiscales Carolina Asprella, Cecilia Chaieb y Jos\u00e9 Amallo.<\/p>\n<\/div>\n<p><h2>La &#8220;firme&#8221; intenci\u00f3n de la jueza<\/h2>\n<\/p>\n<div class=\"sc-45461e9c-0 eqiBeF container-text text-embed \" id=\"element-body-10\">\n<p>La audiencia del martes 15 de mayo marc\u00f3 un <strong>punto de inflexi\u00f3n<\/strong> en el juicio por la muerte del Diez. Sin comunicaci\u00f3n previa, los tres jueces del TOC N\u00b0 3 ingresaron a la sala de audiencias, pero se ubicaron en el estrado de distinta manera a la que lo ven\u00edan haciendo.<\/p>\n<\/div>\n<div class=\"sc-45461e9c-0 eqiBeF container-text text-embed \" id=\"element-body-11\">\n<p>En el centro -la posici\u00f3n que ocupa quien preside un debate oral-estaba la jueza Makintach, a su derecha la magistrada Di Tommaso y a su izquierda, Savarino. <strong>Esta nueva disposici\u00f3n desorient\u00f3 a las partes<\/strong>, que pidieron explicaciones y un posterior cuarto intermedio.<\/p>\n<\/div>\n<div class=\"sc-45461e9c-0 eqiBeF container-text text-embed \" id=\"element-body-12\">\n<p>Los argumentos que esgrimi\u00f3 Makintach fueron que la presidencia del tribunal, que estaba a cargo de Savarino, hab\u00eda finalizado el lunes 14, por lo que se determin\u00f3 que ella iba a dirigir el juicio, aunque la titularidad del TOC N\u00b0 3 quedaba para Di Tommaso.<\/p>\n<\/div>\n<div class=\"sc-98b114a2-0 bkqiHH image-embed  image-embed \" id=\"element-body-13\"><picture class=\"sc-98b114a2-1 jRUlDm\"><source media=\"(min-width: 975px)\" width=\"720\" height=\"480\" \/><img alt=\"Los jueces Veronica Di Tommaso, Maximiliano Savarino y Julieta Makintach. Foto: Reuters\/Agust\u00edn Marcarian.\" loading=\"lazy\" width=\"720\" height=\"480\" decoding=\"async\" data-nimg=\"1\" style=\"color:transparent\" src=\"https:\/\/13.com.ar\/wp-content\/uploads\/2025\/05\/Paso-a-paso-como-se-definirian-los-jueces-del-juicio.jpg\"\/><span class=\"epigraphe\">Los jueces Veronica Di Tommaso, Maximiliano Savarino y Julieta Makintach. Foto: Reuters\/Agust\u00edn Marcarian.<\/span><span class=\"picture-open\"><button class=\"open-image\" aria-label=\"Open Image\"\/><\/span><\/picture><\/div>\n<div class=\"sc-45461e9c-0 eqiBeF container-text text-embed \" id=\"element-body-14\">\n<p>Los abogados, tanto de la parte acusadora como de las defensas, indicaron que no ten\u00edan recuerdos de que en medio de un debate \u2013y con la trascendencia que significaba el juicio por la muerte de Maradona- se haya cambiado la disposici\u00f3n del tribunal.<\/p>\n<\/div>\n<div class=\"sc-45461e9c-0 eqiBeF container-text text-embed \" id=\"element-body-15\">\n<p>Luego de una serie de planteos se defini\u00f3 que el juicio continuar\u00eda con la presidencia de Savarino, la vicepresidencia de Di Tommaso (jueces naturales del tribunal) y Makintach como vocal.<\/p>\n<\/div>\n<div class=\"sc-45461e9c-0 eqiBeF container-text text-embed \" id=\"element-body-16\">\n<p><strong>\u201cElla se\u00f1al\u00f3 su intenci\u00f3n firme de presidir el debate, ya que iba a finalizar Savarino la presidencia. <\/strong>En su insistencia lleg\u00f3 a decir que si sus colegas se negaban, lo plantear\u00eda ante la Suprema Corte de Justicia (de la provincia de Buenos Aires)\u201d, declar\u00f3 Introzzi.<\/p>\n<\/div>\n<div class=\"sc-45461e9c-0 eqiBeF container-text text-embed \" id=\"element-body-17\">\n<p>El juez asegur\u00f3 que la relaci\u00f3n de la magistrada con sus colegas del TOC 3 <strong>\u201cera conflictiva\u201d<\/strong> y asegur\u00f3 que \u201cse recrudeci\u00f3 por los comentarios de la propia Dra. Makintach con motivo de la postergaci\u00f3n de la audiencia de inicio de debate de la causa de Maradona del a\u00f1o pasado al presente\u201d.<\/p>\n<\/div>\n<div class=\"sc-45461e9c-0 eqiBeF container-text text-embed \" id=\"element-body-18\">\n<p>Ese mismo 15 de mayo, <strong>Makintach fue recusada<\/strong> por el abogado Julio Rivas, defensor del neurocirujano Leopoldo Luque, a ra\u00edz de una serie de preguntas \u201cinquisitivas\u201d hacia un testigo y a la imputada Agustina Cosachov.<\/p>\n<\/div>\n<div class=\"sc-45461e9c-0 eqiBeF container-text text-embed \" id=\"element-body-19\">\n<p>Tambi\u00e9n mencion\u00f3 la presunta grabaci\u00f3n de un documental y la identificaci\u00f3n de dos personas que se encontraban en el p\u00fablico: Vidal Aleman y Juan Manuel D\u00b4Emilio, vinculados a la jueza.<\/p>\n<\/div>\n<div class=\"sc-98b114a2-0 bkqiHH image-embed  image-embed \" id=\"element-body-20\"><picture class=\"sc-98b114a2-1 jRUlDm\"><source media=\"(min-width: 975px)\" width=\"720\" height=\"480\" \/><img alt=\"La jueza Makintach expres\u00f3 a sus colegas su intenci\u00f3n de presidir el debate por el caso Maradona. Foto: Juano Tesone.\" loading=\"lazy\" width=\"720\" height=\"480\" decoding=\"async\" data-nimg=\"1\" style=\"color:transparent\" src=\"https:\/\/13.com.ar\/wp-content\/uploads\/2025\/06\/1750532551_14_su-deseo-de-presidir-el-debate-y-la-recriminacion-de.jpg\"\/><span class=\"epigraphe\">La jueza Makintach expres\u00f3 a sus colegas su intenci\u00f3n de presidir el debate por el caso Maradona. Foto: Juano Tesone.<\/span><span class=\"picture-open\"><button class=\"open-image\" aria-label=\"Open Image\"\/><\/span><\/picture><\/div>\n<div class=\"sc-45461e9c-0 eqiBeF container-text text-embed \" id=\"element-body-21\">\n<p>Esta informaci\u00f3n deriv\u00f3 en la denuncia de los abogados Fernando Burlando y Mario Baudry por la presunta participaci\u00f3n de la jueza en la grabaci\u00f3n del documental, que posteriormente se determin\u00f3 que era una serie de seis cap\u00edtulos de media hora cada uno, con la exhibici\u00f3n de un gui\u00f3n y un avance traducido al ingl\u00e9s.<\/p>\n<\/div>\n<div class=\"sc-45461e9c-0 eqiBeF container-text text-embed \" id=\"element-body-22\">\n<p>En ese momento reuni\u00f3 a todo el personal del TOC N\u00b0 2 y Makintach les dijo a sus colegas que \u201ctodo era una barbaridad\u201d y que \u201cno hab\u00eda ning\u00fan documental\u201d, declar\u00f3 el juez Introzzi.<\/p>\n<\/div>\n<p><h2>&#8220;Le recrimino todo lo que hizo&#8221;<\/h2>\n<\/p>\n<div class=\"sc-45461e9c-0 eqiBeF container-text text-embed \" id=\"element-body-24\">\n<p>La vinculaci\u00f3n de la jueza Makintach con la realizaci\u00f3n de un documental que, para las partes, carec\u00eda de imparcialidad fue noticia nacional. En la audiencia del martes 27 se <strong>mostraron las im\u00e1genes, el gui\u00f3n y los tr\u00e1ilers.<\/strong> Las pruebas estaban en la mesa.<\/p>\n<\/div>\n<div class=\"sc-45461e9c-0 eqiBeF container-text text-embed \" id=\"element-body-25\">\n<p>Al d\u00eda siguiente, Makintach volvi\u00f3 reunir al personal y luego se enfrent\u00f3 con Introzzi, quien ya estaba indignado por la situaci\u00f3n que protagonizaba la jueza.<\/p>\n<\/div>\n<div class=\"sc-98b114a2-0 bkqiHH image-embed  image-embed \" id=\"element-body-26\"><picture class=\"sc-98b114a2-1 jRUlDm\"><source media=\"(min-width: 975px)\" width=\"720\" height=\"480\" \/><img alt=\"El momento que la jueza Makintach manipul\u00f3 expedientes en la grabaci\u00f3n de &quot;Justicia Divina&quot;.\" loading=\"lazy\" width=\"720\" height=\"480\" decoding=\"async\" data-nimg=\"1\" style=\"color:transparent\" src=\"https:\/\/13.com.ar\/wp-content\/uploads\/2025\/06\/1750532551_427_su-deseo-de-presidir-el-debate-y-la-recriminacion-de.jpg\"\/><span class=\"epigraphe\">El momento que la jueza Makintach manipul\u00f3 expedientes en la grabaci\u00f3n de &#8220;Justicia Divina&#8221;.<\/span><span class=\"picture-open\"><button class=\"open-image\" aria-label=\"Open Image\"\/><\/span><\/picture><\/div>\n<div class=\"sc-45461e9c-0 eqiBeF container-text text-embed \" id=\"element-body-27\">\n<p>\u201cLe recrimino todo lo que hizo, recuerdo puntualmente haberle manifestado que<strong> enga\u00f1\u00f3 a dos colegas, <\/strong>que entiendo han obrado de buena fe, al haber filmado clandestinamente un documental, como tambi\u00e9n haber ingresado clandestinamente a las oficinas del tribunal nro. 2 junto a desconocidos sin autorizaci\u00f3n\u201d, indic\u00f3.<\/p>\n<\/div>\n<div class=\"sc-45461e9c-0 eqiBeF container-text text-embed \" id=\"element-body-28\">\n<p>La \u00faltima comunicaci\u00f3n entre Introzzi y Makintach ocurri\u00f3 el 28 de mayo, cuando la magistrada, ya recusada, le envi\u00f3 un mensaje de WhatsApp en el que le ped\u00eda \u201cnobleza\u201d y que el juez \u201centendiera su situaci\u00f3n\u201d.<\/p>\n<\/div>\n<div class=\"sc-45461e9c-0 eqiBeF container-text text-embed \" id=\"element-body-29\">\n<p><strong>\u201cLo mejor que podes hacer es renunciar<\/strong>\u201d, le respondi\u00f3 Introzzi, cortante. Por su parte, Makintach se encuentra actualmente suspendida por la Suprema Corte de Justicia bonaerense y afrontar\u00e1 un jury luego de la denuncia de varias partes, entre ellos el propio procurador provincial, Julio Conte Grand.<\/p>\n<\/div>\n<\/div>\n<p><br \/>\n<br \/><a href=\"https:\/\/www.clarin.com\/policiales\/jueza-makintach-deseo-presidir-debate-recriminacion-colega-indignado-renuncie_0_V4rYRbeWJO.html\">Fuente Clarin.com <\/a><\/p>\n","protected":false},"excerpt":{"rendered":"<p>&#8220;Lo mejor que pod\u00e9s hacer es renunciar&#8221;. El esc\u00e1ndalo judicial en los Tribunales de San Isidro contin\u00faa, mientras se espera que esta semana se lleve adelante una audiencia preliminar del jury a la jueza Julieta Makintach (47), quien qued\u00f3 en el centro de la escena tras confirmarse que autoriz\u00f3 la grabaci\u00f3n de una serie documental [&hellip;]<\/p>\n","protected":false},"author":1,"featured_media":35802,"comment_status":"open","ping_status":"open","sticky":false,"template":"","format":"standard","meta":{"footnotes":""},"categories":[2],"tags":[14794,3002,5216,21838,16,21836,21837,9914],"class_list":["post-35801","post","type-post","status-publish","format-standard","has-post-thumbnail","hentry","category-ultimas-noticias","tag-colega","tag-debate","tag-deseo","tag-indignado","tag-para","tag-presidir","tag-recriminacion","tag-renuncie"],"_links":{"self":[{"href":"https:\/\/13.com.ar\/index.php\/wp-json\/wp\/v2\/posts\/35801","targetHints":{"allow":["GET"]}}],"collection":[{"href":"https:\/\/13.com.ar\/index.php\/wp-json\/wp\/v2\/posts"}],"about":[{"href":"https:\/\/13.com.ar\/index.php\/wp-json\/wp\/v2\/types\/post"}],"author":[{"embeddable":true,"href":"https:\/\/13.com.ar\/index.php\/wp-json\/wp\/v2\/users\/1"}],"replies":[{"embeddable":true,"href":"https:\/\/13.com.ar\/index.php\/wp-json\/wp\/v2\/comments?post=35801"}],"version-history":[{"count":0,"href":"https:\/\/13.com.ar\/index.php\/wp-json\/wp\/v2\/posts\/35801\/revisions"}],"wp:featuredmedia":[{"embeddable":true,"href":"https:\/\/13.com.ar\/index.php\/wp-json\/wp\/v2\/media\/35802"}],"wp:attachment":[{"href":"https:\/\/13.com.ar\/index.php\/wp-json\/wp\/v2\/media?parent=35801"}],"wp:term":[{"taxonomy":"category","embeddable":true,"href":"https:\/\/13.com.ar\/index.php\/wp-json\/wp\/v2\/categories?post=35801"},{"taxonomy":"post_tag","embeddable":true,"href":"https:\/\/13.com.ar\/index.php\/wp-json\/wp\/v2\/tags?post=35801"}],"curies":[{"name":"wp","href":"https:\/\/api.w.org\/{rel}","templated":true}]}}