{"id":3580,"date":"2025-02-10T15:32:08","date_gmt":"2025-02-10T18:32:08","guid":{"rendered":"https:\/\/13.com.ar\/index.php\/no-vio-el-color-del-balon-en-su-primer-partido\/"},"modified":"2025-02-10T15:32:08","modified_gmt":"2025-02-10T18:32:08","slug":"no-vio-el-color-del-balon-en-su-primer-partido","status":"publish","type":"post","link":"https:\/\/13.com.ar\/index.php\/no-vio-el-color-del-balon-en-su-primer-partido\/","title":{"rendered":"No vio el color del bal\u00f3n en su primer partido"},"content":{"rendered":"<p> <br \/>\n<br \/><img decoding=\"async\" src=\"https:\/\/13.com.ar\/wp-content\/uploads\/2025\/02\/No-vio-el-color-del-balon-en-su-primer-partido.jpg\" \/><\/p>\n<div>\n<p>Su regreso al <strong>Santos <\/strong>fue anhelado por millones de hinchas, pero no cumpli\u00f3 con las expectativas. <strong>Neymar no pate\u00f3 al arco ante Novorizontino en el Campeonato Paulista<\/strong> y termin\u00f3 su debut como titular con un empate sin goles. Aunque recientemente se recuper\u00f3 de una larga lesi\u00f3n y volvi\u00f3 de Arabia Saudita con poco rodaje, la prensa de Brasil fue implacable y lo destroz\u00f3 por su casi nula participaci\u00f3n.<\/p>\n<\/div>\n<div>\n<p>&#8220;<strong>Fue el m\u00e1s buscado y tuvo un pobre rendimiento<\/strong>&#8220;, titul\u00f3 <strong>Globo<\/strong> en su cr\u00f3nica. Siguiendo la misma l\u00ednea, el que tambi\u00e9n se sum\u00f3 fue <strong>Globo Esporte<\/strong>, otro reconocido medio local. &#8220;<strong>No vio el color del bal\u00f3n en su primer partido<\/strong>&#8220;, sentenci\u00f3.<\/p>\n<\/div>\n<div>\n<p>Sin embargo, lejos de haber sido los comunicadores los \u00fanicos que opinaron negativamente sobre \u00e9l, quien no quiso quedarse atr\u00e1s fue el CEO del<strong> Al Hilal<\/strong>, su ex club. <\/p>\n<\/div>\n<div>\n<p>&#8220;Su marcha es una prueba m\u00e1s de que <strong>estamos buscando y necesitamos jugadores capaces de ofrecer el m\u00e1ximo rendimiento<\/strong>. Por mucho que Neymar haya contribuido a nuestro \u00e9xito de marketing, el rendimiento deportivo es lo primero y aqu\u00ed hemos llegado a la conclusi\u00f3n de que <strong>ya no es capaz de ofrecer lo que esper\u00e1bamos<\/strong>&#8220;, solt\u00f3 <strong>Esteve Calzada<\/strong>.<\/p>\n<\/div>\n<div>\n<p>Luego, arremeti\u00f3: &#8220;<strong>No digo que no pueda jugar m\u00e1s<\/strong>, pero la competencia en nuestro equipo es feroz. Tenemos un n\u00famero limitado de plazas para jugadores extranjeros y est\u00e1n haciendo un excelente trabajo. <strong>Neymar no est\u00e1 en el nivel<\/strong> que le permite rendir como necesitamos para lograr nuestros objetivos de ganar la liga, ganar la Liga de Campeones de la AFC y alcanzar el nivel m\u00e1s alto posible en el Mundial de Clubes&#8221;.<\/p>\n<\/div>\n<div>\n<p>Como contrapartida, luego del empate sin goles, su entrenador sali\u00f3 al cruce en la conferencia de prensa y lo banc\u00f3 p\u00fablicamente. &#8220;Ese Neymar que yo, que \u00e9l y que todos deseamos ver, <strong>necesita una continuidad de partidos<\/strong>, que tenga la capacidad de tener una secuencia y que gane ritmo. Entonces, lo m\u00e1s importante es que esa continuidad est\u00e9 bien planificada&#8221;, asegur\u00f3 <strong>Pedro Caixinha<\/strong>.<\/p>\n<\/div>\n<div>\n<p>M\u00e1s all\u00e1 de las faltas, lo que realmente preocupa en <strong>Santos <\/strong>es el nivel futbol\u00edstico de <strong>Neymar<\/strong>. Su reestreno como titular frente al <strong>Novorizontino <\/strong>fue bajo. Jug\u00f3 75 minutos y sus n\u00fameros fueron negativos: perdi\u00f3 24 pelotas, solo gan\u00f3 cinco de los 17 duelos que disput\u00f3, de los ocho regates que intent\u00f3 solo uno fue exitoso y no pate\u00f3 al arco ni una sola vez.<\/p>\n<\/div>\n<div>\n<p>El Santos, que no atraviesa su mejor momento en el Campeonato Paulista, se juega mucho en los pr\u00f3ximos partidos. Este mi\u00e9rcoles 12 de febrero visitar\u00e1 a Corinthians en el Neo Qu\u00edmica Arena y luego enfrentar\u00e1 a \u00c1gua Santa y Noroeste en casa. Neymar, que prometi\u00f3 estar en su mejor nivel en &#8220;tres o cuatro partidos&#8221;, tendr\u00e1 que acelerar ese proceso si quiere cambiar la imagen de su decepcionante regreso.<\/p>\n<\/div>\n<p><br \/>\n<br \/><a href=\"https:\/\/www.clarin.com\/deportes\/brasil-implacables-neymar-fallido-debut-titular-santos-vio-color-balon-primer-partido_0_fWRCjdnccZ.html\">Fuente Clarin.com <\/a><\/p>\n","protected":false},"excerpt":{"rendered":"<p>Su regreso al Santos fue anhelado por millones de hinchas, pero no cumpli\u00f3 con las expectativas. Neymar no pate\u00f3 al arco ante Novorizontino en el Campeonato Paulista y termin\u00f3 su debut como titular con un empate sin goles. Aunque recientemente se recuper\u00f3 de una larga lesi\u00f3n y volvi\u00f3 de Arabia Saudita con poco rodaje, la [&hellip;]<\/p>\n","protected":false},"author":1,"featured_media":3581,"comment_status":"open","ping_status":"open","sticky":false,"template":"","format":"standard","meta":{"footnotes":""},"categories":[2],"tags":[5610,4651,100,1899,195,222],"class_list":["post-3580","post","type-post","status-publish","format-standard","has-post-thumbnail","hentry","category-ultimas-noticias","tag-balon","tag-color","tag-del","tag-partido","tag-primer","tag-vio"],"_links":{"self":[{"href":"https:\/\/13.com.ar\/index.php\/wp-json\/wp\/v2\/posts\/3580","targetHints":{"allow":["GET"]}}],"collection":[{"href":"https:\/\/13.com.ar\/index.php\/wp-json\/wp\/v2\/posts"}],"about":[{"href":"https:\/\/13.com.ar\/index.php\/wp-json\/wp\/v2\/types\/post"}],"author":[{"embeddable":true,"href":"https:\/\/13.com.ar\/index.php\/wp-json\/wp\/v2\/users\/1"}],"replies":[{"embeddable":true,"href":"https:\/\/13.com.ar\/index.php\/wp-json\/wp\/v2\/comments?post=3580"}],"version-history":[{"count":0,"href":"https:\/\/13.com.ar\/index.php\/wp-json\/wp\/v2\/posts\/3580\/revisions"}],"wp:featuredmedia":[{"embeddable":true,"href":"https:\/\/13.com.ar\/index.php\/wp-json\/wp\/v2\/media\/3581"}],"wp:attachment":[{"href":"https:\/\/13.com.ar\/index.php\/wp-json\/wp\/v2\/media?parent=3580"}],"wp:term":[{"taxonomy":"category","embeddable":true,"href":"https:\/\/13.com.ar\/index.php\/wp-json\/wp\/v2\/categories?post=3580"},{"taxonomy":"post_tag","embeddable":true,"href":"https:\/\/13.com.ar\/index.php\/wp-json\/wp\/v2\/tags?post=3580"}],"curies":[{"name":"wp","href":"https:\/\/api.w.org\/{rel}","templated":true}]}}