{"id":35797,"date":"2025-06-21T15:41:30","date_gmt":"2025-06-21T18:41:30","guid":{"rendered":"https:\/\/13.com.ar\/index.php\/la-sugerente-indirecta-de-wanda-nara-en-medio-del-conflicto-con-mauro-icardi-y-la-china-suarez\/"},"modified":"2025-06-21T15:41:30","modified_gmt":"2025-06-21T18:41:30","slug":"la-sugerente-indirecta-de-wanda-nara-en-medio-del-conflicto-con-mauro-icardi-y-la-china-suarez","status":"publish","type":"post","link":"https:\/\/13.com.ar\/index.php\/la-sugerente-indirecta-de-wanda-nara-en-medio-del-conflicto-con-mauro-icardi-y-la-china-suarez\/","title":{"rendered":"La sugerente indirecta de Wanda Nara en medio del conflicto con Mauro Icardi y la China Su\u00e1rez"},"content":{"rendered":"<p> <br \/>\n<\/p>\n<div id=\"cuerpo\">\n<div class=\"sc-45461e9c-0 eqiBeF container-text text-embed \" id=\"element-body-0\">\n<p>En medio del conflicto legal con Mauro Icardi, quien recientemente present\u00f3 un escrito exigiendo m\u00e1s tiempo con sus hijas antes de irse a Turqu\u00eda, <strong>Wanda Nara<\/strong> disfrut\u00f3 del concierto de Quevedo, donde<strong> lanz\u00f3 un filoso mensaje <\/strong>que muchos interpretaron como una indirecta para la China Su\u00e1rez.<\/p>\n<\/div>\n<div class=\"sc-45461e9c-0 eqiBeF container-text text-embed \" id=\"element-body-1\">\n<p>La empresaria aprovech\u00f3 el paso del artista espa\u00f1ol por Argentina y asisti\u00f3 a uno de los shows que brind\u00f3 en el Movistar Arena donde se instal\u00f3 en uno de los palcos para cantar y bailar la lista de canciones que interpret\u00f3 en suelo nacional.<\/p>\n<\/div>\n<div class=\"sc-45461e9c-0 eqiBeF container-text text-embed \" id=\"element-body-2\">\n<p>Fiel a su estilo, Wanda document\u00f3 su salida nocturna en Buenos Aires a trav\u00e9s de su cuenta oficial de Instagram<em> (@wanda_nara)<\/em>, donde comparti\u00f3 con sus 17.5 millones de seguidores, c\u00f3mo vivi\u00f3 el espect\u00e1culo.<\/p>\n<\/div>\n<div class=\"sc-45461e9c-0 eqiBeF container-text text-embed \" id=\"element-body-3\">\n<p>Desde su lugar en el estadio, <strong>la medi\u00e1tica se film\u00f3 entusiasmada mientras coreaba el tema de Quevedo que lleva su nombre<\/strong>, rodeada por los 14 mil fan\u00e1ticos que tambi\u00e9n cantaron a todo pulm\u00f3n: \u201c\u00c9l es Maxi L\u00f3pez y t\u00fa mi Wanda Nara\u201d.<\/p>\n<\/div>\n<div class=\"sc-98b114a2-0 bkqiHH image-embed  image-embed \" id=\"element-body-4\"><picture class=\"sc-98b114a2-1 jRUlDm\"><source media=\"(min-width: 975px)\" width=\"720\" height=\"480\" \/><img alt=\"Wanda Nara en el show de Quevedo en el estadio Movistar Arena. | Foto: Instagram\" loading=\"lazy\" width=\"720\" height=\"480\" decoding=\"async\" data-nimg=\"1\" style=\"color:transparent\" src=\"https:\/\/13.com.ar\/wp-content\/uploads\/2025\/06\/La-sugerente-indirecta-de-Wanda-Nara-en-medio-del-conflicto.jpg\"\/><span class=\"epigraphe\">Wanda Nara en el show de Quevedo en el estadio Movistar Arena. | Foto: Instagram<\/span><span class=\"picture-open\"><button class=\"open-image\" aria-label=\"Open Image\"\/><\/span><\/picture><\/div>\n<div class=\"sc-45461e9c-0 eqiBeF container-text text-embed \" id=\"element-body-5\">\n<p>Al finalizar el show, Wanda se dirigi\u00f3 a los camarines para fotografiarse con Quevedo. \u201cTengo ganas de verte cara a cara\u201d, escribi\u00f3 junto a la postal donde se la puede ver posando junto al artista oriundo de Madrid.<\/p>\n<\/div>\n<div class=\"sc-98b114a2-0 bkqiHH image-embed  image-embed \" id=\"element-body-6\"><picture class=\"sc-98b114a2-1 jRUlDm\"><source media=\"(min-width: 975px)\" width=\"720\" height=\"480\" \/><img alt=\"Wanda Nara junto a Quevedo tras el show en el Movistar Arena. | Foto: Instagram\" loading=\"lazy\" width=\"720\" height=\"480\" decoding=\"async\" data-nimg=\"1\" style=\"color:transparent\" src=\"https:\/\/13.com.ar\/wp-content\/uploads\/2025\/06\/1750531290_862_La-sugerente-indirecta-de-Wanda-Nara-en-medio-del-conflicto.jpg\"\/><span class=\"epigraphe\">Wanda Nara junto a Quevedo tras el show en el Movistar Arena. | Foto: Instagram<\/span><span class=\"picture-open\"><button class=\"open-image\" aria-label=\"Open Image\"\/><\/span><\/picture><\/div>\n<div class=\"sc-45461e9c-0 eqiBeF container-text text-embed \" id=\"element-body-7\">\n<p>Para la ocasi\u00f3n, Nara se inclin\u00f3 por un look monocrom\u00e1tico negro que incluy\u00f3 una remera con escote ovalado, campera de cuero perfecta para las bajas temperaturas de Buenos Aires y un pantal\u00f3n cargo. <\/p>\n<\/div>\n<div class=\"sc-45461e9c-0 eqiBeF container-text text-embed \" id=\"element-body-8\">\n<p>Adem\u00e1s, como accesorios distintivos, la empresaria eligi\u00f3 una gorra blanca con el logo blanco del equipo de beisbol Yankees de Nueva York y una de sus incontables carteras de colecci\u00f3n que combin\u00f3 con todo el atuendo.<\/p>\n<\/div>\n<div class=\"sc-98b114a2-0 bkqiHH image-embed  image-embed \" id=\"element-body-9\"><picture class=\"sc-98b114a2-1 jRUlDm\"><source media=\"(min-width: 975px)\" width=\"720\" height=\"480\" \/><img alt=\"Wanda Nara disfrut\u00f3 del show de Quevedo en el Movistar Arena. | Foto: Instagram\" loading=\"lazy\" width=\"720\" height=\"480\" decoding=\"async\" data-nimg=\"1\" style=\"color:transparent\" src=\"https:\/\/13.com.ar\/wp-content\/uploads\/2025\/06\/1750531290_430_La-sugerente-indirecta-de-Wanda-Nara-en-medio-del-conflicto.jpg\"\/><span class=\"epigraphe\">Wanda Nara disfrut\u00f3 del show de Quevedo en el Movistar Arena. | Foto: Instagram<\/span><span class=\"picture-open\"><button class=\"open-image\" aria-label=\"Open Image\"\/><\/span><\/picture><\/div>\n<div class=\"sc-45461e9c-0 eqiBeF container-text text-embed \" id=\"element-body-10\">\n<p>Camino al Movistar Arena, Wanda tambi\u00e9n protagoniz\u00f3 un momento que no pas\u00f3 desapercibido para los internautas al mostrarse en el auto, acompa\u00f1ada por tres amigas, mientras entonaba euf\u00f3ricamente el tema que Quevedo titul\u00f3 con su nombre.<\/p>\n<\/div>\n<div class=\"sc-45461e9c-0 eqiBeF container-text text-embed \" id=\"element-body-11\">\n<p>\u201c<strong>Esa bob@ no juega en mi liga\u201d<\/strong>, escribi\u00f3 sobre el video, adaptando una de las frases m\u00e1s ic\u00f3nicas de la canci\u00f3n: \u201c<em>ese bobo no juega en mi liga\u201d<\/em> mientras se la ve haciendo un gesto de cuernitos con la mano, tentada de risa.<\/p>\n<\/div>\n<div class=\"sc-98b114a2-0 bkqiHH image-embed  image-embed \" id=\"element-body-12\"><picture class=\"sc-98b114a2-1 jRUlDm\"><source media=\"(min-width: 975px)\" width=\"720\" height=\"480\" \/><img alt=\"Wanda Nara lanz\u00f3 una filosa indirecta en medio del conflicto con la China Su\u00e1rez y Mauro Icardi. | Foto: Instagram\" loading=\"lazy\" width=\"720\" height=\"480\" decoding=\"async\" data-nimg=\"1\" style=\"color:transparent\" src=\"https:\/\/13.com.ar\/wp-content\/uploads\/2025\/06\/1750531290_404_La-sugerente-indirecta-de-Wanda-Nara-en-medio-del-conflicto.jpg\"\/><span class=\"epigraphe\">Wanda Nara lanz\u00f3 una filosa indirecta en medio del conflicto con la China Su\u00e1rez y Mauro Icardi. | Foto: Instagram<\/span><span class=\"picture-open\"><button class=\"open-image\" aria-label=\"Open Image\"\/><\/span><\/picture><\/div>\n<div class=\"sc-45461e9c-0 eqiBeF container-text text-embed \" id=\"element-body-13\">\n<p>&#8220;\u00bfPodr\u00e1n ser as\u00ed de reina? Mientras la China Su\u00e1rez es la m\u00e1s odiada de la Argentina, ella te mete concierto, disfruta de la vida y LA ROMPE&#8221;, &#8220;lo Iconic que es esta mujer que Quevedo le hizo una canci\u00f3n&#8221;, &#8220;Muchas querr\u00e1n pero jam\u00e1s podr\u00e1n ser como esta reina&#8221; y &#8220;ella es ic\u00f3nica en mis libros&#8221;, fueron algunos de los comentarios que compartieron los usuarios de X (antes Twitter) al verla cantar la canci\u00f3n. <\/p>\n<\/div>\n<p><h2>El desesperado pedido de Mauro Icardi para ver a sus hijas antes de viajar a Turqu\u00eda: \u201cMe queda poco tiempo\u201d<\/h2>\n<\/p>\n<div class=\"sc-45461e9c-0 eqiBeF container-text text-embed \" id=\"element-body-15\">\n<p>Pese a que la Justicia autoriz\u00f3 al futbolista a pasar el D\u00eda del Padre con sus hijas, Francesca e Isabella, <strong>el delantero del Galatasaray decidi\u00f3 no asistir al encuentro que estaba previsto para el domingo 15 de junio <\/strong>y en su lugar, present\u00f3 un escrito con un contundente pedido antes de partir rumbo a Estambul, Turqu\u00eda, donde retomar\u00e1 sus compromisos profesionales en el club Galatasaray. <\/p>\n<\/div>\n<div class=\"sc-45461e9c-0 eqiBeF container-text text-embed \" id=\"element-body-16\">\n<p>Mauro <strong>hab\u00eda recibido el permiso judicial para almorzar con sus hijas en el bar del edificio Chateau Libertador <\/strong>\u2014donde reside la medi\u00e1tica actualmente\u2014 entre las 13 y las 17 horas y <strong>una de las condiciones impuestas fue la ausencia de Eugenia &#8220;La China&#8221; Su\u00e1rez<\/strong>, medida que el juez Adri\u00e1n Hagopian estableci\u00f3 para resguardar el bienestar de las peque\u00f1as, tras el controversial episodio que tuvo lugar en el colegio a la que ambas asisten. <\/p>\n<\/div>\n<div class=\"sc-45461e9c-0 eqiBeF container-text text-embed \" id=\"element-body-17\">\n<p>Por este motivo, Icardi celebr\u00f3 el D\u00eda del Padre en Uruguay junto a la actriz, lejos de sus hijas y<strong> present\u00f3 un escrito a trav\u00e9s de sus abogadas, expresando su deseo de pasar tiempo junto a sus hijas antes de volar a Turqu\u00eda <\/strong>a comienzos de julio para retomar sus compromisos laborales en el club turco Galatasaray. <\/p>\n<\/div>\n<div class=\"sc-98b114a2-0 bkqiHH image-embed  image-embed \" id=\"element-body-18\"><picture class=\"sc-98b114a2-1 jRUlDm\"><source media=\"(min-width: 975px)\" width=\"720\" height=\"480\" \/><img alt=\"Aseguran que Mauro Icardi cambi\u00f3 de planes y no festejar\u00e1 el D\u00eda del Padre con sus hijas: los motivos\" loading=\"lazy\" width=\"720\" height=\"480\" decoding=\"async\" data-nimg=\"1\" style=\"color:transparent\" src=\"https:\/\/13.com.ar\/wp-content\/uploads\/2025\/06\/1750531290_77_La-sugerente-indirecta-de-Wanda-Nara-en-medio-del-conflicto.jpg\"\/><span class=\"epigraphe\">Aseguran que Mauro Icardi cambi\u00f3 de planes y no festejar\u00e1 el D\u00eda del Padre con sus hijas: los motivos<\/span><span class=\"picture-open\"><button class=\"open-image\" aria-label=\"Open Image\"\/><\/span><\/picture><\/div>\n<div class=\"sc-45461e9c-0 eqiBeF container-text text-embed \" id=\"element-body-19\">\n<p>&#8220;No habiendo riesgo cierto alguno ni conducta alguna previa de mi mandante que aliment\u00e9 el mit\u00f3mano miedo aludido por la madre y su representaci\u00f3n letrada que tanto da\u00f1an a las nenas es que<strong> solicit\u00f3 que las ni\u00f1as est\u00e9n con su padre hasta el viaje a Turqu\u00eda<\/strong>&#8220;, se lee en uno de los p\u00e1rrafos del documento judicial.<\/p>\n<\/div>\n<div class=\"sc-45461e9c-0 eqiBeF container-text text-embed \" id=\"element-body-20\">\n<p>A continuaci\u00f3n, Mauro recalc\u00f3 que<strong> las peque\u00f1as disfrutan del receso escolar invernal por lo cual no est\u00e1n cumpliendo con horarios de estudio <\/strong>en el establecimiento educativo.<\/p>\n<\/div>\n<div class=\"sc-45461e9c-0 eqiBeF container-text text-embed \" id=\"element-body-21\">\n<p>En este contexto, el deportista tambi\u00e9n inform\u00f3 que<strong> acondicion\u00f3 su actual vivienda para recibir a Isabella y Francesca junto a sus mascotas y que prepar\u00f3 las habitaciones de ambas.<\/strong><\/p>\n<\/div>\n<div class=\"sc-c2c2a3c6-0 ecgiEX border-video video-embed horizontal border-video video-embed horizontal\" id=\"element-body-22\">\n<div class=\"sc-c2c2a3c6-1 kQhBlc videoText videoText\">\n<h2>Video<\/h2>\n<p>El contundente pedido de Mauro Icardi a la Justicia para ver a sus hijas antes de viajar a Turqu\u00eda<\/p>\n<\/div>\n<\/div>\n<div class=\"sc-45461e9c-0 eqiBeF container-text text-embed \" id=\"element-body-23\">\n<p>Finalmente,<strong> solicit\u00f3 que se le permitiera compartir tiempo con ellas en compa\u00f1\u00eda de Eugenia \u201cLa China\u201d Su\u00e1rez y los hijos de la actriz<\/strong>, a pesar de las reiteradas advertencias judiciales que proh\u00edben la presencia de la artista cuando \u00e9l est\u00e1 con las menores.<\/p>\n<\/div>\n<div class=\"sc-45461e9c-0 eqiBeF container-text text-embed \" id=\"element-body-24\">\n<p>A modo de cierre, Icardi tambi\u00e9n<strong> le pidi\u00f3 al juez que establezca con urgencia, un r\u00e9gimen comunicacional provisorio mientras \u00e9l se encuentra en el pa\u00eds.<\/strong><\/p>\n<\/div>\n<div class=\"sc-45461e9c-0 eqiBeF container-text text-embed \" id=\"element-body-25\">\n<p>&#8220;El padre se ha quedado en Argentina porque estaba transitando una rehabilitaci\u00f3n en procura de una anhelada y cada vez m\u00e1s alejada concordia familiar, haciendo todo para estar cerca de sus hijas y que su retorno a su centro de vida (Estambul) sea pac\u00edfico&#8221;, plantearon las letradas en el escrito.<\/p>\n<\/div>\n<\/div>\n<p><br \/>\n<br \/><a href=\"https:\/\/www.clarin.com\/fama\/sugerente-indirecta-wanda-nara-medio-conflicto-mauro-icardi-china-suarez_0_EiswVinB51.html\">Fuente Clarin.com <\/a><\/p>\n","protected":false},"excerpt":{"rendered":"<p>En medio del conflicto legal con Mauro Icardi, quien recientemente present\u00f3 un escrito exigiendo m\u00e1s tiempo con sus hijas antes de irse a Turqu\u00eda, Wanda Nara disfrut\u00f3 del concierto de Quevedo, donde lanz\u00f3 un filoso mensaje que muchos interpretaron como una indirecta para la China Su\u00e1rez. La empresaria aprovech\u00f3 el paso del artista espa\u00f1ol por [&hellip;]<\/p>\n","protected":false},"author":1,"featured_media":35798,"comment_status":"open","ping_status":"open","sticky":false,"template":"","format":"standard","meta":{"footnotes":""},"categories":[2],"tags":[72,18,2687,100,133,20245,132,1224,315,131,11087,314],"class_list":["post-35797","post","type-post","status-publish","format-standard","has-post-thumbnail","hentry","category-ultimas-noticias","tag-china","tag-con","tag-conflicto","tag-del","tag-icardi","tag-indirecta","tag-mauro","tag-medio","tag-nara","tag-suarez","tag-sugerente","tag-wanda"],"_links":{"self":[{"href":"https:\/\/13.com.ar\/index.php\/wp-json\/wp\/v2\/posts\/35797","targetHints":{"allow":["GET"]}}],"collection":[{"href":"https:\/\/13.com.ar\/index.php\/wp-json\/wp\/v2\/posts"}],"about":[{"href":"https:\/\/13.com.ar\/index.php\/wp-json\/wp\/v2\/types\/post"}],"author":[{"embeddable":true,"href":"https:\/\/13.com.ar\/index.php\/wp-json\/wp\/v2\/users\/1"}],"replies":[{"embeddable":true,"href":"https:\/\/13.com.ar\/index.php\/wp-json\/wp\/v2\/comments?post=35797"}],"version-history":[{"count":0,"href":"https:\/\/13.com.ar\/index.php\/wp-json\/wp\/v2\/posts\/35797\/revisions"}],"wp:featuredmedia":[{"embeddable":true,"href":"https:\/\/13.com.ar\/index.php\/wp-json\/wp\/v2\/media\/35798"}],"wp:attachment":[{"href":"https:\/\/13.com.ar\/index.php\/wp-json\/wp\/v2\/media?parent=35797"}],"wp:term":[{"taxonomy":"category","embeddable":true,"href":"https:\/\/13.com.ar\/index.php\/wp-json\/wp\/v2\/categories?post=35797"},{"taxonomy":"post_tag","embeddable":true,"href":"https:\/\/13.com.ar\/index.php\/wp-json\/wp\/v2\/tags?post=35797"}],"curies":[{"name":"wp","href":"https:\/\/api.w.org\/{rel}","templated":true}]}}