{"id":35791,"date":"2025-06-21T14:26:32","date_gmt":"2025-06-21T17:26:32","guid":{"rendered":"https:\/\/13.com.ar\/index.php\/dice-que-pagara-cuando-termine-la-guerra\/"},"modified":"2025-06-21T14:26:32","modified_gmt":"2025-06-21T17:26:32","slug":"dice-que-pagara-cuando-termine-la-guerra","status":"publish","type":"post","link":"https:\/\/13.com.ar\/index.php\/dice-que-pagara-cuando-termine-la-guerra\/","title":{"rendered":"dice que &#8220;pagar\u00e1&#8221; cuando termine la guerra"},"content":{"rendered":"<p> <br \/>\n<\/p>\n<div id=\"cuerpo\">\n<div class=\"sc-45461e9c-0 eqiBeF container-text text-embed \" id=\"element-body-0\">\n<p>En una escalada de la <strong>guerra entre Ir\u00e1n e Israel<\/strong>, que da se\u00f1ales de prolongarse mientras ambos lados mantienen sus permanentes ataques con misiles y advertencias cruzadas, ahora Teher\u00e1n amenaz\u00f3 tambi\u00e9n al titular de la Agencia Internacional de Energ\u00eda At\u00f3mica, el argentino<strong> Rafael Grossi<\/strong>: &#8220;Pagar\u00e1&#8221; cuando termine el conflicto, escribi\u00f3 uno de los l\u00edderes del r\u00e9gimen isl\u00e1mico.<\/p>\n<\/div>\n<div class=\"sc-45461e9c-0 eqiBeF container-text text-embed \" id=\"element-body-1\">\n<p>Este s\u00e1bado, Ali Larijani, asesor principal del l\u00edder supremo de Ir\u00e1n, Ali Khamenei, dijo en una breve publicaci\u00f3n en las redes sociales sin dar m\u00e1s detalles que Ir\u00e1n har\u00eda que Grossi \u201cpagara\u201d una vez que termine la guerra con Israel.<\/p>\n<\/div>\n<div class=\"sc-45461e9c-0 eqiBeF container-text text-embed \" id=\"element-body-2\">\n<p>Al mismo tiempo, Ir\u00e1n present\u00f3 una denuncia contra Grossi el Consejo de Seguridad de las Naciones Unidas por &#8220;su enfoque sesgado hacia el programa nuclear de Ir\u00e1n&#8221;, inform\u00f3 IRNA.<\/p>\n<\/div>\n<div class=\"sc-45461e9c-0 eqiBeF container-text text-embed \" id=\"element-body-3\">\n<p>En una carta al Secretario General de la ONU, Antonio Guterres, y al Consejo de Seguridad de la ONU, el representante de Ir\u00e1n ante Naciones Unidas, Saeed Iravani, dijo que &#8220;las declaraciones del jefe de la AIEA contra el programa nuclear de Ir\u00e1n, hechas en v\u00edsperas de los ataques israel\u00edes contra Ir\u00e1n, violaron clara y gravemente el principio de imparcialidad&#8221;.<\/p>\n<\/div>\n<div class=\"sc-45461e9c-0 eqiBeF container-text text-embed \" id=\"element-body-4\">\n<p>El funcionario agreg\u00f3 que Grossi &#8220;no se refiri\u00f3 intencionalmente a resoluciones contra cualquier amenaza o uso de la fuerza contra instalaciones nucleares de otros pa\u00edses&#8221;.<\/p>\n<\/div>\n<div class=\"sc-98b114a2-0 bkqiHH image-embed  image-embed \" id=\"element-body-5\"><picture class=\"sc-98b114a2-1 jRUlDm\"><source media=\"(min-width: 975px)\" width=\"720\" height=\"480\" \/><img alt=\"Un misil lanzado por Ir\u00e1n es interceptado sobre la ciudad de Ashkelon, en Israel. Foto: REUTERS  \" loading=\"lazy\" width=\"720\" height=\"480\" decoding=\"async\" data-nimg=\"1\" style=\"color:transparent\" src=\"https:\/\/13.com.ar\/wp-content\/uploads\/2025\/06\/dice-que-pagara-cuando-termine-la-guerra.jpg\"\/><span class=\"epigraphe\">Un misil lanzado por Ir\u00e1n es interceptado sobre la ciudad de Ashkelon, en Israel. Foto: REUTERS  <\/span><span class=\"picture-open\"><button class=\"open-image\" aria-label=\"Open Image\"\/><\/span><\/picture><\/div>\n<div class=\"sc-45461e9c-0 eqiBeF container-text text-embed \" id=\"element-body-6\">\n<p>Rafael Grossi quien en los \u00faltimos a\u00f1os encabez\u00f3 varias misiones de la Agencia Internacional de Energ\u00eda At\u00f3mica (AIEA) para inspeccionar las instalaciones nucleares de Ir\u00e1n, advirti\u00f3 d\u00edas atr\u00e1s que el pa\u00eds persa enriquece uranio a niveles muy elevados, que le permitir\u00edan fabricar &#8220;entre seis y ocho bombas at\u00f3micas&#8221;, aunque por ahora no las tienen.<\/p>\n<\/div>\n<div class=\"sc-45461e9c-0 eqiBeF container-text text-embed \" id=\"element-body-7\">\n<p>Aunque Teher\u00e1n ha asegurado siempre que su plan nuclear no est\u00e1 destinado a fabricar armas sino que es puramente civil, la inquietud por la posibilidad de que puedan desarrollar una bomba est\u00e1 presente desde hace a\u00f1os en la comunidad internacional. Y es ahora una preocupaci\u00f3n central en todo el mundo, mientras escala la guerra con Israel, que se inici\u00f3 el viernes 13 de junio.<\/p>\n<\/div>\n<div class=\"sc-45461e9c-0 eqiBeF container-text text-embed \" id=\"element-body-8\">\n<p>&#8220;Para tener un arma nuclear hace falta uranio enriquecido, tambi\u00e9n puede ser plutonio, pero en el caso de Ir\u00e1n, lo que ellos han estado acumulado es uranio enriquecido. El uranio tiene que estar enriquecido a un grado de 90% de un is\u00f3topo, que es una variedad de la part\u00edcula de uranio&#8221;, detall\u00f3 Grossi esta semana en una entrevista con Radio Mitre, de Buenos Aires.<\/p>\n<\/div>\n<p><iframe title=\"Instalaciones nucleares iran\u00edes \" aria-label=\"Mapas de ubicaci\u00f3n\" id=\"datawrapper-chart-mkqog\" src=\"https:\/\/datawrapper.dwcdn.net\/mkqog\/1\/\" scrolling=\"no\" frameborder=\"0\" style=\"width: 0; min-width: 100% !important; border: none;\" height=\"878\" data-external=\"1\"><\/iframe><\/p>\n<div class=\"sc-45461e9c-0 eqiBeF container-text text-embed \" id=\"element-body-10\">\n<p>El director general de la AIEA destac\u00f3 que los iran\u00edes &#8220;est\u00e1n acumulando al 60%. Ya lo tienen. Es decir, no han llegado a acumular a 90%, pero de querer hacerlo es un pasito m\u00e1s&#8221;. Sin embargo, el funcionario aclar\u00f3: &#8220;Ellos tienen el material y ese material ser\u00eda suficiente para seis, siete u ocho armas nucleares, pero esto no quiere decir que tengan hoy un arma nuclear&#8221;.<\/p>\n<\/div>\n<p><h2>&#8220;Dispuesto a negociar <\/h2>\n<\/p>\n<div class=\"sc-45461e9c-0 eqiBeF container-text text-embed \" id=\"element-body-12\">\n<p>En tanto, este s\u00e1bado el presidente de Ir\u00e1n, Masud Pezeshkian, asegur\u00f3 que su pa\u00eds est\u00e1 dispuesto a dialogar y negociar pero <strong>no aceptar\u00e1 reducir las actividades nucleares a cero &#8220;bajo ninguna circunstancia&#8221;.<\/strong> As\u00ed se lo transmiti\u00f3 al presidente franc\u00e9s, Emmanuel Macron, en una llamada telef\u00f3nica, seg\u00fan ha informado el gobierno iran\u00ed en X.<\/p>\n<\/div>\n<div class=\"sc-45461e9c-0 eqiBeF container-text text-embed \" id=\"element-body-13\">\n<p>Pezeshkian le dijo a Macron que Ir\u00e1n est\u00e1 dispuesto a &#8220;discutir y cooperar&#8221; pero que<strong> no va a acabar con su programa nuclear,<\/strong> y tambi\u00e9n avis\u00f3 que la respuesta a Israel &#8220;ser\u00e1 m\u00e1s aplastante y decisiva&#8221;.<\/p>\n<\/div>\n<div class=\"sc-45461e9c-0 eqiBeF container-text text-embed \" id=\"element-body-14\">\n<p>Par\u00eds ya hab\u00eda informado de la llamada este s\u00e1bado en la que, seg\u00fan el El\u00edseo, Pezeshkian asegur\u00f3 que las conversaciones entre Ir\u00e1n y las naciones europeas se van a &#8220;acelerar&#8221; para <strong>buscar una salida negociada <\/strong>a la guerra con Israel.<\/p>\n<\/div>\n<div class=\"sc-98b114a2-0 bkqiHH image-embed  image-embed \" id=\"element-body-15\"><picture class=\"sc-98b114a2-1 jRUlDm\"><source media=\"(min-width: 975px)\" width=\"720\" height=\"480\" \/><img alt=\"Manifestantes iran\u00edes queman banderas de Israel y de Estados Unidos, en una protesta en Teher\u00e1n, d\u00edas atr\u00e1s. Foto: EFE \" loading=\"lazy\" width=\"720\" height=\"480\" decoding=\"async\" data-nimg=\"1\" style=\"color:transparent\" src=\"https:\/\/13.com.ar\/wp-content\/uploads\/2025\/06\/1750526792_854_dice-que-pagara-cuando-termine-la-guerra.jpg\"\/><span class=\"epigraphe\">Manifestantes iran\u00edes queman banderas de Israel y de Estados Unidos, en una protesta en Teher\u00e1n, d\u00edas atr\u00e1s. Foto: EFE <\/span><span class=\"picture-open\"><button class=\"open-image\" aria-label=\"Open Image\"\/><\/span><\/picture><\/div>\n<div class=\"sc-45461e9c-0 eqiBeF container-text text-embed \" id=\"element-body-16\">\n<p>&#8220;Estoy convencido de que existe una v\u00eda para salir de la guerra y evitar peligros m\u00e1s graves. Para lograrlo, vamos a acelerar las negociaciones iniciadas por Francia y sus socios europeos con Ir\u00e1n&#8221;, se\u00f1al\u00f3 Macron en la red social X, tras la conversaci\u00f3n telef\u00f3nica con Pezeshkian.<\/p>\n<\/div>\n<div class=\"sc-45461e9c-0 eqiBeF container-text text-embed \" id=\"element-body-17\">\n<p>El presidente franc\u00e9s, sin embargo, recalc\u00f3 este s\u00e1bado que es &#8220;exigente&#8221; respecto al programa nuclear iran\u00ed: &#8220;Ir\u00e1n nunca debe tener armas nucleares y le corresponde dar todas las garant\u00edas de que sus intenciones son pac\u00edficas&#8221;, le remarc\u00f3 a Pezeshkian.<\/p>\n<\/div>\n<div class=\"sc-45461e9c-0 eqiBeF container-text text-embed \" id=\"element-body-18\">\n<p>La llamada telef\u00f3nica se produce despu\u00e9s de una reuni\u00f3n mantenida este viernes en Ginebra entre los jefes de la diplomacia de Francia, Reino Unido y Alemania, as\u00ed como la alta representante de Exteriores de la Uni\u00f3n Europea (UE), Kaja Kallas, con el ministro de Asuntos Exteriores iran\u00ed, Ab\u00e1s Araqch\u00ed, y su equipo.<\/p>\n<\/div>\n<div class=\"sc-45461e9c-0 eqiBeF container-text text-embed \" id=\"element-body-19\">\n<p>Tras ese encuentro, el titular de Exteriores franc\u00e9s, Jean-No\u00ebl Barrot, indic\u00f3 a la prensa que Ir\u00e1n hab\u00eda marcado &#8220;su disposici\u00f3n a seguir las discusi\u00f3n sobre su programa nuclear&#8221; y se mostr\u00f3 optimista con una apertura de las discusiones, &#8220;incluso con Estados Unidos&#8221;.<\/p>\n<\/div>\n<\/div>\n<p><br \/>\n<br \/><a href=\"https:\/\/www.clarin.com\/mundo\/iran-amenaza-argentino-rafael-grossi-jefe-agencia-internacional-energia-atomica-dice-pagara-termine-guerra_0_88rVCePcnL.html\">Fuente Clarin.com <\/a><\/p>\n","protected":false},"excerpt":{"rendered":"<p>En una escalada de la guerra entre Ir\u00e1n e Israel, que da se\u00f1ales de prolongarse mientras ambos lados mantienen sus permanentes ataques con misiles y advertencias cruzadas, ahora Teher\u00e1n amenaz\u00f3 tambi\u00e9n al titular de la Agencia Internacional de Energ\u00eda At\u00f3mica, el argentino Rafael Grossi: &#8220;Pagar\u00e1&#8221; cuando termine el conflicto, escribi\u00f3 uno de los l\u00edderes del [&hellip;]<\/p>\n","protected":false},"author":1,"featured_media":35792,"comment_status":"open","ping_status":"open","sticky":false,"template":"","format":"standard","meta":{"footnotes":""},"categories":[2],"tags":[677,655,1864,11991,21835],"class_list":["post-35791","post","type-post","status-publish","format-standard","has-post-thumbnail","hentry","category-ultimas-noticias","tag-cuando","tag-dice","tag-guerra","tag-pagara","tag-termine"],"_links":{"self":[{"href":"https:\/\/13.com.ar\/index.php\/wp-json\/wp\/v2\/posts\/35791","targetHints":{"allow":["GET"]}}],"collection":[{"href":"https:\/\/13.com.ar\/index.php\/wp-json\/wp\/v2\/posts"}],"about":[{"href":"https:\/\/13.com.ar\/index.php\/wp-json\/wp\/v2\/types\/post"}],"author":[{"embeddable":true,"href":"https:\/\/13.com.ar\/index.php\/wp-json\/wp\/v2\/users\/1"}],"replies":[{"embeddable":true,"href":"https:\/\/13.com.ar\/index.php\/wp-json\/wp\/v2\/comments?post=35791"}],"version-history":[{"count":0,"href":"https:\/\/13.com.ar\/index.php\/wp-json\/wp\/v2\/posts\/35791\/revisions"}],"wp:featuredmedia":[{"embeddable":true,"href":"https:\/\/13.com.ar\/index.php\/wp-json\/wp\/v2\/media\/35792"}],"wp:attachment":[{"href":"https:\/\/13.com.ar\/index.php\/wp-json\/wp\/v2\/media?parent=35791"}],"wp:term":[{"taxonomy":"category","embeddable":true,"href":"https:\/\/13.com.ar\/index.php\/wp-json\/wp\/v2\/categories?post=35791"},{"taxonomy":"post_tag","embeddable":true,"href":"https:\/\/13.com.ar\/index.php\/wp-json\/wp\/v2\/tags?post=35791"}],"curies":[{"name":"wp","href":"https:\/\/api.w.org\/{rel}","templated":true}]}}