{"id":35787,"date":"2025-06-21T12:59:30","date_gmt":"2025-06-21T15:59:30","guid":{"rendered":"https:\/\/13.com.ar\/index.php\/sos-la-mujer-de-mi-vida\/"},"modified":"2025-06-21T12:59:30","modified_gmt":"2025-06-21T15:59:30","slug":"sos-la-mujer-de-mi-vida","status":"publish","type":"post","link":"https:\/\/13.com.ar\/index.php\/sos-la-mujer-de-mi-vida\/","title":{"rendered":"Sos la mujer de mi vida"},"content":{"rendered":"<p> <br \/>\n<br \/><img decoding=\"async\" src=\"https:\/\/13.com.ar\/wp-content\/uploads\/2025\/06\/Sos-la-mujer-de-mi-vida.jpg\" \/><\/p>\n<div id=\"element-body-0\">\n<p>Son d\u00edas especiales para <strong>Paulo Londra<\/strong>. Luego de consolidar su regreso a los escenarios despu\u00e9s de seis a\u00f1os con su primer show en el Movistar Arena el 7 de junio, <strong>el cantante cordob\u00e9s emprendi\u00f3 viaje a Espa\u00f1a junto a su actual pareja, Martina Quetglas Boj<\/strong> (27).<\/p>\n<\/div>\n<div id=\"element-body-1\">\n<p>Una vez en Europa, <strong>el joven int\u00e9rprete eligi\u00f3 el encantador escenario de Ibiza para hacerle una rom\u00e1ntica propuesta de casamiento su novia<\/strong> y no tard\u00f3 en anunciarlo con entusiasmo a trav\u00e9s de sus redes sociales.<\/p>\n<\/div>\n<div id=\"element-body-2\">\n<p>Fue en junio de 2022 que el romance se hizo p\u00fablico luego que ambos fueran vistos juntos en una fiesta en el barrio de Palermo. <\/p>\n<\/div>\n<div id=\"element-body-3\">\n<p>La joven, a quien Paulo conoci\u00f3 en su etapa escolar en C\u00f3rdoba, reapareci\u00f3 en su vida durante una reuni\u00f3n de exalumnos y es la primera pareja que el cantante blanquea tras su separaci\u00f3n de Roc\u00edo Moreno, madre de sus dos hijas, Isabella Naom\u00ed y Francisca.<\/p>\n<\/div>\n<div id=\"element-body-4\">\n<p>Antes de develar el nuevo paso en su relaci\u00f3n de tres a\u00f1os, Paulo comparti\u00f3 en su cuenta oficial de Instagram <em>(@paulolondra) <\/em>una serie de fotos y videos junto a Martina recorriendo las calles de Madrid, y disfrutando de un paseo en lancha en la emblem\u00e1tica isla del mar Mediterr\u00e1neo.<\/p>\n<\/div>\n<div id=\"element-body-6\">\n<p>Horas m\u00e1s tarde, <strong>la pareja anunci\u00f3 su compromiso a trav\u00e9s de una publicaci\u00f3n conjunta<\/strong> en redes sociales, en la que Martina le dedic\u00f3 unas conmovedoras palabras al cantante.  <\/p>\n<\/div>\n<div id=\"element-body-7\">\n<p>\u201cY no fue un viaje cualquiera, <strong>fue el viaje que siempre so\u00f1\u00e9, el que de peque\u00f1a ve\u00eda que era el verdadero sue\u00f1o de una mujer o por lo menos el m\u00edo<\/strong>, <strong>decir \u2018\u00a1S\u00ed, quiero!\u2019<\/strong>\u201c, escribi\u00f3 la joven.<\/p>\n<\/div>\n<div id=\"element-body-9\">\n<p>A continuaci\u00f3n, Martina expres\u00f3 su alegr\u00eda por el presente que comparte con Paulo y la historia de amor que construyen juntos: &#8220;<strong>Gracias por ser la mejor persona que me pod\u00eda tocar en mi vida<\/strong>, por cuidarme, por valorarme, por hacerme sentir segura y <strong>por ser ese gran compa\u00f1ero que nunca pens\u00e9 que me pod\u00eda pasar, hasta que llegaste vos<\/strong>&#8220;. <\/p>\n<\/div>\n<div id=\"element-body-10\">\n<p>&#8220;<strong>Superaste todas mis expectativas y lo segu\u00eds haciendo d\u00eda a d\u00eda<\/strong>, no te imaginas lo que sos para m\u00ed&#8221;, remarc\u00f3 en la carta que le dedic\u00f3 en la red social. <\/p>\n<\/div>\n<div id=\"element-body-12\">\n<p>A modo de cierre, Martina reflej\u00f3 con firmeza la certeza y felicidad que siente al oficializar su amor con el artista: &#8220;<strong>SI quiero pasar toda la vida con vos<\/strong>, SI quiero mi amor, mi Pau, mi persona favorita en este mundo. Vamos por todo&#8221;. <\/p>\n<\/div>\n<div id=\"element-body-13\">\n<p>El emotivo mensaje de la joven no pas\u00f3 desapercibido para Londra, quien le respondi\u00f3 con una declaraci\u00f3n de amor en los comentarios: &#8220;Te amo reina. <strong>Sos la mujer de mi vida. Siempre juntos con Dios<\/strong>, intentando ser mejores todos los d\u00edas. Te admiro y amo mucho&#8221;. <\/p>\n<\/div>\n<div id=\"element-body-14\">\n<p>Adem\u00e1s, Paulo hizo referencia a \u201cG\u00e9nesis 2:24\u201d, un vers\u00edculo del Antiguo Testamento que reza: \u201cPor tanto, dejar\u00e1 el hombre a su padre y a su madre, y se unir\u00e1 a su mujer, y ser\u00e1n una sola carne\u201d.<\/p>\n<\/div>\n<div id=\"element-body-16\">\n<p>Como no pod\u00eda ser de otra manera, la publicaci\u00f3n estuvo acompa\u00f1ada por una imagen en la que se mostraban sus manos entrelazadas, dejando a la vista el refinado anillo de compromiso, confirmando que <strong>Londra le propuso matrimonio mientras navegaban las aguas del Mar Mediterr\u00e1neo.<\/strong><\/p>\n<\/div>\n<div id=\"element-body-17\">\n<p>Adem\u00e1s, la pareja comparti\u00f3 dos fotos m\u00e1s donde se los ve caminando por una playa de Ibiza, sonrientes y enamorados, disfrutando de una tarde soleada junto al azul intenso del mar, escenario perfecto para la ocasi\u00f3n especial.<\/p>\n<\/div>\n<div id=\"element-body-19\">\n<p>Martina luci\u00f3 un pantal\u00f3n amplio en tono beige junto a una musculosa negra de escote redondo, ideal para el c\u00e1lido clima del lugar, mientras que Paulo llev\u00f3 un look relajado con una remera oversize blanca y shorts beige.<\/p>\n<\/div>\n<div id=\"element-body-20\">\n<p>Entre los famosos que reaccionaron a la noticia del compromiso estuvieron Emilia Mernes, que le dio \u201cme gusta\u201d a la publicaci\u00f3n, y Lit Killah, quien dej\u00f3 emojis enamorados para expresar su alegr\u00eda por la pareja.<\/p>\n<\/div>\n<p><br \/>\n<br \/><a href=\"https:\/\/www.clarin.com\/fama\/romantica-propuesta-casamiento-paulo-londra-novia-ibiza-sos-mujer-vida_0_fYdPuHlmUA.html\">Fuente Clarin.com <\/a><\/p>\n","protected":false},"excerpt":{"rendered":"<p>Son d\u00edas especiales para Paulo Londra. Luego de consolidar su regreso a los escenarios despu\u00e9s de seis a\u00f1os con su primer show en el Movistar Arena el 7 de junio, el cantante cordob\u00e9s emprendi\u00f3 viaje a Espa\u00f1a junto a su actual pareja, Martina Quetglas Boj (27). Una vez en Europa, el joven int\u00e9rprete eligi\u00f3 el [&hellip;]<\/p>\n","protected":false},"author":1,"featured_media":35788,"comment_status":"open","ping_status":"open","sticky":false,"template":"","format":"standard","meta":{"footnotes":""},"categories":[2],"tags":[138,2426,113],"class_list":["post-35787","post","type-post","status-publish","format-standard","has-post-thumbnail","hentry","category-ultimas-noticias","tag-mujer","tag-sos","tag-vida"],"_links":{"self":[{"href":"https:\/\/13.com.ar\/index.php\/wp-json\/wp\/v2\/posts\/35787","targetHints":{"allow":["GET"]}}],"collection":[{"href":"https:\/\/13.com.ar\/index.php\/wp-json\/wp\/v2\/posts"}],"about":[{"href":"https:\/\/13.com.ar\/index.php\/wp-json\/wp\/v2\/types\/post"}],"author":[{"embeddable":true,"href":"https:\/\/13.com.ar\/index.php\/wp-json\/wp\/v2\/users\/1"}],"replies":[{"embeddable":true,"href":"https:\/\/13.com.ar\/index.php\/wp-json\/wp\/v2\/comments?post=35787"}],"version-history":[{"count":0,"href":"https:\/\/13.com.ar\/index.php\/wp-json\/wp\/v2\/posts\/35787\/revisions"}],"wp:featuredmedia":[{"embeddable":true,"href":"https:\/\/13.com.ar\/index.php\/wp-json\/wp\/v2\/media\/35788"}],"wp:attachment":[{"href":"https:\/\/13.com.ar\/index.php\/wp-json\/wp\/v2\/media?parent=35787"}],"wp:term":[{"taxonomy":"category","embeddable":true,"href":"https:\/\/13.com.ar\/index.php\/wp-json\/wp\/v2\/categories?post=35787"},{"taxonomy":"post_tag","embeddable":true,"href":"https:\/\/13.com.ar\/index.php\/wp-json\/wp\/v2\/tags?post=35787"}],"curies":[{"name":"wp","href":"https:\/\/api.w.org\/{rel}","templated":true}]}}