{"id":35781,"date":"2025-06-21T12:05:29","date_gmt":"2025-06-21T15:05:29","guid":{"rendered":"https:\/\/13.com.ar\/index.php\/hay-al-menos-8-muertos\/"},"modified":"2025-06-21T12:05:29","modified_gmt":"2025-06-21T15:05:29","slug":"hay-al-menos-8-muertos","status":"publish","type":"post","link":"https:\/\/13.com.ar\/index.php\/hay-al-menos-8-muertos\/","title":{"rendered":"hay al menos 8 muertos"},"content":{"rendered":"<p> <br \/>\n<br \/><img decoding=\"async\" src=\"https:\/\/13.com.ar\/wp-content\/uploads\/2025\/06\/hay-al-menos-8-muertos.jpg\" \/><\/p>\n<div id=\"element-body-0\">\n<p>La ma\u00f1ana del s\u00e1bado 21 de junio ocurri\u00f3 una<strong> tragedia en el aire<\/strong> durante una excursi\u00f3n en <strong>Praia Grande<\/strong>, <strong>Brasil<\/strong>. Un<strong> globo aerost\u00e1tico<\/strong> tripulado con <strong>21 personas<\/strong> a bordo <strong>se prendi\u00f3 fuego<\/strong> en pleno vuelo, y las autoridades confirmaron que hay al menos <strong>ocho muertos<\/strong>.<\/p>\n<\/div>\n<div id=\"element-body-1\">\n<p>Seg\u00fan el Departamento de Bomberos, al llegar a la escena rescataron a <strong>13 sobrevivientes<\/strong>, pero se desconoce su estado de salud. El accidente ocurri\u00f3 en la regi\u00f3n conocida como &#8220;la Capadocia Brasile\u00f1a&#8221;, un famoso destino para paseos en globo que promete espectaculares vistas panor\u00e1micas.<\/p>\n<\/div>\n<div id=\"element-body-3\">\n<p>La excursi\u00f3n a\u00e9rea es muy elegida particularmente en este mes por muchas parejas, debido a que en el pa\u00eds hermano se celebra San Valent\u00edn el 12 junio, en v\u00edsperas de San Antonio, y no el cl\u00e1sico 14 de febrero.<\/p>\n<\/div>\n<div id=\"element-body-4\">\n<p><strong>La causa del accidente a\u00fan se investiga.<\/strong> El clima parec\u00eda perfecto para la ocasi\u00f3n, con un sol radiante que acompa\u00f1aba la jornada cuando la tragedia se desat\u00f3 de un segundo a otro.<\/p>\n<\/div>\n<div id=\"element-body-5\">\n<p>La ubicaci\u00f3n geogr\u00e1fica, en el sur de Santa Catarina, no tiene costa, y se caracteriza por  la mayor cadena de ca\u00f1ones de Am\u00e9rica Latina, al pie del tramo m\u00e1s escarpado de la Serra. <\/p>\n<\/div>\n<div id=\"element-body-6\">\n<p>La ciudad de Praia Grande se encuentra en el l\u00edmite con Rio Grande do Sul, a 270 kil\u00f3metros de Florian\u00f3polis y a 230 kil\u00f3metros de Porto Alegre. <\/p>\n<\/div>\n<p><h2>Tragedia en el aire: el impactante video del incendio del globo aerost\u00e1tico en Brasil<\/h2>\n<\/p>\n<div id=\"element-body-8\">\n<p>En las im\u00e1genes grabadas por los transe\u00fantes que estaban observando el vuelo del globo, llamativamente a baja altura, y toda la secuencia de la tragedia qued\u00f3 registrada. Primero se vio humo salir de la cesta donde se encontraban todos los pasajeros, y luego se intensificaron las llamas hasta caer al suelo.<\/p>\n<\/div>\n<div id=\"element-body-10\">\n<p>En ese intervalo de menos de un minuto tambi\u00e9n fueron testigos de los desoladores intentos de escape de la tripulaci\u00f3n. <strong>&#8220;La gente se lanzaba, fue horrible\u201d<\/strong>, dijo un testigo sobre la ca\u00edda de globo a la prensa local. <\/p>\n<\/div>\n<div id=\"element-body-11\">\n<p>Al principio se reportaron cuatro v\u00edctimas fatales, pero luego el gobernador  de Santa Catarina, <strong>Jorginho Mello <\/strong>confirm\u00f3 que ocho personas murieron en el accidente, y aclar\u00f3 que el recuento no es definitivo.<\/p>\n<\/div>\n<div id=\"element-body-12\">\n<p>Este accidente de globo en Santa Catarina ocurre a menos de una semana de un devastador antecedente: la muerte de una mujer en un viaje en globo en el interior de S\u00e3o Paulo. <\/p>\n<\/div>\n<div id=\"element-body-13\">\n<p>Seg\u00fan reporta el diario <em>O<\/em> <em>Globo<\/em>, la joven fallecida fue identificada como <strong>Juliana Alves Prado Pereira<\/strong>, de 27 a\u00f1os, era psic\u00f3loga y viajaba junto a su esposo, Leandro de Aquino Pereira, con quien celebraba San Valent\u00edn. En aquel incidente hubo m\u00e1s de 30 personas a bordo y 11 resultaron heridas.<\/p>\n<\/div>\n<p><br \/>\n<br \/><a href=\"https:\/\/www.clarin.com\/internacional\/globo-aerostatico-incendio-brasil-21-personas-bordo-8-muertos_0_fD0vVfjZEl.html\">Fuente Clarin.com <\/a><\/p>\n","protected":false},"excerpt":{"rendered":"<p>La ma\u00f1ana del s\u00e1bado 21 de junio ocurri\u00f3 una tragedia en el aire durante una excursi\u00f3n en Praia Grande, Brasil. Un globo aerost\u00e1tico tripulado con 21 personas a bordo se prendi\u00f3 fuego en pleno vuelo, y las autoridades confirmaron que hay al menos ocho muertos. Seg\u00fan el Departamento de Bomberos, al llegar a la escena [&hellip;]<\/p>\n","protected":false},"author":1,"featured_media":35782,"comment_status":"open","ping_status":"open","sticky":false,"template":"","format":"standard","meta":{"footnotes":""},"categories":[2],"tags":[942,263,435],"class_list":["post-35781","post","type-post","status-publish","format-standard","has-post-thumbnail","hentry","category-ultimas-noticias","tag-hay","tag-menos","tag-muertos"],"_links":{"self":[{"href":"https:\/\/13.com.ar\/index.php\/wp-json\/wp\/v2\/posts\/35781","targetHints":{"allow":["GET"]}}],"collection":[{"href":"https:\/\/13.com.ar\/index.php\/wp-json\/wp\/v2\/posts"}],"about":[{"href":"https:\/\/13.com.ar\/index.php\/wp-json\/wp\/v2\/types\/post"}],"author":[{"embeddable":true,"href":"https:\/\/13.com.ar\/index.php\/wp-json\/wp\/v2\/users\/1"}],"replies":[{"embeddable":true,"href":"https:\/\/13.com.ar\/index.php\/wp-json\/wp\/v2\/comments?post=35781"}],"version-history":[{"count":0,"href":"https:\/\/13.com.ar\/index.php\/wp-json\/wp\/v2\/posts\/35781\/revisions"}],"wp:featuredmedia":[{"embeddable":true,"href":"https:\/\/13.com.ar\/index.php\/wp-json\/wp\/v2\/media\/35782"}],"wp:attachment":[{"href":"https:\/\/13.com.ar\/index.php\/wp-json\/wp\/v2\/media?parent=35781"}],"wp:term":[{"taxonomy":"category","embeddable":true,"href":"https:\/\/13.com.ar\/index.php\/wp-json\/wp\/v2\/categories?post=35781"},{"taxonomy":"post_tag","embeddable":true,"href":"https:\/\/13.com.ar\/index.php\/wp-json\/wp\/v2\/tags?post=35781"}],"curies":[{"name":"wp","href":"https:\/\/api.w.org\/{rel}","templated":true}]}}