{"id":35774,"date":"2025-06-21T11:32:31","date_gmt":"2025-06-21T14:32:31","guid":{"rendered":"https:\/\/13.com.ar\/index.php\/detuvieron-a-una-sospechosa-que-podria-ser-una-viuda-negra\/"},"modified":"2025-06-21T11:32:31","modified_gmt":"2025-06-21T14:32:31","slug":"detuvieron-a-una-sospechosa-que-podria-ser-una-viuda-negra","status":"publish","type":"post","link":"https:\/\/13.com.ar\/index.php\/detuvieron-a-una-sospechosa-que-podria-ser-una-viuda-negra\/","title":{"rendered":"detuvieron a una sospechosa que podr\u00eda ser una &#8220;viuda negra&#8221;"},"content":{"rendered":"<p> <br \/>\n<br \/><img decoding=\"async\" src=\"https:\/\/13.com.ar\/wp-content\/uploads\/2025\/06\/detuvieron-a-una-sospechosa-que-podria-ser-una-viuda-negra.jpg\" \/><\/p>\n<div id=\"element-body-0\">\n<p>Una joven de 23 a\u00f1os fue detenida en el marco de la investigaci\u00f3n por el crimen del <strong>economista Juan Pablo Jim\u00e9nez (61)<\/strong>, quien apareci\u00f3 muerto en su departamento en una zona exclusiva de Palermo en un ataque que se cree que fue realizado por \u201cviudas negras\u201d.<\/p>\n<\/div>\n<div id=\"element-body-1\">\n<p>La primera sospechosa detenida fue identificada con las iniciales A.M.C., de 23 a\u00f1os, quien fue apresada en su casa de la calle San Mart\u00edn al 100 de Grand Bourg, en Malvinas Argentinas.<\/p>\n<\/div>\n<div id=\"element-body-2\">\n<p>Los detectives Divisi\u00f3n de Investigaciones Comunales (DIC) 14 de la Polic\u00eda de la Ciudad junto con los de la Sub Delegaci\u00f3n Departamental de Investigaciones (SubDDI) de San Miguel allanaron el domicilio donde detuvieron a la joven y secuestraron un tel\u00e9fono celular y dos pantalones jeans azules que son de inter\u00e9s para la causa.<\/p>\n<\/div>\n<div id=\"element-body-3\">\n<p>La detenci\u00f3n de la joven se realiz\u00f3 luego del an\u00e1lisis de las c\u00e1maras de seguridad de la zona del edificio de la v\u00edctima, situado en la calle Castex al 3400, en una de las zonas m\u00e1s exclusivas de Palermo, a metros de las avenidas Del Libertador y Figueroa Alcorta.<\/p>\n<\/div>\n<p><br \/>\n<br \/><a href=\"https:\/\/www.clarin.com\/policiales\/crimen-economista-palermo-detuvieron-sospechosa-podria-viuda-negra_0_1mQbD8R3rb.html\">Fuente Clarin.com <\/a><\/p>\n","protected":false},"excerpt":{"rendered":"<p>Una joven de 23 a\u00f1os fue detenida en el marco de la investigaci\u00f3n por el crimen del economista Juan Pablo Jim\u00e9nez (61), quien apareci\u00f3 muerto en su departamento en una zona exclusiva de Palermo en un ataque que se cree que fue realizado por \u201cviudas negras\u201d. La primera sospechosa detenida fue identificada con las iniciales [&hellip;]<\/p>\n","protected":false},"author":1,"featured_media":35775,"comment_status":"open","ping_status":"open","sticky":false,"template":"","format":"standard","meta":{"footnotes":""},"categories":[2],"tags":[1148,8294,1563,1234,20679,73,12007],"class_list":["post-35774","post","type-post","status-publish","format-standard","has-post-thumbnail","hentry","category-ultimas-noticias","tag-detuvieron","tag-negra","tag-podria","tag-ser","tag-sospechosa","tag-una","tag-viuda"],"_links":{"self":[{"href":"https:\/\/13.com.ar\/index.php\/wp-json\/wp\/v2\/posts\/35774","targetHints":{"allow":["GET"]}}],"collection":[{"href":"https:\/\/13.com.ar\/index.php\/wp-json\/wp\/v2\/posts"}],"about":[{"href":"https:\/\/13.com.ar\/index.php\/wp-json\/wp\/v2\/types\/post"}],"author":[{"embeddable":true,"href":"https:\/\/13.com.ar\/index.php\/wp-json\/wp\/v2\/users\/1"}],"replies":[{"embeddable":true,"href":"https:\/\/13.com.ar\/index.php\/wp-json\/wp\/v2\/comments?post=35774"}],"version-history":[{"count":0,"href":"https:\/\/13.com.ar\/index.php\/wp-json\/wp\/v2\/posts\/35774\/revisions"}],"wp:featuredmedia":[{"embeddable":true,"href":"https:\/\/13.com.ar\/index.php\/wp-json\/wp\/v2\/media\/35775"}],"wp:attachment":[{"href":"https:\/\/13.com.ar\/index.php\/wp-json\/wp\/v2\/media?parent=35774"}],"wp:term":[{"taxonomy":"category","embeddable":true,"href":"https:\/\/13.com.ar\/index.php\/wp-json\/wp\/v2\/categories?post=35774"},{"taxonomy":"post_tag","embeddable":true,"href":"https:\/\/13.com.ar\/index.php\/wp-json\/wp\/v2\/tags?post=35774"}],"curies":[{"name":"wp","href":"https:\/\/api.w.org\/{rel}","templated":true}]}}