{"id":35772,"date":"2025-06-21T11:26:33","date_gmt":"2025-06-21T14:26:33","guid":{"rendered":"https:\/\/13.com.ar\/index.php\/georgina-barbarossa-reaparecio-y-conto-como-sigue-su-salud-tras-descompensarse-al-aire\/"},"modified":"2025-06-21T11:26:33","modified_gmt":"2025-06-21T14:26:33","slug":"georgina-barbarossa-reaparecio-y-conto-como-sigue-su-salud-tras-descompensarse-al-aire","status":"publish","type":"post","link":"https:\/\/13.com.ar\/index.php\/georgina-barbarossa-reaparecio-y-conto-como-sigue-su-salud-tras-descompensarse-al-aire\/","title":{"rendered":"Georgina Barbarossa reapareci\u00f3 y cont\u00f3 c\u00f3mo sigue su salud tras descompensarse al aire"},"content":{"rendered":"<p> <br \/>\n<br \/><img decoding=\"async\" src=\"https:\/\/13.com.ar\/wp-content\/uploads\/2025\/06\/Georgina-Barbarossa-reaparecio-y-conto-como-sigue-su-salud-tras.jpg\" \/><\/p>\n<div id=\"element-body-0\">\n<p>La ma\u00f1ana del jueves 19 de junio, el programa de <strong>Georgina Barbarossa<\/strong> se vio interrumpido por un inesperado episodio ya que la conductora se retir\u00f3 del estudio en pleno aire generando preocupaci\u00f3n entre sus colegas, el equipo t\u00e9cnico y la audiencia. Ante la inquietud que gener\u00f3 aqu\u00e9l episodio, <strong>decidi\u00f3 referirse a su salud y cont\u00f3 c\u00f3mo se siente estos d\u00edas. <\/strong><\/p>\n<\/div>\n<div id=\"element-body-1\">\n<p>Durante los primeros minutos del ciclo televisivo, todo parec\u00eda transcurrir con normalidad. Sin embargo, <strong>Georgina comenz\u00f3 a evidenciar cierto malestar<\/strong>, lo que llev\u00f3 a la periodista P\u00eda Shaw a preguntarle en vivo si se sent\u00eda bien. <\/p>\n<\/div>\n<div id=\"element-body-2\">\n<p>Fue entonces que la conductora se agarr\u00f3 la cabeza y respondi\u00f3, sincera:<strong> \u201cMe duele la cabeza\u201d.<\/strong><\/p>\n<\/div>\n<div id=\"element-body-3\">\n<p>Acto seguido, Georgina se levant\u00f3 y se retir\u00f3 del estudio dejando desconcertados a sus compa\u00f1eros. De esta manera, frente a la inesperada situaci\u00f3n, la producci\u00f3n de<em> A la Barbarossa<\/em> (Telefe) decidi\u00f3 seguir adelante con el programa dejando la conducci\u00f3n en manos de <strong>Anal\u00eda Franch\u00edn<\/strong>.<\/p>\n<\/div>\n<div id=\"element-body-4\">\n<p>Si bien desde la se\u00f1al televisiva confirmaron que <strong>una ambulancia se hizo presente en el canal para asistirla y confirmar que no se trataba de un cuadro grave<\/strong>, la incertidumbre por lo ocurrido persisti\u00f3. <\/p>\n<\/div>\n<div id=\"element-body-5\">\n<p>Por eso, Barbarossa eligi\u00f3 comunicarse a trav\u00e9s de su cuenta de Instagram <em>(@geobarbarossa)<\/em>, donde acumula 709 mil seguidores, para <strong>llevar tranquilidad y expresar su agradecimiento por los mensajes, y muestras de apoyo.<\/strong><\/p>\n<\/div>\n<div id=\"element-body-7\">\n<p>&#8220;<strong>Gracias a todos por los mensajes y la preocupaci\u00f3n<\/strong>&#8220;, escribi\u00f3 la conductora en una historia compartida en la red social.<\/p>\n<\/div>\n<div id=\"element-body-8\">\n<p>A pesar del fuerte dolor de cabeza que sufri\u00f3 en plena conducci\u00f3n, Georgina aclar\u00f3:<strong> &#8220;Ya estoy mejor, nada grave&#8221;. <\/strong><\/p>\n<\/div>\n<div id=\"element-body-9\">\n<p>Para finalizar, Barbarossa confirm\u00f3 que se encuentra bien y lista para retomar su labor al frente de su programa sin ning\u00fan inconveniente. <\/p>\n<\/div>\n<div id=\"element-body-10\">\n<p>&#8220;<strong>El lunes vuelvo con todo. Gracias por estar siempre cerca\u201d<\/strong>, concluy\u00f3 con una serie de emojis de arco\u00edris, corazones y flores.<\/p>\n<\/div>\n<div id=\"element-body-12\">\n<p>Tras su sorpresiva salida en vivo, la conductora evit\u00f3 hacer declaraciones sobre su estado de salud y P\u00eda Shaw -quien integra el panel del ciclo televisivo- se encarg\u00f3 de explicar lo sucedido frente a las c\u00e1maras, tratando de tranquilizar al p\u00fablico y calmar las especulaciones al respecto. <\/p>\n<\/div>\n<div id=\"element-body-13\">\n<p>&#8220;Nos explot\u00f3 el tel\u00e9fono porque tuvimos un problemita al aire. Nos est\u00e1bamos yendo al corte, <strong>Georgina se agarr\u00f3 la cabeza, que le dol\u00eda mucho, ya ven\u00eda con dolor de o\u00eddo<\/strong>\u201d, manifest\u00f3 la periodista.<\/p>\n<\/div>\n<div id=\"element-body-14\">\n<p>\u201c<strong>Vino todo su grupo, le tomaron la presi\u00f3n, el n\u00famero le dio un poquitito alto. <\/strong>El aparato era medio casero, no era el mejor, entonces ah\u00ed llamaron a la ambulancia. Ah\u00ed aparece Anal\u00eda Franch\u00edn y se pone el programa al aire. As\u00ed sucedi\u00f3\u201d, detall\u00f3 a continuaci\u00f3n. <\/p>\n<\/div>\n<div id=\"element-body-16\">\n<p>En esta misma l\u00ednea, Shaw sum\u00f3: \u201cGeorgina se fue al camar\u00edn, se qued\u00f3 ah\u00ed. Volvi\u00f3 el m\u00e9dico m\u00e1s tarde, <strong>le dijo que tiene que descansar<\/strong>\u201d.<\/p>\n<\/div>\n<div id=\"element-body-17\">\n<p>La periodista tambi\u00e9n revel\u00f3 que<strong> la conductora tuvo que cancelar un viaje previamente organizado a C\u00f3rdoba<\/strong> para este fin de semana, <strong>con el fin de descansar y recuperar energ\u00edas para encarar su agenda laboral<\/strong> otra vez.<\/p>\n<\/div>\n<div id=\"element-body-18\">\n<div class=\"sc-c2c2a3c6-1 kQhBlc videoText videoText\">\n<h2>Video<\/h2>\n<p>Video: P\u00eda Shaw cont\u00f3 c\u00f3mo sigue la salud de Georgina Barbarossa<\/p>\n<\/div>\n<\/div>\n<div id=\"element-body-19\">\n<p>\u201cEst\u00e1 divina, est\u00e1 descansado. Ayer a la tarde habl\u00e9, no le dol\u00eda tanto la cabeza, ya estaba mejor\u201d, subray\u00f3 P\u00eda.<\/p>\n<\/div>\n<div id=\"element-body-20\">\n<p>Por \u00faltimo, Shaw destac\u00f3 que, en el \u00faltimo tiempo, Georgina enfrent\u00f3 algunas situaciones personales que repercutieron en su estado de \u00e1nimo. <\/p>\n<\/div>\n<div id=\"element-body-21\">\n<p>\u201cLe pasaron cosas. Falleci\u00f3 una prima de ella\u2026 <strong>Pasaron un mont\u00f3n de cosas, situaciones personales, y eso tambi\u00e9n la tiene un poquito pachucha<\/strong>\u201d, cerr\u00f3.<\/p>\n<\/div>\n<p><br \/>\n<br \/><a href=\"https:\/\/www.clarin.com\/fama\/georgina-barbarossa-reaparecio-conto-sigue-salud-descompensarse-aire_0_gVT1cDbYOc.html\">Fuente Clarin.com <\/a><\/p>\n","protected":false},"excerpt":{"rendered":"<p>La ma\u00f1ana del jueves 19 de junio, el programa de Georgina Barbarossa se vio interrumpido por un inesperado episodio ya que la conductora se retir\u00f3 del estudio en pleno aire generando preocupaci\u00f3n entre sus colegas, el equipo t\u00e9cnico y la audiencia. Ante la inquietud que gener\u00f3 aqu\u00e9l episodio, decidi\u00f3 referirse a su salud y cont\u00f3 [&hellip;]<\/p>\n","protected":false},"author":1,"featured_media":35773,"comment_status":"open","ping_status":"open","sticky":false,"template":"","format":"standard","meta":{"footnotes":""},"categories":[2],"tags":[1395,12384,66,506,21789,12383,7968,243,837,312],"class_list":["post-35772","post","type-post","status-publish","format-standard","has-post-thumbnail","hentry","category-ultimas-noticias","tag-aire","tag-barbarossa","tag-como","tag-conto","tag-descompensarse","tag-georgina","tag-reaparecio","tag-salud","tag-sigue","tag-tras"],"_links":{"self":[{"href":"https:\/\/13.com.ar\/index.php\/wp-json\/wp\/v2\/posts\/35772","targetHints":{"allow":["GET"]}}],"collection":[{"href":"https:\/\/13.com.ar\/index.php\/wp-json\/wp\/v2\/posts"}],"about":[{"href":"https:\/\/13.com.ar\/index.php\/wp-json\/wp\/v2\/types\/post"}],"author":[{"embeddable":true,"href":"https:\/\/13.com.ar\/index.php\/wp-json\/wp\/v2\/users\/1"}],"replies":[{"embeddable":true,"href":"https:\/\/13.com.ar\/index.php\/wp-json\/wp\/v2\/comments?post=35772"}],"version-history":[{"count":0,"href":"https:\/\/13.com.ar\/index.php\/wp-json\/wp\/v2\/posts\/35772\/revisions"}],"wp:featuredmedia":[{"embeddable":true,"href":"https:\/\/13.com.ar\/index.php\/wp-json\/wp\/v2\/media\/35773"}],"wp:attachment":[{"href":"https:\/\/13.com.ar\/index.php\/wp-json\/wp\/v2\/media?parent=35772"}],"wp:term":[{"taxonomy":"category","embeddable":true,"href":"https:\/\/13.com.ar\/index.php\/wp-json\/wp\/v2\/categories?post=35772"},{"taxonomy":"post_tag","embeddable":true,"href":"https:\/\/13.com.ar\/index.php\/wp-json\/wp\/v2\/tags?post=35772"}],"curies":[{"name":"wp","href":"https:\/\/api.w.org\/{rel}","templated":true}]}}