{"id":35764,"date":"2025-06-21T10:53:30","date_gmt":"2025-06-21T13:53:30","guid":{"rendered":"https:\/\/13.com.ar\/index.php\/tras-la-condena-de-cristina-kirchner-el-pj-apura-el-armado-del-nuevo-frente-electoral-bonaerense-que-podria-llamarse-peronismo\/"},"modified":"2025-06-21T10:53:30","modified_gmt":"2025-06-21T13:53:30","slug":"tras-la-condena-de-cristina-kirchner-el-pj-apura-el-armado-del-nuevo-frente-electoral-bonaerense-que-podria-llamarse-peronismo","status":"publish","type":"post","link":"https:\/\/13.com.ar\/index.php\/tras-la-condena-de-cristina-kirchner-el-pj-apura-el-armado-del-nuevo-frente-electoral-bonaerense-que-podria-llamarse-peronismo\/","title":{"rendered":"Tras la condena de Cristina Kirchner, el PJ apura el armado del nuevo frente electoral bonaerense que podr\u00eda llamarse &#8220;Peronismo&#8221;"},"content":{"rendered":"<p> <br \/>\n<br \/><img decoding=\"async\" src=\"https:\/\/13.com.ar\/wp-content\/uploads\/2025\/06\/Un-caso-sin-sustento-juridico-ni-respeto.jpg\" \/><\/p>\n<div id=\"element-body-0\">\n<p>A poco m\u00e1s de dos semanas para el cierre de alianzas, estipulado para el pr\u00f3ximo 9 de julio, el kirchnerismo y el Frente Renovador apuran el armado del <strong>nuevo frente electoral bonaerense <\/strong>que <strong>podr\u00eda llevar el nombre de &#8220;Peronismo&#8221;.<\/strong><\/p>\n<\/div>\n<div id=\"element-body-1\">\n<p>Fuentes del espacio indicaron a <strong><em>Clar\u00edn<\/em><\/strong> que el Partido Justicialista convocar\u00e1 esta semana a fuerzas aliadas a la sede de Matheu 130 para cerrar el nombre del frente y definir las candidaturas.<\/p>\n<\/div>\n<div id=\"element-body-2\">\n<p>&#8220;Se prev\u00e9 que desde <strong>el d\u00eda martes empiece la convocatoria a las otras fuerzas del acuerdo <\/strong>como Nuevo Encuentro, el Partido Solidario, Patria Grande y varias de las uniones vecinales&#8221;, revelaron a este diario.<\/p>\n<\/div>\n<div id=\"element-body-3\">\n<p>Desde la mesa chica de uno de los principales accionistas del viejo frente Uni\u00f3n por la Patria detallaron que la idea es &#8220;<strong>dejar constituido el sistema de selecci\u00f3n de candidatos<\/strong>, acuerdos y la incorporaci\u00f3n de uniones vecinales a los efectos de dejar garantizada la estructura jur\u00eddica para las elecciones de septiembre y octubre&#8221;.<\/p>\n<\/div>\n<div id=\"element-body-4\">\n<p>&#8220;La idea es definir una sola Junta Electoral de validaci\u00f3n de candidaturas para las dos elecciones as\u00ed como el sistema de alianzas&#8221;, subrayaron altas fuentes del peronismo. <\/p>\n<\/div>\n<p><br \/>\n<br \/><a href=\"https:\/\/www.clarin.com\/politica\/condena-cristina-kirchner-pj-apura-armado-nuevo-frente-electoral-bonaerense-podria-llamarse-peronismo_0_oG2Q6ZUmPz.html\">Fuente Clarin.com <\/a><\/p>\n","protected":false},"excerpt":{"rendered":"<p>A poco m\u00e1s de dos semanas para el cierre de alianzas, estipulado para el pr\u00f3ximo 9 de julio, el kirchnerismo y el Frente Renovador apuran el armado del nuevo frente electoral bonaerense que podr\u00eda llevar el nombre de &#8220;Peronismo&#8221;. Fuentes del espacio indicaron a Clar\u00edn que el Partido Justicialista convocar\u00e1 esta semana a fuerzas aliadas [&hellip;]<\/p>\n","protected":false},"author":1,"featured_media":32603,"comment_status":"open","ping_status":"open","sticky":false,"template":"","format":"standard","meta":{"footnotes":""},"categories":[2],"tags":[3001,4410,375,4668,497,100,5073,802,1381,17551,14,1455,1563,312],"class_list":["post-35764","post","type-post","status-publish","format-standard","has-post-thumbnail","hentry","category-ultimas-noticias","tag-apura","tag-armado","tag-bonaerense","tag-condena","tag-cristina","tag-del","tag-electoral","tag-frente","tag-kirchner","tag-llamarse","tag-nuevo","tag-peronismo","tag-podria","tag-tras"],"_links":{"self":[{"href":"https:\/\/13.com.ar\/index.php\/wp-json\/wp\/v2\/posts\/35764","targetHints":{"allow":["GET"]}}],"collection":[{"href":"https:\/\/13.com.ar\/index.php\/wp-json\/wp\/v2\/posts"}],"about":[{"href":"https:\/\/13.com.ar\/index.php\/wp-json\/wp\/v2\/types\/post"}],"author":[{"embeddable":true,"href":"https:\/\/13.com.ar\/index.php\/wp-json\/wp\/v2\/users\/1"}],"replies":[{"embeddable":true,"href":"https:\/\/13.com.ar\/index.php\/wp-json\/wp\/v2\/comments?post=35764"}],"version-history":[{"count":0,"href":"https:\/\/13.com.ar\/index.php\/wp-json\/wp\/v2\/posts\/35764\/revisions"}],"wp:featuredmedia":[{"embeddable":true,"href":"https:\/\/13.com.ar\/index.php\/wp-json\/wp\/v2\/media\/32603"}],"wp:attachment":[{"href":"https:\/\/13.com.ar\/index.php\/wp-json\/wp\/v2\/media?parent=35764"}],"wp:term":[{"taxonomy":"category","embeddable":true,"href":"https:\/\/13.com.ar\/index.php\/wp-json\/wp\/v2\/categories?post=35764"},{"taxonomy":"post_tag","embeddable":true,"href":"https:\/\/13.com.ar\/index.php\/wp-json\/wp\/v2\/tags?post=35764"}],"curies":[{"name":"wp","href":"https:\/\/api.w.org\/{rel}","templated":true}]}}