{"id":35762,"date":"2025-06-21T10:29:35","date_gmt":"2025-06-21T13:29:35","guid":{"rendered":"https:\/\/13.com.ar\/index.php\/cristina-debe-estar-libre-el-primer-dia-o-antes\/"},"modified":"2025-06-21T10:29:35","modified_gmt":"2025-06-21T13:29:35","slug":"cristina-debe-estar-libre-el-primer-dia-o-antes","status":"publish","type":"post","link":"https:\/\/13.com.ar\/index.php\/cristina-debe-estar-libre-el-primer-dia-o-antes\/","title":{"rendered":"Cristina debe estar libre el primer d\u00eda o antes"},"content":{"rendered":"<p> <br \/>\n<br \/><img decoding=\"async\" src=\"https:\/\/13.com.ar\/wp-content\/uploads\/2025\/06\/Cristina-debe-estar-libre-el-primer-dia-o-antes.jpg\" \/><\/p>\n<div id=\"element-body-0\">\n<p>El d\u00eda despu\u00e9s de un nuevo acto de la militancia kirchnerista en apoyo a Cristina Kirchner, que cumple en su casa la condena a seis a\u00f1os de prisi\u00f3n por la causa Vialidad, los dirigentes m\u00e1s cercanos a la expresidenta salieron una vez m\u00e1s a<strong> marcarle la cancha al pr\u00f3ximo gobierno<\/strong> al se\u00f1alar que<strong> &#8220;tiene que estar libre el primer d\u00eda&#8221;<\/strong> de la nueva gesti\u00f3n &#8220;o incluso antes&#8221;.<\/p>\n<\/div>\n<div id=\"element-body-1\">\n<p>&#8220;Cristina tiene que estar libre el primer d\u00eda del pr\u00f3ximo gobierno, <strong>despu\u00e9s veremos el instrumento<\/strong>. Incluso si puede ser antes vamos a intentar que sea antes&#8221;, dijo sin vacilar el senador nacional y presidente del PJ porte\u00f1o, Mariano Recalde, cuando le consultaron sobre <strong>un posible indulto<\/strong>.<\/p>\n<\/div>\n<div id=\"element-body-2\">\n<p>El dirigente kirchnerista, expresidente de Aerol\u00edneas Argentinas durante la gesti\u00f3n de Cristina, se sum\u00f3 as\u00ed al reclamo que ya pusieron sonbre la mesa sus compa\u00f1eros de bloque en el Senado, Eduardo Wado de Pedro y Jos\u00e9 Mayans. <\/p>\n<\/div>\n<div id=\"element-body-3\">\n<p>&#8220;Hay que ponerse a trabajar y pensar con mucha imaginaci\u00f3n. Cosas que parec\u00edan imposibles desde el punto de vista de la legislacion y la institucionalidad se fueron construyendo&#8221;, insisti\u00f3 Recalde en una entrevista con<em> Futurock<\/em>.<\/p>\n<\/div>\n<div id=\"element-body-4\">\n<p>Al justificar su posici\u00f3n con ejemplos, destac\u00f3: &#8220;Desde la nulidad de las leyes de obediencia debida y punto final, que es una creacion novedosa, porque nunca se hab\u00eda anulado una ley, sobre todo una ley penal, que en ese momento favorec\u00eda a los genocidas; o la libertad de Lula en Brasil despu\u00e9s de haber sido condenado &#8220;.<\/p>\n<\/div>\n<p><br \/>\n<br \/><a href=\"https:\/\/www.clarin.com\/politica\/kirchnerismo-insiste-marcarle-cancha-proximo-gobierno-cristina-debe-libre-primer-dia_0_NRtU8LY4oE.html\">Fuente Clarin.com <\/a><\/p>\n","protected":false},"excerpt":{"rendered":"<p>El d\u00eda despu\u00e9s de un nuevo acto de la militancia kirchnerista en apoyo a Cristina Kirchner, que cumple en su casa la condena a seis a\u00f1os de prisi\u00f3n por la causa Vialidad, los dirigentes m\u00e1s cercanos a la expresidenta salieron una vez m\u00e1s a marcarle la cancha al pr\u00f3ximo gobierno al se\u00f1alar que &#8220;tiene que [&hellip;]<\/p>\n","protected":false},"author":1,"featured_media":35763,"comment_status":"open","ping_status":"open","sticky":false,"template":"","format":"standard","meta":{"footnotes":""},"categories":[2],"tags":[733,497,441,1154,1022,4117,195],"class_list":["post-35762","post","type-post","status-publish","format-standard","has-post-thumbnail","hentry","category-ultimas-noticias","tag-antes","tag-cristina","tag-debe","tag-dia","tag-estar","tag-libre","tag-primer"],"_links":{"self":[{"href":"https:\/\/13.com.ar\/index.php\/wp-json\/wp\/v2\/posts\/35762","targetHints":{"allow":["GET"]}}],"collection":[{"href":"https:\/\/13.com.ar\/index.php\/wp-json\/wp\/v2\/posts"}],"about":[{"href":"https:\/\/13.com.ar\/index.php\/wp-json\/wp\/v2\/types\/post"}],"author":[{"embeddable":true,"href":"https:\/\/13.com.ar\/index.php\/wp-json\/wp\/v2\/users\/1"}],"replies":[{"embeddable":true,"href":"https:\/\/13.com.ar\/index.php\/wp-json\/wp\/v2\/comments?post=35762"}],"version-history":[{"count":0,"href":"https:\/\/13.com.ar\/index.php\/wp-json\/wp\/v2\/posts\/35762\/revisions"}],"wp:featuredmedia":[{"embeddable":true,"href":"https:\/\/13.com.ar\/index.php\/wp-json\/wp\/v2\/media\/35763"}],"wp:attachment":[{"href":"https:\/\/13.com.ar\/index.php\/wp-json\/wp\/v2\/media?parent=35762"}],"wp:term":[{"taxonomy":"category","embeddable":true,"href":"https:\/\/13.com.ar\/index.php\/wp-json\/wp\/v2\/categories?post=35762"},{"taxonomy":"post_tag","embeddable":true,"href":"https:\/\/13.com.ar\/index.php\/wp-json\/wp\/v2\/tags?post=35762"}],"curies":[{"name":"wp","href":"https:\/\/api.w.org\/{rel}","templated":true}]}}