{"id":3576,"date":"2025-02-10T15:26:32","date_gmt":"2025-02-10T18:26:32","guid":{"rendered":"https:\/\/13.com.ar\/index.php\/continuan-los-sismos-y-todo-sigue-paralizado\/"},"modified":"2025-02-10T15:26:32","modified_gmt":"2025-02-10T18:26:32","slug":"continuan-los-sismos-y-todo-sigue-paralizado","status":"publish","type":"post","link":"https:\/\/13.com.ar\/index.php\/continuan-los-sismos-y-todo-sigue-paralizado\/","title":{"rendered":"contin\u00faan los sismos y todo sigue paralizado"},"content":{"rendered":"<p> <br \/>\n<\/p>\n<div id=\"cuerpo\">\n<div class=\"sc-80531b6b-0 chRIGJ container-text text-embed\">\n<p>Cientos de terremotos de baja potencia siguen este lunes sacudiendo el archipi\u00e9lago griego de las C\u00edcladas, en el mar Egeo, por lo que <strong>las autoridades decidieron cerrar las escuelas por segunda semana consecutiva en cuatro islas, incluida la de Santorini.<\/strong><\/p>\n<\/div>\n<div class=\"sc-80531b6b-0 chRIGJ container-text text-embed\">\n<p>Las escuelas de esta isla volc\u00e1nica griega y las de Amorgos, Ios y \u00c1nafes permanecer\u00e1n cerradas hasta el pr\u00f3ximo viernes, mientras que las autoridades decidieron suspender hoy y ma\u00f1ana, martes, las clases en las islas de Paros, Naxos, Antiparos y K\u00edmolos, donde tambi\u00e9n se sienten los temblores.<\/p>\n<\/div>\n<div class=\"sc-80531b6b-0 chRIGJ container-text text-embed\">\n<p>La oleada de sismos de hasta magnitud 5,2 que inici\u00f3 el pasado d\u00eda 24 en la zona mar\u00edtima entre Santorini y Amorgos no parece llegar a su fin y <strong>los expertos apuntan que la secuencia de terremotos podr\u00eda durar semanas, <\/strong>quiz\u00e1s meses.<\/p>\n<\/div>\n<div class=\"sc-198be8ec-0 cynXbu image-embed  image-embed \"><picture class=\"sc-198be8ec-1 kOjRiQ\"><source media=\"(min-width: 975px)\" width=\"720\" height=\"480\" \/><img alt=\"La oleada de sismos de hasta magnitud 5,2 que inici\u00f3 el pasado d\u00eda 24 en la zona mar\u00edtima entre Santorini y Amorgos no parece llegar a su fin. Foto: EFE.\" loading=\"lazy\" width=\"720\" height=\"480\" decoding=\"async\" data-nimg=\"1\" style=\"color:transparent\" src=\"https:\/\/13.com.ar\/wp-content\/uploads\/2025\/02\/continuan-los-sismos-y-todo-sigue-paralizado.jpg\"\/><span class=\"epigraphe\">La oleada de sismos de hasta magnitud 5,2 que inici\u00f3 el pasado d\u00eda 24 en la zona mar\u00edtima entre Santorini y Amorgos no parece llegar a su fin. Foto: EFE.<\/span><span class=\"bkg\"\/><span class=\"picture-open\"><button class=\"open-image\" aria-label=\"Open Image\"\/><\/span><\/picture><\/div>\n<div class=\"sc-80531b6b-0 chRIGJ container-text text-embed\">\n<p><strong>Santorini, de 25.000 habitantes y uno de los destinos m\u00e1s tur\u00edsticos de Grecia, parece ahora una &#8220;isla fantasma&#8221;, <\/strong>ya que la mayor\u00eda de turistas y residentes la han abandonado por temor a un sismo mayor.<\/p>\n<\/div>\n<div class=\"sc-198be8ec-0 cynXbu image-embed  image-embed \"><picture class=\"sc-198be8ec-1 kOjRiQ\"><source media=\"(min-width: 975px)\" width=\"720\" height=\"480\" \/><img alt=\"Santorini, de 25.000 habitantes y uno de los destinos m\u00e1s tur\u00edsticos de Grecia, parece ahora una &quot;isla fantasma&quot;. Foto: EFE.\" loading=\"lazy\" width=\"720\" height=\"480\" decoding=\"async\" data-nimg=\"1\" style=\"color:transparent\" src=\"https:\/\/13.com.ar\/wp-content\/uploads\/2025\/02\/1739211992_165_continuan-los-sismos-y-todo-sigue-paralizado.jpg\"\/><span class=\"epigraphe\">Santorini, de 25.000 habitantes y uno de los destinos m\u00e1s tur\u00edsticos de Grecia, parece ahora una &#8220;isla fantasma&#8221;. Foto: EFE.<\/span><span class=\"bkg\"\/><span class=\"picture-open\"><button class=\"open-image\" aria-label=\"Open Image\"\/><\/span><\/picture><\/div>\n<div class=\"sc-80531b6b-0 chRIGJ container-text text-embed\">\n<p><strong>Solo 4.000 habitantes permanecen en la isla, mientras que los cientos de bares, restaurantes, y otros locales tur\u00edsticos est\u00e1n cerrados.<\/strong><\/p>\n<\/div>\n<div class=\"sc-80531b6b-0 chRIGJ container-text text-embed\">\n<p>&#13;<br \/>\nAlgunos de los residentes del pueblo de Emporio, desesperados tras m\u00e1s de dos semanas de continuos temblores, celebraron este lunes una procesi\u00f3n religiosa por la localidad para pedir la intervenci\u00f3n divina para que la tierra deje de temblar.<\/p>\n<\/div>\n<div class=\"sc-198be8ec-0 cynXbu image-embed  image-embed \"><picture class=\"sc-198be8ec-1 kOjRiQ\"><source media=\"(min-width: 975px)\" width=\"720\" height=\"480\" \/><img alt=\"Los ferrys hacia Atenas, colapsados. Foto: AP\" loading=\"lazy\" width=\"720\" height=\"480\" decoding=\"async\" data-nimg=\"1\" style=\"color:transparent\" src=\"https:\/\/13.com.ar\/wp-content\/uploads\/2025\/02\/1739211992_964_continuan-los-sismos-y-todo-sigue-paralizado.jpg\"\/><span class=\"epigraphe\">Los ferrys hacia Atenas, colapsados. Foto: AP<\/span><span class=\"bkg\"\/><span class=\"picture-open\"><button class=\"open-image\" aria-label=\"Open Image\"\/><\/span><\/picture><\/div>\n<div class=\"sc-80531b6b-0 chRIGJ container-text text-embed\">\n<p>&#13;<br \/>\nPresididos por dos curas del pueblo y cargando reliquias de dos santos locales e im\u00e1genes de la Virgen, decenas de personas hicieron un recorrido por todo el pueblo, seg\u00fan im\u00e1genes de la emisora SKAI.<\/p>\n<\/div>\n<div class=\"sc-198be8ec-0 cynXbu image-embed  image-embed \"><picture class=\"sc-198be8ec-1 kOjRiQ\"><source media=\"(min-width: 975px)\" width=\"720\" height=\"480\" \/><img alt=\"La decepci\u00f3n de un pasajero al no poder abordar un ferry. Foto: AP\" loading=\"lazy\" width=\"720\" height=\"480\" decoding=\"async\" data-nimg=\"1\" style=\"color:transparent\" src=\"https:\/\/13.com.ar\/wp-content\/uploads\/2025\/02\/1739211992_68_continuan-los-sismos-y-todo-sigue-paralizado.jpg\"\/><span class=\"epigraphe\">La decepci\u00f3n de un pasajero al no poder abordar un ferry. Foto: AP<\/span><span class=\"bkg\"\/><span class=\"picture-open\"><button class=\"open-image\" aria-label=\"Open Image\"\/><\/span><\/picture><\/div>\n<div class=\"sc-80531b6b-0 chRIGJ container-text text-embed\">\n<p>&#13;<br \/>\nEl profesor de Sismolog\u00eda de la Universidad de Sal\u00f3nica, Kostas Papazajos, se\u00f1al\u00f3 este lunes que &#8220;hay una ligera recesi\u00f3n&#8221; de la actividad s\u00edsmica, pero argument\u00f3 que no se trata de un &#8220;cambio significativo&#8221;.<\/p>\n<\/div>\n<div class=\"sc-80531b6b-0 chRIGJ container-text text-embed\">\n<p>&#13;<br \/>\n&#8220;Las magnitudes (de los sismos) no est\u00e1n disminuyendo con el paso del tiempo, eso s\u00ed, son cada vez menos frecuentes, pero los sismos fuertes continuar\u00e1n&#8221;, afirm\u00f3 y recalc\u00f3 que &#8220;no se ha alejado del todo&#8221; la posibilidad de que se registre un sismo m\u00e1s fuerte de los que se han producido hasta ahora.<\/p>\n<\/div>\n<div class=\"sc-80531b6b-0 chRIGJ container-text text-embed\">\n<p>Mientras la actividad s\u00edsmica contin\u00faa, crece el temor de que este fen\u00f3meno pueda tener un significante impacto negativo en el turismo griego de cara a la inminente temporada alta,<strong> ya que Santorini recibe m\u00e1s de tres millones de visitantes extranjeros al a\u00f1o, la mayor\u00eda en verano.<\/strong><\/p>\n<\/div>\n<div class=\"sc-80531b6b-0 chRIGJ container-text text-embed\">\n<p>&#13;<br \/>\nEl primer ministro griego, el conservador Kyriakos Mitsotakis, prometi\u00f3 a los isle\u00f1os en su visita a Santorini el pasado viernes que se examinar\u00edan medidas para ayudar a las empresas locales afectadas por los sismos.<\/p>\n<\/div>\n<div class=\"sc-80531b6b-0 chRIGJ container-text text-embed\">\n<p>&#13;<br \/>\nTambi\u00e9n se\u00f1al\u00f3 que su Gobierno har\u00eda todo lo que est\u00e1 en su poder para &#8220;proteger la reputaci\u00f3n&#8221; de este destino tur\u00edstico &#8220;emblem\u00e1tico&#8221;.<\/p>\n<\/div>\n<div class=\"sc-80531b6b-0 chRIGJ container-text text-embed\">\n<p><strong>La mayor\u00eda de los sism\u00f3logos y ge\u00f3logos indican que las posibilidades de que se registre un terremoto de una magnitud mayor a 6 son escasas<\/strong>, aunque coinciden en que probablemente los sismos seguir\u00e1n sacudiendo la isla durante varias semanas, quiz\u00e1s meses. <\/p>\n<\/div>\n<div class=\"sc-80531b6b-0 chRIGJ container-text text-embed\">\n<p>La actividad s\u00edsmica parece deberse al movimiento de placas tect\u00f3nicas en la falla submarina de \u00c1nydros, situada entre Santorini y Amorgos, y no a los dos volcanes de la zona, si bien esto no significa que los temblores no puedan reavivar la actividad volc\u00e1nica, advierten los expertos. <\/p>\n<\/div>\n<\/div>\n<p><br \/>\n<br \/><a href=\"https:\/\/www.clarin.com\/internacional\/pesadilla-interminable-santorini-continuan-sismos-sigue-paralizado_0_sXLtm8Pyzf.html\">Fuente Clarin.com <\/a><\/p>\n","protected":false},"excerpt":{"rendered":"<p>Cientos de terremotos de baja potencia siguen este lunes sacudiendo el archipi\u00e9lago griego de las C\u00edcladas, en el mar Egeo, por lo que las autoridades decidieron cerrar las escuelas por segunda semana consecutiva en cuatro islas, incluida la de Santorini. Las escuelas de esta isla volc\u00e1nica griega y las de Amorgos, Ios y \u00c1nafes permanecer\u00e1n [&hellip;]<\/p>\n","protected":false},"author":1,"featured_media":3577,"comment_status":"open","ping_status":"open","sticky":false,"template":"","format":"standard","meta":{"footnotes":""},"categories":[2],"tags":[5606,28,5607,837,4151,24],"class_list":["post-3576","post","type-post","status-publish","format-standard","has-post-thumbnail","hentry","category-ultimas-noticias","tag-continuan","tag-los","tag-paralizado","tag-sigue","tag-sismos","tag-todo"],"_links":{"self":[{"href":"https:\/\/13.com.ar\/index.php\/wp-json\/wp\/v2\/posts\/3576","targetHints":{"allow":["GET"]}}],"collection":[{"href":"https:\/\/13.com.ar\/index.php\/wp-json\/wp\/v2\/posts"}],"about":[{"href":"https:\/\/13.com.ar\/index.php\/wp-json\/wp\/v2\/types\/post"}],"author":[{"embeddable":true,"href":"https:\/\/13.com.ar\/index.php\/wp-json\/wp\/v2\/users\/1"}],"replies":[{"embeddable":true,"href":"https:\/\/13.com.ar\/index.php\/wp-json\/wp\/v2\/comments?post=3576"}],"version-history":[{"count":0,"href":"https:\/\/13.com.ar\/index.php\/wp-json\/wp\/v2\/posts\/3576\/revisions"}],"wp:featuredmedia":[{"embeddable":true,"href":"https:\/\/13.com.ar\/index.php\/wp-json\/wp\/v2\/media\/3577"}],"wp:attachment":[{"href":"https:\/\/13.com.ar\/index.php\/wp-json\/wp\/v2\/media?parent=3576"}],"wp:term":[{"taxonomy":"category","embeddable":true,"href":"https:\/\/13.com.ar\/index.php\/wp-json\/wp\/v2\/categories?post=3576"},{"taxonomy":"post_tag","embeddable":true,"href":"https:\/\/13.com.ar\/index.php\/wp-json\/wp\/v2\/tags?post=3576"}],"curies":[{"name":"wp","href":"https:\/\/api.w.org\/{rel}","templated":true}]}}