{"id":35758,"date":"2025-06-21T10:11:30","date_gmt":"2025-06-21T13:11:30","guid":{"rendered":"https:\/\/13.com.ar\/index.php\/a-la-espera-de-una-nueva-ola-polar-como-sigue-el-clima-durante-el-fin-de-semana-largo\/"},"modified":"2025-06-21T10:11:30","modified_gmt":"2025-06-21T13:11:30","slug":"a-la-espera-de-una-nueva-ola-polar-como-sigue-el-clima-durante-el-fin-de-semana-largo","status":"publish","type":"post","link":"https:\/\/13.com.ar\/index.php\/a-la-espera-de-una-nueva-ola-polar-como-sigue-el-clima-durante-el-fin-de-semana-largo\/","title":{"rendered":"a la espera de una nueva ola polar, c\u00f3mo sigue el clima durante el fin de semana largo"},"content":{"rendered":"<p> <br \/>\n<br \/><img decoding=\"async\" src=\"https:\/\/13.com.ar\/wp-content\/uploads\/2025\/06\/a-la-espera-de-una-nueva-ola-polar-como-sigue.jpg\" \/><\/p>\n<div id=\"element-body-0\">\n<p>El nuevo fin de semana largo en la Ciudad de Buenos Aires y sus alrededores <strong>se mantiene con buenas condiciones del clima, pero con el fr\u00edo como protagonista<\/strong>. Tras una jornada templada el viernes, este s\u00e1bado volvi\u00f3 a sentirse el descenso de temperatura.<\/p>\n<\/div>\n<div id=\"element-body-1\">\n<p>Seg\u00fan el Servicio Meteorol\u00f3gico Nacional (SMN), el d\u00eda se presenta con cielo algo nublado en la madrugada y mayormente nublado durante el resto de la jornada. Las temperaturas oscilar\u00e1n entre los 5 y los 17 grados, con vientos suaves del sector norte.<\/p>\n<\/div>\n<div id=\"element-body-2\">\n<p>Con una tarde fresca por delante, pero una m\u00e1xima llegando a 17, lo ideal es vestirse por capas. <strong>Una base t\u00e9rmica, un su\u00e9ter o buzo y una campera media o abrigo liviano. <\/strong>Tambi\u00e9n una bufanda y guantes finitos y un gorro para quienes queden expuestos al viento, que se har\u00e1 sentir hacia la noche.<\/p>\n<\/div>\n<div id=\"element-body-3\">\n<p>El domingo, \u00faltimo d\u00eda del descanso, se anticipa con cielo nublado en la madrugada, presencia de neblinas en la ma\u00f1ana y un notable incremento en la intensidad del viento hacia la tarde. La noche volver\u00eda a mostrarse mayormente nublada, con temperaturas que se ubicar\u00e1n entre los 7 y los 15 grados.<\/p>\n<\/div>\n<div id=\"element-body-4\">\n<p>En cuanto al lunes, la semana laboral arranca con una de las jornadas m\u00e1s fr\u00edas en lo que va del mes: se espera una m\u00ednima de apenas 1 grado, aunque con cielo despejado desde la tarde y una m\u00e1xima de 11 grados. Ser\u00e1 una jornada ideal para el abrigo grueso, especialmente en las primeras horas del d\u00eda.<\/p>\n<\/div>\n<p><br \/>\n<br \/><a href=\"https:\/\/www.clarin.com\/sociedad\/frio-amba-sigue-clima-fin-semana-largo_0_M7dd32etVp.html\">Fuente Clarin.com <\/a><\/p>\n","protected":false},"excerpt":{"rendered":"<p>El nuevo fin de semana largo en la Ciudad de Buenos Aires y sus alrededores se mantiene con buenas condiciones del clima, pero con el fr\u00edo como protagonista. Tras una jornada templada el viernes, este s\u00e1bado volvi\u00f3 a sentirse el descenso de temperatura. Seg\u00fan el Servicio Meteorol\u00f3gico Nacional (SMN), el d\u00eda se presenta con cielo [&hellip;]<\/p>\n","protected":false},"author":1,"featured_media":35759,"comment_status":"open","ping_status":"open","sticky":false,"template":"","format":"standard","meta":{"footnotes":""},"categories":[2],"tags":[1511,66,1549,463,981,5254,19,1203,7831,982,837,73],"class_list":["post-35758","post","type-post","status-publish","format-standard","has-post-thumbnail","hentry","category-ultimas-noticias","tag-clima","tag-como","tag-durante","tag-espera","tag-fin","tag-largo","tag-nueva","tag-ola","tag-polar","tag-semana","tag-sigue","tag-una"],"_links":{"self":[{"href":"https:\/\/13.com.ar\/index.php\/wp-json\/wp\/v2\/posts\/35758","targetHints":{"allow":["GET"]}}],"collection":[{"href":"https:\/\/13.com.ar\/index.php\/wp-json\/wp\/v2\/posts"}],"about":[{"href":"https:\/\/13.com.ar\/index.php\/wp-json\/wp\/v2\/types\/post"}],"author":[{"embeddable":true,"href":"https:\/\/13.com.ar\/index.php\/wp-json\/wp\/v2\/users\/1"}],"replies":[{"embeddable":true,"href":"https:\/\/13.com.ar\/index.php\/wp-json\/wp\/v2\/comments?post=35758"}],"version-history":[{"count":0,"href":"https:\/\/13.com.ar\/index.php\/wp-json\/wp\/v2\/posts\/35758\/revisions"}],"wp:featuredmedia":[{"embeddable":true,"href":"https:\/\/13.com.ar\/index.php\/wp-json\/wp\/v2\/media\/35759"}],"wp:attachment":[{"href":"https:\/\/13.com.ar\/index.php\/wp-json\/wp\/v2\/media?parent=35758"}],"wp:term":[{"taxonomy":"category","embeddable":true,"href":"https:\/\/13.com.ar\/index.php\/wp-json\/wp\/v2\/categories?post=35758"},{"taxonomy":"post_tag","embeddable":true,"href":"https:\/\/13.com.ar\/index.php\/wp-json\/wp\/v2\/tags?post=35758"}],"curies":[{"name":"wp","href":"https:\/\/api.w.org\/{rel}","templated":true}]}}