{"id":35757,"date":"2025-06-21T10:08:31","date_gmt":"2025-06-21T13:08:31","guid":{"rendered":"https:\/\/13.com.ar\/index.php\/el-sistema-financiero-es-solido-pero-suben-los-defaults-empresarios-y-la-morosidad\/"},"modified":"2025-06-21T10:08:31","modified_gmt":"2025-06-21T13:08:31","slug":"el-sistema-financiero-es-solido-pero-suben-los-defaults-empresarios-y-la-morosidad","status":"publish","type":"post","link":"https:\/\/13.com.ar\/index.php\/el-sistema-financiero-es-solido-pero-suben-los-defaults-empresarios-y-la-morosidad\/","title":{"rendered":"El sistema financiero es s\u00f3lido, pero suben los defaults empresarios y\u00a0la morosidad\u00a0"},"content":{"rendered":"<p> <br \/>\n<br \/><img decoding=\"async\" src=\"https:\/\/13.com.ar\/wp-content\/uploads\/2025\/05\/el-Gobierno-cancelo-las-letras-intransferibles-del-Banco-Central-por.jpg\" \/><\/p>\n<div id=\"element-body-0\">\n<p>La <strong>baja de la inflaci\u00f3n<\/strong> es la principal bandera, en t\u00e9rminos econ\u00f3micos, que el presidente Javier Milei muestra. No es menor, de una Argentina encaminada a una h\u00edper en el \u00faltimo tramo del Gobierno anterior, a una suba moderada de los precios hay largo camino recorrido en muy poco tiempo. El otro dato festejado en la Casa Rosada est\u00e1 vinculado al consumo: en mayo <strong>creci\u00f3 5,5%<\/strong> contra el mismo mes de 2024.<\/p>\n<\/div>\n<div id=\"element-body-1\">\n<p>Si se tiene en cuenta que el consumo termin\u00f3 el a\u00f1o pasado con <strong>una ca\u00edda de 13,9%<\/strong> y hay que retrotraerse al fin de la convertibilidad para encontrar n\u00fameros tan negativos, el \u00edndice de mayo resulta, al menos, esperanzador.<\/p>\n<\/div>\n<div id=\"element-body-2\">\n<p>Sin embargo, no todo es color de rosa. Hay n\u00fameros de la econom\u00eda que los analistas y el propio Gobierno comienzan a mirar con <strong>cierta preocupaci\u00f3n.<\/strong><\/p>\n<\/div>\n<div id=\"element-body-3\">\n<p>\u201cMilei estaba en lo correcto cuando dec\u00eda que el Banco Central (BCRA) ten\u00eda un d\u00e9ficit de 10% del PBI. Luego lo transfiri\u00f3 al Tesoro, y <strong>ese mismo d\u00e9ficit es ahora de 11,25% del PBI\u201d<\/strong>, sostienen los economistas<strong> Carlos Rodr\u00edguez y Walter Graciano<\/strong>. El super\u00e1vit fiscal es otra de las banderas del Gobierno que ahora <strong>comienza a cuestionarse.<\/strong><\/p>\n<\/div>\n<div id=\"element-body-4\">\n<p>No es la \u00fanica preocupaci\u00f3n. En la semana se conocieron dos datos negativos. El Instituto Nacional de Estad\u00edstica y Censos (INDEC) inform\u00f3 que por primera vez durante la gesti\u00f3n de Milei, <strong>las exportaciones bajaron<\/strong>. Pasado a n\u00fameros, cayeron 7,4%. De todos modos, y a pesar del crecimiento del 29,4% de las importaciones, el super\u00e1vit comercial se mantiene. De hecho, en los primeros cinco meses acumula<strong> US$ 1.883 millones<\/strong>. Pero ojo, el resultado es magro si se tiene en cuenta que es <strong>80% menor<\/strong> al saldo positivo que se registr\u00f3 en el mismo per\u00edodo del a\u00f1o anterior.<\/p>\n<\/div>\n<div id=\"element-body-5\">\n<p>El otro n\u00famero negativo de la semana fue el nivel de <strong>desempleo<\/strong>. El 7,9% informado indica <strong>una suba de 1,5 puntos <\/strong>con respecto al \u00faltimo trimestre de 2024 y un leve aumento de<strong> 0,2%<\/strong> contra el mismo per\u00edodo del a\u00f1o pasado.<\/p>\n<\/div>\n<div id=\"element-body-6\">\n<p>Para los 31 aglomerados que releva el INDEC <strong>suman casi 1.136.000 los desocupados<\/strong>, cuando en el \u00faltimo trimestre del a\u00f1o pasado sumaban <strong>822.000.<\/strong><\/p>\n<\/div>\n<div id=\"element-body-7\">\n<p>En el mundo empresario y financiero se suman otras dos preocupaciones. En un par de meses, varias firmas <em>conocidas<\/em> y por diferentes razones, no pudieron cumplir con sus compromisos de deuda: es decir, <strong>entraron en default.<\/strong><\/p>\n<\/div>\n<div id=\"element-body-8\">\n<p>El a\u00f1o pasado los problemas financieros que empezaron en las empresas agropecuarias, con la cesaci\u00f3n de pagos de <strong>Los Grobo<\/strong>, <strong>Agrofina<\/strong> y <strong>Surcos<\/strong>, ahora siguieron con los defaults de las empresas del grupo <strong>Albanesi<\/strong> (la m\u00e1s importante es <strong>GEMSA<\/strong>) y <strong>Celulosa Argentina<\/strong>, del empresario <strong>Jos\u00e9 Urtubey<\/strong>. Hay m\u00e1s: <strong>Petrolera Aconcagua Energ\u00eda<\/strong> (PAESA) anunci\u00f3 que no pagar\u00e1 los intereses de un bono en d\u00f3lares, despu\u00e9s de fracasar en un intento de salir a los mercados internacionales el mes pasado.<\/p>\n<\/div>\n<div id=\"element-body-9\">\n<p>El default de las empresas preocupa a los accionistas mayoritarios y minoritarios, pero <strong>tambi\u00e9n a los bancos<\/strong>. Hay entidades de estructura media que si no cobran los cr\u00e9ditos prestados a estas compa\u00f1\u00edas,<strong> pueden entrar en problemas serios.<\/strong> La esperanza que tienen en esos bancos es llegar a un <strong>acuerdo de refinanciaci\u00f3n<\/strong> con las empresas m\u00e1s all\u00e1 del default de las Obligaciones Negociables (ON) que fueron emitidas.<\/p>\n<\/div>\n<div id=\"element-body-10\">\n<p>En el Gobierno miran con atenci\u00f3n esos default pero entienden que el sistema financiero <strong>est\u00e1 s\u00f3lido.<\/strong><\/p>\n<\/div>\n<div id=\"element-body-11\">\n<p>El \u00faltimo informe de la Asociaci\u00f3n de Bancos Argentinos (ADEBA) afirma que los indicadores de solvencia del sistema financiero aumentaron <strong>dos puntos porcentuales<\/strong> en marzo. As\u00ed, los ratios de solvencia siguen ubic\u00e1ndose muy por encima de las exigencias m\u00ednimas.<\/p>\n<\/div>\n<div id=\"element-body-12\">\n<p>Sin embargo, a pesar de la solvencia, hay un dato que prende una luz amarilla: el aumento de la morosidad.<\/p>\n<\/div>\n<div id=\"element-body-13\">\n<p>Seg\u00fan se desprende del \u00faltimo informe del Banco Central (BCRA) sobre bancos, el ratio de irregularidad del cr\u00e9dito al sector privado totaliz\u00f3<strong> 2%<\/strong> para el sistema financiero en marzo,<strong> 0,2 puntos porcentuales m\u00e1s que en febrero<\/strong>. La din\u00e1mica mensual de este indicador result\u00f3 generalizada entre los distintos grupos de entidades y tipos de deudores. En el cierre del primer trimestre el coeficiente de mora de las financiaciones a las familias se ubic\u00f3 en <strong>3,3%<\/strong>, una suba de 0,3% puntos porcentuales mensual, y el de los cr\u00e9ditos a las empresas en<strong> 0,9%<\/strong> (0,1% puntos porcentuales mensual).<\/p>\n<\/div>\n<div id=\"element-body-14\">\n<p>Si bien la mora sigue siendo baja, el punto en cuesti\u00f3n es que <strong>sube el porcentaje de atrasos en los pagos<\/strong> a pesar del aumento fuerte que se ve en los cr\u00e9ditos. Un ejemplo es que de mayo de 2024 a mayo de este a\u00f1o, creci\u00f3 del 5% del Producto Interno Bruto (PBI) a <strong>11% del PBI.<\/strong><\/p>\n<\/div>\n<p><br \/>\n<br \/><a href=\"https:\/\/www.clarin.com\/economia\/sistema-financiero-solido-suben-defaults-empresarios-y-la-morosidad_0_uL9or9nZDR.html\">Fuente Clarin.com <\/a><\/p>\n","protected":false},"excerpt":{"rendered":"<p>La baja de la inflaci\u00f3n es la principal bandera, en t\u00e9rminos econ\u00f3micos, que el presidente Javier Milei muestra. No es menor, de una Argentina encaminada a una h\u00edper en el \u00faltimo tramo del Gobierno anterior, a una suba moderada de los precios hay largo camino recorrido en muy poco tiempo. El otro dato festejado en [&hellip;]<\/p>\n","protected":false},"author":1,"featured_media":22941,"comment_status":"open","ping_status":"open","sticky":false,"template":"","format":"standard","meta":{"footnotes":""},"categories":[2],"tags":[17581,2060,5391,28,21826,265,2333,21824,6715,21825],"class_list":["post-35757","post","type-post","status-publish","format-standard","has-post-thumbnail","hentry","category-ultimas-noticias","tag-defaults","tag-empresarios","tag-financiero","tag-los","tag-morosidad","tag-pero","tag-sistema","tag-solido","tag-suben","tag-yla"],"_links":{"self":[{"href":"https:\/\/13.com.ar\/index.php\/wp-json\/wp\/v2\/posts\/35757","targetHints":{"allow":["GET"]}}],"collection":[{"href":"https:\/\/13.com.ar\/index.php\/wp-json\/wp\/v2\/posts"}],"about":[{"href":"https:\/\/13.com.ar\/index.php\/wp-json\/wp\/v2\/types\/post"}],"author":[{"embeddable":true,"href":"https:\/\/13.com.ar\/index.php\/wp-json\/wp\/v2\/users\/1"}],"replies":[{"embeddable":true,"href":"https:\/\/13.com.ar\/index.php\/wp-json\/wp\/v2\/comments?post=35757"}],"version-history":[{"count":0,"href":"https:\/\/13.com.ar\/index.php\/wp-json\/wp\/v2\/posts\/35757\/revisions"}],"wp:featuredmedia":[{"embeddable":true,"href":"https:\/\/13.com.ar\/index.php\/wp-json\/wp\/v2\/media\/22941"}],"wp:attachment":[{"href":"https:\/\/13.com.ar\/index.php\/wp-json\/wp\/v2\/media?parent=35757"}],"wp:term":[{"taxonomy":"category","embeddable":true,"href":"https:\/\/13.com.ar\/index.php\/wp-json\/wp\/v2\/categories?post=35757"},{"taxonomy":"post_tag","embeddable":true,"href":"https:\/\/13.com.ar\/index.php\/wp-json\/wp\/v2\/tags?post=35757"}],"curies":[{"name":"wp","href":"https:\/\/api.w.org\/{rel}","templated":true}]}}