{"id":35747,"date":"2025-06-21T08:32:34","date_gmt":"2025-06-21T11:32:34","guid":{"rendered":"https:\/\/13.com.ar\/index.php\/infantino-quedo-feliz-con-la-propuesta\/"},"modified":"2025-06-21T08:32:34","modified_gmt":"2025-06-21T11:32:34","slug":"infantino-quedo-feliz-con-la-propuesta","status":"publish","type":"post","link":"https:\/\/13.com.ar\/index.php\/infantino-quedo-feliz-con-la-propuesta\/","title":{"rendered":"Infantino qued\u00f3 feliz con la propuesta"},"content":{"rendered":"<p> <br \/>\n<br \/><img decoding=\"async\" src=\"https:\/\/13.com.ar\/wp-content\/uploads\/2025\/06\/Infantino-quedo-feliz-con-la-propuesta.jpg\" \/><\/p>\n<div id=\"element-body-0\">\n<p><strong>Brasil <\/strong>le anunci\u00f3 este viernes a la <strong>FIFA <\/strong>su &#8220;disposici\u00f3n&#8221; de recibir la pr\u00f3xima edici\u00f3n del <strong>Mundial de Clubes<\/strong>, en <strong>2029<\/strong>, inform\u00f3 la <strong>Confederaci\u00f3n Brasile\u00f1a de F\u00fatbol<\/strong> (CBF) en un comunicado.<\/p>\n<\/div>\n<div id=\"element-body-1\">\n<p>El presidente de la CBF, <strong>Samir Xaud<\/strong>, se reuni\u00f3 en <strong>Estados Unidos<\/strong> con el presidente de la FIFA, <strong>Gianni Infantino<\/strong>, en el marco del renovado Mundial de Clubes, que se celebra, por primera vez, con 32 equipos de todo el mundo.<\/p>\n<\/div>\n<div id=\"element-body-2\">\n<p>El directivo expres\u00f3 al mandam\u00e1s de la FIFA que <strong>&#8220;Brasil est\u00e1 a disposici\u00f3n <\/strong>de la m\u00e1xima autoridad futbol\u00edstica para albergar&#8221; la edici\u00f3n de 2029 del torneo, de acuerdo con la nota oficial de la organizaci\u00f3n brasile\u00f1a que reprodujo la agencia AFP.<\/p>\n<\/div>\n<div id=\"element-body-3\">\n<p><strong>&#8220;Infantino qued\u00f3 feliz (con la propuesta) y afirm\u00f3 que es totalmente posible<\/strong>. Ahora vamos a trabajar para que esto suceda. Ser\u00eda un golazo&#8221;, coment\u00f3 Xaud, citado en el texto.<\/p>\n<\/div>\n<div id=\"element-body-4\">\n<blockquote class=\"twitter-tweet\">\n<p lang=\"pt\" dir=\"ltr\">O Presidente da CBF, Samir Xaud, participou hoje da C\u00fapula Executiva do Futebol da FIFA. <\/p>\n<p>O encontro reuniu l\u00edderes do futebol mundial para discutir o futuro do esporte e fortalecer a colabora\u00e7\u00e3o entre as federa\u00e7\u00f5es. \ud83c\udde7\ud83c\uddf7\ud83e\udd1d\ud83c\udf0d <a rel=\"nofollow\" target=\"_blank\" href=\"https:\/\/t.co\/4hDNFMZqTQ\">pic.twitter.com\/4hDNFMZqTQ<\/a><\/p>\n<p>\u2014 CBF Futebol (@CBF_Futebol) <a rel=\"nofollow\" target=\"_blank\" href=\"https:\/\/twitter.com\/CBF_Futebol\/status\/1936161767073161224?ref_src=twsrc%5Etfw\">June 20, 2025<\/a><\/p><\/blockquote>\n<\/div>\n<div id=\"element-body-5\">\n<p>Seg\u00fan el mismo, el dirigente tambi\u00e9n expres\u00f3: &#8220;Todo empez\u00f3 con una charla introductoria. Habl\u00e9 de mis objetivos al frente de la CBF y dije que queremos acercarnos a la FIFA. Elogi\u00e9 el evento y el nivel de los clubes brasile\u00f1os y, finalmente, ofrec\u00ed el pa\u00eds para albergar el pr\u00f3ximo Mundial&#8221;.<\/p>\n<\/div>\n<div id=\"element-body-6\">\n<p>La FIFA no inform\u00f3 c\u00f3mo ser\u00e1 el proceso de elecci\u00f3n de la sede ni cu\u00e1ndo ser\u00e1 puesto en marcha y se aclar\u00f3 que la de Brasil no fue una postulaci\u00f3n oficial.<\/p>\n<\/div>\n<div id=\"element-body-7\">\n<p><strong>Espa\u00f1a<\/strong>, seg\u00fan reportes de la prensa de ese pa\u00eds, aspira tambi\u00e9n a organizar el evento, aunque la <strong>Real Federaci\u00f3n Espa\u00f1ola de F\u00fatbol<\/strong> (RFEF) no confirm\u00f3 esa aspiraci\u00f3n.<\/p>\n<\/div>\n<div id=\"element-body-8\">\n<p>Xaud fue elegido presidente de la CBF el pasado 25 de mayo, en v\u00edsperas de la llegada del italiano Carlo Ancelotti como entrenador de la selecci\u00f3n de Brasil.<\/p>\n<\/div>\n<div id=\"element-body-9\">\n<p>M\u00e9dico de 41 a\u00f1os, el dirigente se present\u00f3 como \u00fanico candidato pese a la oposici\u00f3n de numerosos clubes del Brasileirao.<\/p>\n<\/div>\n<div id=\"element-body-10\">\n<p>El anterior mandatario, Ednaldo Rodrigues, fue destituido el 15 de mayo por acusaciones de irregularidades en un acuerdo para mantenerse al frente de la entidad.<\/p>\n<\/div>\n<div id=\"element-body-11\">\n<p>Brasil alberg\u00f3 la Copa del Mundo masculina en 2014 y ser\u00e1 el anfitri\u00f3n del Mundial femenino en 2027.<\/p>\n<\/div>\n<p><script async src=\"\/\/platform.twitter.com\/widgets.js\" charset=\"utf-8\"><\/script><br \/>\n<br \/><br \/>\n<br \/><a href=\"https:\/\/www.clarin.com\/deportes\/brasil-quiere-organizar-fiesta-mundial-clubes-postulo-sede-2029-infantino-quedo-feliz-propuesta_0_vYVQC1BJXq.html\">Fuente Clarin.com <\/a><\/p>\n","protected":false},"excerpt":{"rendered":"<p>Brasil le anunci\u00f3 este viernes a la FIFA su &#8220;disposici\u00f3n&#8221; de recibir la pr\u00f3xima edici\u00f3n del Mundial de Clubes, en 2029, inform\u00f3 la Confederaci\u00f3n Brasile\u00f1a de F\u00fatbol (CBF) en un comunicado. El presidente de la CBF, Samir Xaud, se reuni\u00f3 en Estados Unidos con el presidente de la FIFA, Gianni Infantino, en el marco del [&hellip;]<\/p>\n","protected":false},"author":1,"featured_media":35748,"comment_status":"open","ping_status":"open","sticky":false,"template":"","format":"standard","meta":{"footnotes":""},"categories":[2],"tags":[18,6178,2077,95,336],"class_list":["post-35747","post","type-post","status-publish","format-standard","has-post-thumbnail","hentry","category-ultimas-noticias","tag-con","tag-feliz","tag-infantino","tag-propuesta","tag-quedo"],"_links":{"self":[{"href":"https:\/\/13.com.ar\/index.php\/wp-json\/wp\/v2\/posts\/35747","targetHints":{"allow":["GET"]}}],"collection":[{"href":"https:\/\/13.com.ar\/index.php\/wp-json\/wp\/v2\/posts"}],"about":[{"href":"https:\/\/13.com.ar\/index.php\/wp-json\/wp\/v2\/types\/post"}],"author":[{"embeddable":true,"href":"https:\/\/13.com.ar\/index.php\/wp-json\/wp\/v2\/users\/1"}],"replies":[{"embeddable":true,"href":"https:\/\/13.com.ar\/index.php\/wp-json\/wp\/v2\/comments?post=35747"}],"version-history":[{"count":0,"href":"https:\/\/13.com.ar\/index.php\/wp-json\/wp\/v2\/posts\/35747\/revisions"}],"wp:featuredmedia":[{"embeddable":true,"href":"https:\/\/13.com.ar\/index.php\/wp-json\/wp\/v2\/media\/35748"}],"wp:attachment":[{"href":"https:\/\/13.com.ar\/index.php\/wp-json\/wp\/v2\/media?parent=35747"}],"wp:term":[{"taxonomy":"category","embeddable":true,"href":"https:\/\/13.com.ar\/index.php\/wp-json\/wp\/v2\/categories?post=35747"},{"taxonomy":"post_tag","embeddable":true,"href":"https:\/\/13.com.ar\/index.php\/wp-json\/wp\/v2\/tags?post=35747"}],"curies":[{"name":"wp","href":"https:\/\/api.w.org\/{rel}","templated":true}]}}