{"id":35743,"date":"2025-06-21T07:32:29","date_gmt":"2025-06-21T10:32:29","guid":{"rendered":"https:\/\/13.com.ar\/index.php\/por-que-este-fin-de-semana-no-saldra-el-capitulo-1134-de-one-piece-y-cuando-se-estrena-en-crunchyroll\/"},"modified":"2025-06-21T07:32:29","modified_gmt":"2025-06-21T10:32:29","slug":"por-que-este-fin-de-semana-no-saldra-el-capitulo-1134-de-one-piece-y-cuando-se-estrena-en-crunchyroll","status":"publish","type":"post","link":"https:\/\/13.com.ar\/index.php\/por-que-este-fin-de-semana-no-saldra-el-capitulo-1134-de-one-piece-y-cuando-se-estrena-en-crunchyroll\/","title":{"rendered":"\u00bfPor qu\u00e9 este fin de semana no saldr\u00e1 el cap\u00edtulo 1134 de ONE PIECE y cu\u00e1ndo se estrena en Crunchyroll?"},"content":{"rendered":"<p> <br \/>\n<br \/><img decoding=\"async\" src=\"https:\/\/13.com.ar\/wp-content\/uploads\/2025\/04\/cuando-salen-y-a-que-hora-se-estrenan-los-nuevos.jpg\" \/><\/p>\n<div id=\"element-body-0\">\n<p><strong>\u00a1One Piece est\u00e1 de vuelta y ahora es el turno de un descanso!<\/strong> El anime se reanud\u00f3 con <strong>la segunda parte del Arco de Egghead <\/strong>y muchas aventuras por ser contadas. Los fan\u00e1ticos disfrutan de estos nuevos episodios, retomando la emocionante trama que involucra a los Sombrero de Paja, Gobierno Mundial y al Dr. Vegapunk.<\/p>\n<\/div>\n<div id=\"element-body-1\">\n<p>Se est\u00e1 transmitiendo el <strong>arco de Egghead<\/strong>, tambi\u00e9n conocido como el arco de la isla del futuro, que es el trig\u00e9simo segundo arco tanto del manga y promete capturar la atenci\u00f3n de todos los espectadores y fan\u00e1ticos del anime.<\/p>\n<\/div>\n<div id=\"element-body-2\">\n<p>Adem\u00e1s, marca el inicio de la<strong> \u00faltima saga del manga<\/strong> y es el noveno arco de la segunda mitad de la serie. La segunda parte de este arco en One Piece se centra en el <strong>Incidente de Egghead<\/strong>, un evento en el que el Gobierno Mundial intenta asesinar al Dr. Vegapunk.<\/p>\n<\/div>\n<div id=\"element-body-4\">\n<p>Las redes oficiales de One Piece confirmaron que este domingo 22 de junio <strong>no se estrenar\u00e1 el cap\u00edtulo 1134.<\/strong> En su lugar <strong>se emitir\u00e1 un especial de recapitulaci\u00f3n<\/strong> sobre el arco de Egghead.<\/p>\n<\/div>\n<div id=\"element-body-5\">\n<p>La serie se retrasar\u00e1 un poco y <strong>se espera que el cap\u00edtulo 1134 se estrene el domingo 29 de junio. <\/strong><\/p>\n<\/div>\n<div id=\"element-body-6\">\n<blockquote class=\"twitter-tweet\">\n<p lang=\"en\" dir=\"ltr\">\ud83d\udea8 Heads Up: One Piece Episode 1134 will not be airing next week. Instead, a special recap episode will be broadcast during the break.<\/p>\n<p>Episode 1134 is now scheduled to air on June 29. <a rel=\"nofollow\" target=\"_blank\" href=\"https:\/\/t.co\/px1mEouv6t\">pic.twitter.com\/px1mEouv6t<\/a><\/p>\n<p>\u2014 Liv Anime (@livanime1) <a rel=\"nofollow\" target=\"_blank\" href=\"https:\/\/twitter.com\/livanime1\/status\/1934261533728502206?ref_src=twsrc%5Etfw\">June 15, 2025<\/a><\/p><\/blockquote>\n<\/div>\n<div id=\"element-body-8\">\n<p>Como mencionamos anteriormente, luego de un largo hiatus, el anime de One Piece regres\u00f3 con su emisi\u00f3n semanal y la continuaci\u00f3n del Arco de Egghead. Sin embargo, ahora<strong> es momento de ver un cap\u00edtulo recopilatorio.<\/strong><\/p>\n<\/div>\n<div id=\"element-body-9\">\n<p>A continuaci\u00f3n, te dejamos el<strong> horario de estreno del cap\u00edtulo recopilatorio <\/strong>que se estrenar\u00e1 este fin de semana. <\/p>\n<\/div>\n<div id=\"element-body-11\">\n<blockquote class=\"twitter-tweet\">\n<p lang=\"es\" dir=\"ltr\">La historia de Kuma en One Piece har\u00e1 una breve pausa la pr\u00f3xima semana. \ud83d\ude14<\/p>\n<p>El episodio 1134 se estrenar\u00e1 hasta el 29 de Junio, mientras tanto el 22 de Junio tendremos un episodio especial recopilatorio titulado:<\/p>\n<p>\ud83c\udfac \u201cLa aventura de Dr. Chopper \u2013 Un chequeo entre buenos amigos\u2026 <a rel=\"nofollow\" target=\"_blank\" href=\"https:\/\/t.co\/4Vkz5u1y1S\">pic.twitter.com\/4Vkz5u1y1S<\/a><\/p>\n<p>\u2014 Animetrends (@AnimetrendsLA) <a rel=\"nofollow\" target=\"_blank\" href=\"https:\/\/twitter.com\/AnimetrendsLA\/status\/1934615790247964913?ref_src=twsrc%5Etfw\">June 16, 2025<\/a><\/p><\/blockquote>\n<\/div>\n<div id=\"element-body-13\">\n<p>El pr\u00f3ximo episodio podr\u00e1 verse en simulcast (emisi\u00f3n simult\u00e1nea en todo el mundo, a partir de Jap\u00f3n) en la plataforma de <strong>Crunchyroll, <\/strong>aunque ya no tiene la exclusiva sobre<strong> &#8216;One Piece&#8217;<\/strong>. En esta plataforma los cap\u00edtulos se emiten en japon\u00e9s con subt\u00edtulos en varios idiomas.<\/p>\n<\/div>\n<div id=\"element-body-14\">\n<blockquote class=\"twitter-tweet\">\n<p lang=\"en\" dir=\"ltr\">ONE PIECE anime has announced a new break and special recap episode for June 22!<\/p>\n<p>Episode 1134 will be delayed and should premiere on June 29.<br \/>. <a rel=\"nofollow\" target=\"_blank\" href=\"https:\/\/twitter.com\/hashtag\/ONEPIECE?src=hash&amp;ref_src=twsrc%5Etfw\">#ONEPIECE<\/a> <a rel=\"nofollow\" target=\"_blank\" href=\"https:\/\/twitter.com\/hashtag\/ONEPIECE%E3%82%AB%E3%83%BC%E3%83%89%E3%82%B2%E3%83%BC%E3%83%A0?src=hash&amp;ref_src=twsrc%5Etfw\">#ONEPIECE\u30ab\u30fc\u30c9\u30b2\u30fc\u30e0<\/a> <a rel=\"nofollow\" target=\"_blank\" href=\"https:\/\/twitter.com\/hashtag\/ONEPIECE1133?src=hash&amp;ref_src=twsrc%5Etfw\">#ONEPIECE1133<\/a> <a rel=\"nofollow\" target=\"_blank\" href=\"https:\/\/t.co\/9VxWfENL56\">pic.twitter.com\/9VxWfENL56<\/a><\/p>\n<p>\u2014 AnimeXcite (@AnimeXcite) <a rel=\"nofollow\" target=\"_blank\" href=\"https:\/\/twitter.com\/AnimeXcite\/status\/1934486909616566303?ref_src=twsrc%5Etfw\">June 16, 2025<\/a><\/p><\/blockquote>\n<\/div>\n<div id=\"element-body-15\">\n<p>Los<strong> episodios tambi\u00e9n se estrenar\u00e1n por Netflix.<\/strong> Sin embargo<strong>, a\u00fan no se confirmo en que fecha <\/strong>se lanzar\u00e1n y cada cu\u00e1nto. Se espera que los nuevos cap\u00edtulos est\u00e9n <strong>disponibles con algo de retraso y no el mismo d\u00eda del estreno en Jap\u00f3n.<\/strong><\/p>\n<\/div>\n<p><script async src=\"\/\/platform.twitter.com\/widgets.js\" charset=\"utf-8\"><\/script><br \/>\n<br \/><br \/>\n<br \/><a href=\"https:\/\/www.clarin.com\/internacional\/fin-semana-saldra-capitulo-1134-one-piece-estrena-crunchyroll_0_FkcBrid4Ih.html\">Fuente Clarin.com <\/a><\/p>\n","protected":false},"excerpt":{"rendered":"<p>\u00a1One Piece est\u00e1 de vuelta y ahora es el turno de un descanso! El anime se reanud\u00f3 con la segunda parte del Arco de Egghead y muchas aventuras por ser contadas. Los fan\u00e1ticos disfrutan de estos nuevos episodios, retomando la emocionante trama que involucra a los Sombrero de Paja, Gobierno Mundial y al Dr. Vegapunk. [&hellip;]<\/p>\n","protected":false},"author":1,"featured_media":17957,"comment_status":"open","ping_status":"open","sticky":false,"template":"","format":"standard","meta":{"footnotes":""},"categories":[2],"tags":[2497,2499,677,139,2455,981,6867,142,286,4453,982],"class_list":["post-35743","post","type-post","status-publish","format-standard","has-post-thumbnail","hentry","category-ultimas-noticias","tag-capitulo","tag-crunchyroll","tag-cuando","tag-este","tag-estrena","tag-fin","tag-piece","tag-por","tag-que","tag-saldra","tag-semana"],"_links":{"self":[{"href":"https:\/\/13.com.ar\/index.php\/wp-json\/wp\/v2\/posts\/35743","targetHints":{"allow":["GET"]}}],"collection":[{"href":"https:\/\/13.com.ar\/index.php\/wp-json\/wp\/v2\/posts"}],"about":[{"href":"https:\/\/13.com.ar\/index.php\/wp-json\/wp\/v2\/types\/post"}],"author":[{"embeddable":true,"href":"https:\/\/13.com.ar\/index.php\/wp-json\/wp\/v2\/users\/1"}],"replies":[{"embeddable":true,"href":"https:\/\/13.com.ar\/index.php\/wp-json\/wp\/v2\/comments?post=35743"}],"version-history":[{"count":0,"href":"https:\/\/13.com.ar\/index.php\/wp-json\/wp\/v2\/posts\/35743\/revisions"}],"wp:featuredmedia":[{"embeddable":true,"href":"https:\/\/13.com.ar\/index.php\/wp-json\/wp\/v2\/media\/17957"}],"wp:attachment":[{"href":"https:\/\/13.com.ar\/index.php\/wp-json\/wp\/v2\/media?parent=35743"}],"wp:term":[{"taxonomy":"category","embeddable":true,"href":"https:\/\/13.com.ar\/index.php\/wp-json\/wp\/v2\/categories?post=35743"},{"taxonomy":"post_tag","embeddable":true,"href":"https:\/\/13.com.ar\/index.php\/wp-json\/wp\/v2\/tags?post=35743"}],"curies":[{"name":"wp","href":"https:\/\/api.w.org\/{rel}","templated":true}]}}