{"id":35739,"date":"2025-06-21T07:02:32","date_gmt":"2025-06-21T10:02:32","guid":{"rendered":"https:\/\/13.com.ar\/index.php\/las-carnes-en-su-laberinto-con-metas-cumplidas-y-pendientes\/"},"modified":"2025-06-21T07:02:32","modified_gmt":"2025-06-21T10:02:32","slug":"las-carnes-en-su-laberinto-con-metas-cumplidas-y-pendientes","status":"publish","type":"post","link":"https:\/\/13.com.ar\/index.php\/las-carnes-en-su-laberinto-con-metas-cumplidas-y-pendientes\/","title":{"rendered":"Las carnes en su laberinto, con metas cumplidas y pendientes"},"content":{"rendered":"<p> <br \/>\n<br \/><img decoding=\"async\" src=\"https:\/\/13.com.ar\/wp-content\/uploads\/2025\/06\/Las-carnes-en-su-laberinto-con-metas-cumplidas-y-pendientes.jpg\" \/><\/p>\n<div id=\"element-body-0\">\n<p>La Mesa de las Carnes, con sus distintas organizaciones,desde la producci\u00f3n a la industria, present\u00f3 el estado de situaci\u00f3n con foco en la <strong>producci\u00f3n bovina<\/strong>, pero con la activa participaci\u00f3n tambi\u00e9n de referentes de las <strong>cadenas av\u00edcolas y porcinas<\/strong>.<\/p>\n<\/div>\n<div id=\"element-body-1\">\n<p>Por la cadena vacuna estuvieron <strong>Dardo Chiesa y David Miazzo<\/strong>, por los av\u00edcolas habl\u00f3 <strong>Carlos Sinesi, Ernesto &#8220;Tito&#8221; Lowestein<\/strong> represent\u00f3 a la cadena equina y por los porcinos participaron <strong>Daniel Fenoglio y Francisco Do Pico<\/strong>, entre otros.<\/p>\n<\/div>\n<div id=\"element-body-2\">\n<p>La saludable conferencia de prensa, que facilit\u00f3 un enriquecedor intercambio entre agroindustriales y periodistas, fue posterior a un informe de <strong>Data Miazzo<\/strong>, como seguimiento de las metas planteadas en los \u00faltimos a\u00f1os.<\/p>\n<\/div>\n<div id=\"element-body-3\">\n<p>Tomando como base el a\u00f1o 2022, queda claro el<strong> estancamiento general,<\/strong> con particulares <strong>retrocesos en el stock de cabezas, el \u00edndice de destete, el peso de faena, el volumen de producci\u00f3n y el consumo<\/strong>.<\/p>\n<\/div>\n<div id=\"element-body-4\">\n<p>En ese sentido, los lineamientos estrat\u00e9gicos para la cadena bovina <strong>plantean, de cara a 2032, evolucionar<\/strong> de la siguiente manera: de 54,2 a 63,7 millones en el stock de cabezas, de 65,6 a 75% en el \u00edndice de destete de terneros por vaca, de 57,7 a 63 kg en cuanto a la productividad carne\/stock, de 13,4 a 15,3 millones en cabezas faenadas, de 232 a 275 kg en peso de faena por res.<\/p>\n<\/div>\n<div id=\"element-body-5\">\n<p>En cuanto a la producci\u00f3n, aspiran a pasar de 3,1 a 4,2 millones en toneladas (de 2,2 a 2,4 toneladas destinadas al consumo interno y de 892.599 a 1,8 millones en toneladas de exportaci\u00f3n). Asumen que es satisfactorio si el consumo por habitante por a\u00f1o se reduce de 48,4 a 48 kilos.<\/p>\n<\/div>\n<div id=\"element-body-6\">\n<p>Con esos objetivos, se destacaron como <strong>cumplidos 7 puntos<\/strong>:<\/p>\n<\/div>\n<div id=\"element-body-7\">\n<p>1.Eliminar prohibici\u00f3n de exportaci\u00f3n de cortes<\/p>\n<\/div>\n<div id=\"element-body-8\">\n<p>2.Baja DEX (pendiente eliminaci\u00f3n total)<\/p>\n<\/div>\n<div id=\"element-body-10\">\n<p>4.Desregular mercado de cueros<\/p>\n<\/div>\n<div id=\"element-body-11\">\n<p>5.Trazabilidad electr\u00f3nica (en proceso)<\/p>\n<\/div>\n<div id=\"element-body-12\">\n<p>6.Crear figura tipificador<\/p>\n<\/div>\n<div id=\"element-body-13\">\n<p>7.Revisar el protocolo de tipificaci\u00f3n<\/p>\n<\/div>\n<div id=\"element-body-14\">\n<p>En tanto, se considera con <strong>alto nivel de avance, en otros 5 aspectos<\/strong>:<\/p>\n<\/div>\n<div id=\"element-body-15\">\n<p>1.Profundizar digitalizaci\u00f3n de tr\u00e1mites administrativos<\/p>\n<\/div>\n<div id=\"element-body-16\">\n<p>2.Detectar y trabajar en nuevos mercados<\/p>\n<\/div>\n<div id=\"element-body-18\">\n<p>4.Difusi\u00f3n de la clasificaci\u00f3n de la hacienda<\/p>\n<\/div>\n<div id=\"element-body-19\">\n<p>5.Promover y difundir la utilizaci\u00f3n del sistema de tipificaci\u00f3n.<\/p>\n<\/div>\n<div id=\"element-body-20\">\n<p>Las<strong> luces amarillas<\/strong>, se plantean sobre<strong> tres ejes<\/strong> considerados prioritarios. El primero es: <strong>Pol\u00edticas para el impulso de la producci\u00f3n<\/strong>: Simplificaci\u00f3n burocr\u00e1tica y alivio de la carga tributaria injustificada (Gu\u00edas municipales Marcas y se\u00f1ales), Revisi\u00f3n de tributos distorsivos (Impuesto sobre los Ingresos Brutos, Impuesto al Valor Agregado(IVA) \u2013Generar mecanismos \u00e1giles para la recuperaci\u00f3n del saldo t\u00e9cnico actual de IVA, Alimentos balanceados y subproductos, Servicio de faena, IVA inversi\u00f3n- y Ganancia por tenencia), Amortizaci\u00f3n acelerada (toros con gen\u00e9tica certificada y la implantaci\u00f3n de pasturas, en los casos de integraci\u00f3n como la aviar, considerar en dicho r\u00e9gimen las inversiones en toda la cadena y Cr\u00e9dito (incentivar el uso del financiamiento con herramientas que contemplen plazos, monto, garant\u00edas y tasas acordes a los proyectos de inversi\u00f3n.<\/p>\n<\/div>\n<div id=\"element-body-21\">\n<p>El segundo eje es el <strong>est\u00e1ndar sanitario nacional<\/strong>, sobre lo cual se plantea el fortalecimiento del SENASA (dijeron que hace falta m\u00e1s gente, en contraste con lo que sugiere desde el Gobierno, quiz\u00e1s con alguna reasignaci\u00f3n de recursos que pueda suplir la escasez en algunas \u00e1reas), eliminar la clasificaci\u00f3n de frigor\u00edficos por capacidad de faena y la definici\u00f3n de un est\u00e1ndar sanitario unificado.<\/p>\n<\/div>\n<div id=\"element-body-22\">\n<p>Y como tercer aspecto clave destacan la<strong> necesidad de fortalecimiento de los mercados<\/strong>: acceso a mercados de exportaci\u00f3n y promoci\u00f3n del consumo interno.<\/p>\n<\/div>\n<div id=\"element-body-23\">\n<p>Consultados sobre las perspectivas en un momento en que los v<strong>alores en d\u00f3lares de los novillos argentinos est\u00e1n en niveles hist\u00f3ricos altos<\/strong>, respondieron que al tratarse de una actividad con inversiones a mediano plazo, <strong>el despegue llegar\u00eda cuando los ganaderos puedan creer en una consolidaci\u00f3n del contexto macroecon\u00f3mico, con reglas claras y sostenibles<\/strong>.<\/p>\n<\/div>\n<div id=\"element-body-24\">\n<p>Con todo, plantearon con \u00e9nfasis que la Argentina tiene un <strong>potencial enorme <\/strong>como proveedor de prote\u00ednas c\u00e1rnicas tanto para el mercado interno como para el resto del mundo. Est\u00e1n convencidos de que &#8220;se valora especialmente la <strong>calidad argentina de estos productos, que todav\u00eda no han aprovechado a pleno sus oportunidades cuantitativas&#8221;.<\/strong><\/p>\n<\/div>\n<p><br \/>\n<br \/><a href=\"https:\/\/www.clarin.com\/rural\/carnes-laberinto-metas-cumplidas-pendientes_0_InyKjT668W.html\">Fuente Clarin.com <\/a><\/p>\n","protected":false},"excerpt":{"rendered":"<p>La Mesa de las Carnes, con sus distintas organizaciones,desde la producci\u00f3n a la industria, present\u00f3 el estado de situaci\u00f3n con foco en la producci\u00f3n bovina, pero con la activa participaci\u00f3n tambi\u00e9n de referentes de las cadenas av\u00edcolas y porcinas. Por la cadena vacuna estuvieron Dardo Chiesa y David Miazzo, por los av\u00edcolas habl\u00f3 Carlos Sinesi, [&hellip;]<\/p>\n","protected":false},"author":1,"featured_media":35740,"comment_status":"open","ping_status":"open","sticky":false,"template":"","format":"standard","meta":{"footnotes":""},"categories":[2],"tags":[5044,18,21822,16536,48,20169,7789],"class_list":["post-35739","post","type-post","status-publish","format-standard","has-post-thumbnail","hentry","category-ultimas-noticias","tag-carnes","tag-con","tag-cumplidas","tag-laberinto","tag-las","tag-metas","tag-pendientes"],"_links":{"self":[{"href":"https:\/\/13.com.ar\/index.php\/wp-json\/wp\/v2\/posts\/35739","targetHints":{"allow":["GET"]}}],"collection":[{"href":"https:\/\/13.com.ar\/index.php\/wp-json\/wp\/v2\/posts"}],"about":[{"href":"https:\/\/13.com.ar\/index.php\/wp-json\/wp\/v2\/types\/post"}],"author":[{"embeddable":true,"href":"https:\/\/13.com.ar\/index.php\/wp-json\/wp\/v2\/users\/1"}],"replies":[{"embeddable":true,"href":"https:\/\/13.com.ar\/index.php\/wp-json\/wp\/v2\/comments?post=35739"}],"version-history":[{"count":0,"href":"https:\/\/13.com.ar\/index.php\/wp-json\/wp\/v2\/posts\/35739\/revisions"}],"wp:featuredmedia":[{"embeddable":true,"href":"https:\/\/13.com.ar\/index.php\/wp-json\/wp\/v2\/media\/35740"}],"wp:attachment":[{"href":"https:\/\/13.com.ar\/index.php\/wp-json\/wp\/v2\/media?parent=35739"}],"wp:term":[{"taxonomy":"category","embeddable":true,"href":"https:\/\/13.com.ar\/index.php\/wp-json\/wp\/v2\/categories?post=35739"},{"taxonomy":"post_tag","embeddable":true,"href":"https:\/\/13.com.ar\/index.php\/wp-json\/wp\/v2\/tags?post=35739"}],"curies":[{"name":"wp","href":"https:\/\/api.w.org\/{rel}","templated":true}]}}