{"id":35727,"date":"2025-06-21T06:26:31","date_gmt":"2025-06-21T09:26:31","guid":{"rendered":"https:\/\/13.com.ar\/index.php\/del-mosquito-a-los-drones-no-fue-magia\/"},"modified":"2025-06-21T06:26:31","modified_gmt":"2025-06-21T09:26:31","slug":"del-mosquito-a-los-drones-no-fue-magia","status":"publish","type":"post","link":"https:\/\/13.com.ar\/index.php\/del-mosquito-a-los-drones-no-fue-magia\/","title":{"rendered":"Del mosquito a los drones, no fue magia"},"content":{"rendered":"<p> <br \/>\n<br \/><img decoding=\"async\" src=\"https:\/\/13.com.ar\/wp-content\/uploads\/2025\/06\/Del-mosquito-a-los-drones-no-fue-magia.jpg\" \/><\/p>\n<div id=\"element-body-0\">\n<p>Esta edici\u00f3n de <strong>Clarin Rural<\/strong> pone foco en los <strong>tratamientos de protecci\u00f3n de cultivo<\/strong>. Es un aspecto <strong>clave<\/strong> en la producci\u00f3n agropecuaria moderna, y en el caso de la Argentina ha sido <strong>extraordinaria la evoluci\u00f3n de los equipos y los sistemas<\/strong>, constituyendo una de las principales bases de la <strong>competitividad de estas pampas<\/strong>.<\/p>\n<\/div>\n<div id=\"element-body-1\">\n<p>Ahora est\u00e1 eclosionando la <strong>era de los drones<\/strong>. Es fort\u00edsima la movida: arrancaron hace cuatro o cinco a\u00f1os m\u00e1s que nada para hacer <strong>relevamientos<\/strong>, y poco a poco <strong>fueron agregando funciones<\/strong>: <strong>pulverizaci\u00f3n, fertilizaci\u00f3n y siembra<\/strong>. En el tema tratamientos, al principio se los pensaba como complementarios de las pulverizaciones a\u00e9reas o terrestres, para zonas de acceso dif\u00edcil, lotes sin piso, etc. Pero se fueron abriendo paso y ahora <strong>desaf\u00edan abiertamente a los sistemas \u201ctradicionales\u201d.<\/strong><\/p>\n<\/div>\n<div id=\"element-body-2\">\n<p>\u00bfTradicionales? <strong>Hace 50 a\u00f1os<\/strong>, cuando se hab\u00eda hecho indispensable el control qu\u00edmico de malezas e insectos, <strong>se utilizaban pulverizadoras de arrastre, todas de fabricaci\u00f3n nacional<\/strong>. El \u201cm\u00f3dulo\u201d era de diez metros de ancho de labor. El l\u00edder fue <strong>Barbuy<\/strong>, con su coqueta planta de Bell Ville.<\/p>\n<\/div>\n<div id=\"element-body-3\">\n<p><strong>A nadie se le hab\u00eda ocurrido todav\u00eda hacer un automotriz<\/strong>, hasta que el gran <strong>Tom\u00e1s Ar\u00e1us de Noetinger<\/strong> (que fabricaba cosechadoras) hizo un <strong>triciclo de buen despeje, con tanque en posici\u00f3n vertical all\u00e1 por 1970<\/strong>. El ministerio de Asuntos Agrarios de la provincia de Buenos Aires ten\u00eda una peque\u00f1a flota, con la que ayudaba en las campa\u00f1as contra la tucura y en algunos casos contra malezas de combate obligatorio.<\/p>\n<\/div>\n<div id=\"element-body-4\">\n<p><strong>Poco despu\u00e9s aparec\u00edan las de cuatro ruedas<\/strong>, bastante rudimentarias, pero que anticipaban lo que vendr\u00eda. Uno de los primeros fue<strong> Corti, de Alfonso<\/strong>, que le fabric\u00f3 una para ensayos al <strong>INTA de Pergamino<\/strong>. Paradoja: hoy la Experimental, pionera de tantas cosas, padece la <strong>prohibici\u00f3n del uso de agroqu\u00edmicos por una absurda orden judicial.<\/strong><\/p>\n<\/div>\n<div id=\"element-body-5\">\n<p>Los hermanos <strong>Campagnaro, en Pav\u00f3n Arriba<\/strong>, vieron la veta y se largaron a armar los <strong>primeros \u201cmosquitos\u201d, con elementos de desarmadero<\/strong>: motores F100, cajas de tres velocidades y diferencial de camionetas, con ruedas chicas y tanques de 600 a 800 litros. Y barras de 16 metros. <strong>El motor era la expansi\u00f3n sojera<\/strong>, que requer\u00eda m\u00e1s tratamientos a lo largo del cultivo.<\/p>\n<\/div>\n<div id=\"element-body-6\">\n<p><strong>Se multiplicaron los fabricantes. Hubo como 20<\/strong>. No hab\u00eda mucho para copiar en el mundo en esos tiempos. <strong>En los EEUU, ninguna de las grandes hac\u00eda pulverizadoras<\/strong>. La \u00fanica que se conoc\u00eda era la Hagie, que aqu\u00ed hab\u00eda entrado como despanojadora de ma\u00edz, pero no como pulverizadora.<\/p>\n<\/div>\n<div id=\"element-body-7\">\n<p>Empezaron a hacer m\u00e1quinas <strong>cada vez m\u00e1s grandes y con innovaciones incre\u00edbles<\/strong>. Fuertes, livianas, \u00e1giles. Con el tiempo, <strong>Juan Carlos Pla (de Las Rosas)<\/strong> se adue\u00f1ar\u00eda del mercado, hasta que se le fue metiendo<strong> Luis Dadomo con Metalfor<\/strong>, desde la peque\u00f1a localidad cordobesa de El Fort\u00edn.<\/p>\n<\/div>\n<div id=\"element-body-8\">\n<p>Hace diez a\u00f1os, cuando <strong>John Deere<\/strong> quiso entrar en el rubro, vio que <strong>se le complicaba competir con la industria local<\/strong>. Trajo sus propias pulverizadoras, para ubicarlas en el segmento de alto poder adquisitivo y m\u00e1s sofisticado. Pero compr\u00f3 Pl\u00e1, despu\u00e9s de haber intentado hacerse de alguna otra.<\/p>\n<\/div>\n<div id=\"element-body-9\">\n<p><strong>Llegaron tambi\u00e9n las brasile\u00f1as<\/strong>. <strong>Jacto<\/strong> primero, asociada el principio con <strong>Yomel<\/strong> y luego abriendo su propia operaci\u00f3n. M\u00e1s tarde entrar\u00eda <strong>Stara<\/strong>.<\/p>\n<\/div>\n<div id=\"element-body-10\">\n<p>El mayor hito de esta historia fulgurante fue la introducci\u00f3n de los <strong>botalones de fibra de carbono<\/strong>. Se inspiraron en los m\u00e1stiles de veleros. Una navegante,<strong> Ana Fern\u00e1ndez Mouj\u00e1n<\/strong>, le llev\u00f3 la idea a <strong>King Harken<\/strong>. Tras muchos cabildeos, se decidieron a hacer un <strong>prototipo de 36 metros, casi el doble de lo habitual<\/strong>. Fue un boom.<strong> A los tres a\u00f1os John Deere les compr\u00f3 la f\u00e1brica<\/strong> levantada en Campana y desde all\u00ed proveen a otros pa\u00edses.<\/p>\n<\/div>\n<div id=\"element-body-11\">\n<p>Y ahora <strong>llega la era de los drones (que son tambi\u00e9n de fibra de carbono)<\/strong>. Y las <strong>aplicaciones selectivas<\/strong>, para las pulverizaciones terrestres que ahora tambi\u00e9n <strong>se apoyan con los mapas que trazan los drones.<\/strong><\/p>\n<\/div>\n<div id=\"element-body-12\">\n<p>Nuevos actores y competidores en esta <strong>fascinante huida hacia el futuro<\/strong> de lo que es hoy <strong>la agricultura m\u00e1s eficiente del mundo<\/strong>. No fue magia.<\/p>\n<\/div>\n<p><br \/>\n<br \/><a href=\"https:\/\/www.clarin.com\/rural\/mosquito-drones-magia_0_71tYMYy0r6.html\">Fuente Clarin.com <\/a><\/p>\n","protected":false},"excerpt":{"rendered":"<p>Esta edici\u00f3n de Clarin Rural pone foco en los tratamientos de protecci\u00f3n de cultivo. Es un aspecto clave en la producci\u00f3n agropecuaria moderna, y en el caso de la Argentina ha sido extraordinaria la evoluci\u00f3n de los equipos y los sistemas, constituyendo una de las principales bases de la competitividad de estas pampas. Ahora est\u00e1 [&hellip;]<\/p>\n","protected":false},"author":1,"featured_media":35728,"comment_status":"open","ping_status":"open","sticky":false,"template":"","format":"standard","meta":{"footnotes":""},"categories":[2],"tags":[100,11411,105,28,3500,6542],"class_list":["post-35727","post","type-post","status-publish","format-standard","has-post-thumbnail","hentry","category-ultimas-noticias","tag-del","tag-drones","tag-fue","tag-los","tag-magia","tag-mosquito"],"_links":{"self":[{"href":"https:\/\/13.com.ar\/index.php\/wp-json\/wp\/v2\/posts\/35727","targetHints":{"allow":["GET"]}}],"collection":[{"href":"https:\/\/13.com.ar\/index.php\/wp-json\/wp\/v2\/posts"}],"about":[{"href":"https:\/\/13.com.ar\/index.php\/wp-json\/wp\/v2\/types\/post"}],"author":[{"embeddable":true,"href":"https:\/\/13.com.ar\/index.php\/wp-json\/wp\/v2\/users\/1"}],"replies":[{"embeddable":true,"href":"https:\/\/13.com.ar\/index.php\/wp-json\/wp\/v2\/comments?post=35727"}],"version-history":[{"count":0,"href":"https:\/\/13.com.ar\/index.php\/wp-json\/wp\/v2\/posts\/35727\/revisions"}],"wp:featuredmedia":[{"embeddable":true,"href":"https:\/\/13.com.ar\/index.php\/wp-json\/wp\/v2\/media\/35728"}],"wp:attachment":[{"href":"https:\/\/13.com.ar\/index.php\/wp-json\/wp\/v2\/media?parent=35727"}],"wp:term":[{"taxonomy":"category","embeddable":true,"href":"https:\/\/13.com.ar\/index.php\/wp-json\/wp\/v2\/categories?post=35727"},{"taxonomy":"post_tag","embeddable":true,"href":"https:\/\/13.com.ar\/index.php\/wp-json\/wp\/v2\/tags?post=35727"}],"curies":[{"name":"wp","href":"https:\/\/api.w.org\/{rel}","templated":true}]}}