{"id":35721,"date":"2025-06-21T06:14:30","date_gmt":"2025-06-21T09:14:30","guid":{"rendered":"https:\/\/13.com.ar\/index.php\/el-poder-de-los-burros-que-rien\/"},"modified":"2025-06-21T06:14:30","modified_gmt":"2025-06-21T09:14:30","slug":"el-poder-de-los-burros-que-rien","status":"publish","type":"post","link":"https:\/\/13.com.ar\/index.php\/el-poder-de-los-burros-que-rien\/","title":{"rendered":"El poder de los burros que r\u00eden"},"content":{"rendered":"<p> <br \/>\n<br \/><img decoding=\"async\" src=\"https:\/\/13.com.ar\/wp-content\/uploads\/2025\/06\/Cristina-Kirchner-le-pidio-a-la-Justicia-que-le-permita.jpg\" \/><\/p>\n<div id=\"cuerpo\">\n<div class=\"sc-45461e9c-0 eqiBeF container-text text-embed \" id=\"element-body-0\">\n<p>No leer un libro ni por casualidad.<\/p>\n<\/div>\n<div class=\"sc-45461e9c-0 eqiBeF container-text text-embed \" id=\"element-body-4\">\n<p>Ignorar todos los hechos.<\/p>\n<\/div>\n<div class=\"sc-45461e9c-0 eqiBeF container-text text-embed \" id=\"element-body-5\">\n<p>No saber nada y alardear de esa nada cotidiana.<\/p>\n<\/div>\n<div class=\"sc-45461e9c-0 eqiBeF container-text text-embed \" id=\"element-body-6\">\n<p>Confundir comunicaci\u00f3n con risotadas inconexas, con burlas de cancheritos bien forrados, no argumentar jam\u00e1s nada y confundir con real malicia, la militancia con los oscuros negocios de la pol\u00edtica y la exaltaci\u00f3n de viejos corrompidos y vencidos.<\/p>\n<\/div>\n<div class=\"sc-45461e9c-0 eqiBeF container-text text-embed \" id=\"element-body-7\">\n<p>Es muy importante para esos mensajeros de la nada entrenarse en la repetici\u00f3n altisonante de bobadas.<\/p>\n<\/div>\n<div class=\"sc-45461e9c-0 eqiBeF container-text text-embed \" id=\"element-body-8\">\n<p>Ignorar por completo, por ejemplo, todo lo actuado por jueces y fiscales en las sucesivas condenas a Cristina Fern\u00e1ndez y afirmar que ella es inocente.<\/p>\n<\/div>\n<div class=\"sc-45461e9c-0 eqiBeF container-text text-embed \" id=\"element-body-9\">\n<p>Hermanarse con los fan\u00e1ticos.<\/p>\n<\/div>\n<div class=\"sc-45461e9c-0 eqiBeF container-text text-embed \" id=\"element-body-10\">\n<p>Aferrarse al feminismo ret\u00f3rico como bandera progresista y apoyar a la banda de proxenetas que rodean a Pedro S\u00e1nchez en Espa\u00f1a, untados de sobornos y de contratos a mujeres y pornostars para facilitar los negocios de los amigos.<\/p>\n<\/div>\n<div class=\"sc-45461e9c-0 eqiBeF container-text text-embed \" id=\"element-body-11\">\n<p>Ni hablar de los arcaicos compa\u00f1eros de Podemos, <strong>rentados por la narcotiran\u00eda de Nicol\u00e1s Maduro.<\/strong><\/p>\n<\/div>\n<div class=\"sc-45461e9c-0 eqiBeF container-text text-embed \" id=\"element-body-12\">\n<p>Una sociedad que, con Maduro, <strong>el cristinismo foment\u00f3 para instrumentar autoritarismos y mega-saqueos bilaterales.<\/strong><\/p>\n<\/div>\n<div class=\"sc-45461e9c-0 eqiBeF container-text text-embed \" id=\"element-body-13\">\n<p>Concebir que ser vulgar es ser moral.<\/p>\n<\/div>\n<div class=\"sc-45461e9c-0 eqiBeF container-text text-embed \" id=\"element-body-14\">\n<p>Una \u201cmoralidad\u201d que se embandera en la mala educaci\u00f3n como vector de popularidad.<\/p>\n<\/div>\n<div class=\"sc-45461e9c-0 eqiBeF container-text text-embed \" id=\"element-body-15\">\n<p>Los \u201cbuenos\u201d ser\u00edan los que encarnan la m\u00e1s trivial brutalidad.<\/p>\n<\/div>\n<div class=\"sc-45461e9c-0 eqiBeF container-text text-embed \" id=\"element-body-16\">\n<p>El brutalismo arrogante como proyecto pol\u00edtico.<\/p>\n<\/div>\n<div class=\"sc-45461e9c-0 eqiBeF container-text text-embed \" id=\"element-body-17\">\n<p>Gelatinosos burros que r\u00eden.<\/p>\n<\/div>\n<div class=\"sc-45461e9c-0 eqiBeF container-text text-embed \" id=\"element-body-18\">\n<p>Pero eso s\u00ed, sin investigar, sin saber, sin escr\u00fapulos, sin nada que decir, pero gritone\u00e1ndolo todo el tiempo.<\/p>\n<\/div>\n<div class=\"sc-45461e9c-0 eqiBeF container-text text-embed \" id=\"element-body-19\">\n<p>Azuzar a la militancia que la espera a ella para verla bailar en el balc\u00f3n.<\/p>\n<\/div>\n<div class=\"sc-45461e9c-0 eqiBeF container-text text-embed \" id=\"element-body-20\">\n<p><strong>Como si no estuviera presa por corrupci\u00f3n a gran escala.<\/strong><\/p>\n<\/div>\n<div class=\"sc-45461e9c-0 eqiBeF container-text text-embed \" id=\"element-body-21\">\n<p>La historia de los balcones pol\u00edticos en la Argentina es signficativa.<\/p>\n<\/div>\n<div class=\"sc-45461e9c-0 eqiBeF container-text text-embed \" id=\"element-body-22\">\n<p>El primero en asomarse al balc\u00f3n de la Plaza de Mayo fue el presidente Nicol\u00e1s Avellaneda.<\/p>\n<\/div>\n<div class=\"sc-45461e9c-0 eqiBeF container-text text-embed \" id=\"element-body-23\">\n<p>Y de all\u00ed en m\u00e1s, el balc\u00f3n fue s\u00edmbolo de autoridad y poder hasta que, con Per\u00f3n en 1945, se convirti\u00f3 <strong>en el espacio ext\u00e1tico del nacimiento del populismo festivo.<\/strong><\/p>\n<\/div>\n<div class=\"sc-45461e9c-0 eqiBeF container-text text-embed \" id=\"element-body-24\">\n<p>Y as\u00ed continu\u00f3: todos salieron al balc\u00f3n,<strong> el dictador Galtieri convocando a la guerra como si fuera un divertimento de machitos, <\/strong>Diego Maradona tras el Mundial del 86, y todos los dem\u00e1s.<\/p>\n<\/div>\n<div class=\"sc-45461e9c-0 eqiBeF container-text text-embed \" id=\"element-body-25\">\n<p><strong>Cristina Fern\u00e1ndez pas\u00f3 del balc\u00f3n de la Rosada al balconcito de su arresto con tobillera.<\/strong><\/p>\n<\/div>\n<div class=\"sc-45461e9c-0 eqiBeF container-text text-embed \" id=\"element-body-26\">\n<p>Esa traslaci\u00f3n da la medida de la degradaci\u00f3n arquitect\u00f3nica y pol\u00edtica de su poder.<\/p>\n<\/div>\n<div class=\"sc-45461e9c-0 eqiBeF container-text text-embed \" id=\"element-body-27\">\n<p>Este cronista cubri\u00f3 desde la Plaza de Mayo el momento en que sali\u00f3 al balc\u00f3n de la Rosada tras su triunfo con el 54 por ciento de los votos.<\/p>\n<\/div>\n<div class=\"sc-45461e9c-0 eqiBeF container-text text-embed \" id=\"element-body-28\">\n<p>La sociedad, tan vol\u00e1til, la beatificaba entonces con c\u00e1nticos y promesas de esfumar a todos los \u201cgorilas\u201d.<\/p>\n<\/div>\n<div class=\"sc-45461e9c-0 eqiBeF container-text text-embed \" id=\"element-body-29\">\n<p>Hab\u00eda danzas en la plaza y todo era victoria y augurios de impunidad.<\/p>\n<\/div>\n<div class=\"sc-45461e9c-0 eqiBeF container-text text-embed \" id=\"element-body-30\">\n<p>Concibi\u00f3 ella entonces que su mayor\u00eda le daba eternos fueros para decidir, c\u00f3mo ense\u00f1a Loris Zanatta, que <strong>el poder pol\u00edtico era una extensi\u00f3n de su patrimonio personal.<\/strong><\/p>\n<\/div>\n<div class=\"sc-45461e9c-0 eqiBeF container-text text-embed \" id=\"element-body-31\">\n<p>Ahora est\u00e1 presa, aunque contin\u00faa riendo.<\/p>\n<\/div>\n<div class=\"sc-45461e9c-0 eqiBeF container-text text-embed \" id=\"element-body-32\">\n<p>Su feligres\u00eda sigue de fiesta.<\/p>\n<\/div>\n<div class=\"sc-45461e9c-0 eqiBeF container-text text-embed \" id=\"element-body-33\">\n<p>Y sus altavoces rentados vociferan su inocencia.<\/p>\n<\/div>\n<div class=\"sc-45461e9c-0 eqiBeF container-text text-embed \" id=\"element-body-34\">\n<p>Y tantos transmiten inconsistencias, una tras otra, en un loop de irredentas falacias, negaciones y -horrible- burlas, como si ellos fueran sabiondos.<\/p>\n<\/div>\n<div class=\"sc-45461e9c-0 eqiBeF container-text text-embed \" id=\"element-body-35\">\n<p>Es una moda que atraviesa el arco pol\u00edtico.<\/p>\n<\/div>\n<div class=\"sc-45461e9c-0 eqiBeF container-text text-embed \" id=\"element-body-36\">\n<p>La reducci\u00f3n del lenguaje a una esquizoide torre de Babel para fanfarronear y atacar propalando un sicariato verbal y payasesco de obsecuencias y verg\u00fcenzas.<\/p>\n<\/div>\n<div class=\"sc-45461e9c-0 eqiBeF container-text text-embed \" id=\"element-body-37\">\n<p>Son los que creen que la verdad est\u00e1 en TikTok, los que suponen que comprender obliga a sumergirse en crecientes mareas de simplismos.<\/p>\n<\/div>\n<div class=\"sc-45461e9c-0 eqiBeF container-text text-embed \" id=\"element-body-39\">\n<p>Enredados en la moda cerril del fondo del mar de la raz\u00f3n, en el coraz\u00f3n de las tinieblas del miedo a expresar disidencias y datos.<\/p>\n<\/div>\n<div class=\"sc-45461e9c-0 eqiBeF container-text text-embed \" id=\"element-body-40\">\n<p><strong>Hay una negaci\u00f3n de los hechos.<\/strong><\/p>\n<\/div>\n<div class=\"sc-45461e9c-0 eqiBeF container-text text-embed \" id=\"element-body-41\">\n<p>La interpretaci\u00f3n de los hechos exige el complejo trabajo de la indagaci\u00f3n minuciosa.<\/p>\n<\/div>\n<div class=\"sc-45461e9c-0 eqiBeF container-text text-embed \" id=\"element-body-42\">\n<p>Pero a los que trabajan buscando y comunicando en serio los agreden en las calles  mientras tantos mercachifles a la b\u00fasqueda de carguitos pol\u00edticos redituables se abanican desde pantallas deshabitadas de contenidos y densamente habitadas de frivolidades sin destino.<\/p>\n<\/div>\n<div class=\"sc-45461e9c-0 eqiBeF container-text text-embed \" id=\"element-body-43\">\n<p>Los periodistas peligran en las calles.<\/p>\n<\/div>\n<div class=\"sc-45461e9c-0 eqiBeF container-text text-embed \" id=\"element-body-44\">\n<p><strong>Hay una caza de brujas, como en los juicios de Salem,<\/strong> cuando todos los miserables odios pueblerinos se convirtieron en persecuciones de inocentes, chivos expiatorios v\u00edctimas de la venganza de los mediocres endiosados por eras de fracasos y mentiras.<\/p>\n<\/div>\n<div class=\"sc-45461e9c-0 eqiBeF container-text text-embed \" id=\"element-body-45\">\n<p>Hay un fen\u00f3meno profundo y, a la vez, abrumadoramente superficial: la insoportable levedad del ser.<\/p>\n<\/div>\n<div class=\"sc-45461e9c-0 eqiBeF container-text text-embed \" id=\"element-body-46\">\n<p>Hay una nueva forma para el \u00e9xito: <strong>no saber nada y gritarlo a los cuatro vientos.<\/strong><\/p>\n<\/div>\n<div class=\"sc-45461e9c-0 eqiBeF container-text text-embed \" id=\"element-body-47\">\n<p>Sin embargo, los gritones y bufones no gritonean gratis.<\/p>\n<\/div>\n<div class=\"sc-45461e9c-0 eqiBeF container-text text-embed \" id=\"element-body-48\">\n<p>Gratuitamente luch\u00f3 Manuel Belgrano. Ayer fue el D\u00eda de la Bandera.<\/p>\n<\/div>\n<div class=\"sc-45461e9c-0 eqiBeF container-text text-embed \" id=\"element-body-49\">\n<p>Belgrano estudi\u00f3 en la Universidad de Salamanca y volvi\u00f3 para luchar desde su saber y su coraje.<\/p>\n<\/div>\n<div class=\"sc-45461e9c-0 eqiBeF container-text text-embed \" id=\"element-body-50\">\n<p>Sab\u00eda que fundar escuelas es el alma de una naci\u00f3n que luchaba por surgir, cre\u00eda en las ciencias y en el saber.<\/p>\n<\/div>\n<div class=\"sc-45461e9c-0 eqiBeF container-text text-embed \" id=\"element-body-51\">\n<p>La Argentina superficial, que tanto cultiva ahora el idiotismo militante, le da la espalda a la bandera que Belgrano nos leg\u00f3.<\/p>\n<\/div>\n<\/div>\n<p><br \/>\n<br \/><a href=\"https:\/\/www.clarin.com\/opinion\/poder-burros-rien_0_TzzBBycrf8.html\">Fuente Clarin.com <\/a><\/p>\n","protected":false},"excerpt":{"rendered":"<p>No leer un libro ni por casualidad. Ignorar todos los hechos. No saber nada y alardear de esa nada cotidiana. Confundir comunicaci\u00f3n con risotadas inconexas, con burlas de cancheritos bien forrados, no argumentar jam\u00e1s nada y confundir con real malicia, la militancia con los oscuros negocios de la pol\u00edtica y la exaltaci\u00f3n de viejos corrompidos [&hellip;]<\/p>\n","protected":false},"author":1,"featured_media":35537,"comment_status":"open","ping_status":"open","sticky":false,"template":"","format":"standard","meta":{"footnotes":""},"categories":[2],"tags":[18596,28,2140,21816],"class_list":["post-35721","post","type-post","status-publish","format-standard","has-post-thumbnail","hentry","category-ultimas-noticias","tag-burros","tag-los","tag-poder","tag-rien"],"_links":{"self":[{"href":"https:\/\/13.com.ar\/index.php\/wp-json\/wp\/v2\/posts\/35721","targetHints":{"allow":["GET"]}}],"collection":[{"href":"https:\/\/13.com.ar\/index.php\/wp-json\/wp\/v2\/posts"}],"about":[{"href":"https:\/\/13.com.ar\/index.php\/wp-json\/wp\/v2\/types\/post"}],"author":[{"embeddable":true,"href":"https:\/\/13.com.ar\/index.php\/wp-json\/wp\/v2\/users\/1"}],"replies":[{"embeddable":true,"href":"https:\/\/13.com.ar\/index.php\/wp-json\/wp\/v2\/comments?post=35721"}],"version-history":[{"count":0,"href":"https:\/\/13.com.ar\/index.php\/wp-json\/wp\/v2\/posts\/35721\/revisions"}],"wp:featuredmedia":[{"embeddable":true,"href":"https:\/\/13.com.ar\/index.php\/wp-json\/wp\/v2\/media\/35537"}],"wp:attachment":[{"href":"https:\/\/13.com.ar\/index.php\/wp-json\/wp\/v2\/media?parent=35721"}],"wp:term":[{"taxonomy":"category","embeddable":true,"href":"https:\/\/13.com.ar\/index.php\/wp-json\/wp\/v2\/categories?post=35721"},{"taxonomy":"post_tag","embeddable":true,"href":"https:\/\/13.com.ar\/index.php\/wp-json\/wp\/v2\/tags?post=35721"}],"curies":[{"name":"wp","href":"https:\/\/api.w.org\/{rel}","templated":true}]}}