{"id":35672,"date":"2025-06-20T20:07:30","date_gmt":"2025-06-20T23:07:30","guid":{"rendered":"https:\/\/13.com.ar\/index.php\/una-modelo-murio-tras-someterse-a-una-cirugia-estetica\/"},"modified":"2025-06-20T20:07:30","modified_gmt":"2025-06-20T23:07:30","slug":"una-modelo-murio-tras-someterse-a-una-cirugia-estetica","status":"publish","type":"post","link":"https:\/\/13.com.ar\/index.php\/una-modelo-murio-tras-someterse-a-una-cirugia-estetica\/","title":{"rendered":"una modelo muri\u00f3 tras someterse a una cirug\u00eda est\u00e9tica"},"content":{"rendered":"<p> <br \/>\n<br \/><img decoding=\"async\" src=\"https:\/\/13.com.ar\/wp-content\/uploads\/2025\/06\/una-modelo-murio-tras-someterse-a-una-cirugia-estetica.jpg\" \/><\/p>\n<div id=\"element-body-0\">\n<p>Una modelo y cantante brasilera muri\u00f3 durante su luna de miel en <strong>Turqu\u00eda<\/strong>, tras someterse a una serie de cirug\u00edas pl\u00e1sticas que le provocaron un <strong>paro cardiorrespiratorio<\/strong>.<\/p>\n<\/div>\n<div id=\"element-body-1\">\n<p>Si bien naci\u00f3 en Belo Horizonte \u2014la capital Minas Gerais\u2014, <strong>Ana B\u00e1rbara Buhr Buldrini<\/strong>, de 31 a\u00f1os, viv\u00eda en Maputo, Mozambique, junto a su esposo, tambi\u00e9n cantante,<strong> Elgar Miles<\/strong>, de 30, con quien contrajo matrimonio en mayo de 2025. <\/p>\n<\/div>\n<div id=\"element-body-2\">\n<p>Juntos viajaron a Estambul, ya que la influencer, que cuenta con 796 mil seguidores en Instagram, acord\u00f3 promocionar una cl\u00ednica en sus redes sociales a cambio realizarse una <strong>liposucci\u00f3n, mamoplastia y rinoplastia<\/strong>.<\/p>\n<\/div>\n<div id=\"element-body-3\">\n<p>El marido explic\u00f3 al medio brasile\u00f1o<em> G1<\/em> que la cirug\u00eda estaba programada para el mi\u00e9rcoles 18 de junio, pero se adelant\u00f3 tres d\u00edas, al domingo 15, a pedido del m\u00e9dico, con quien <strong>salieron a cenar la noche anterior a la intervenci\u00f3n<\/strong>.<\/p>\n<\/div>\n<div id=\"element-body-5\">\n<p>\u201cFuimos a la cl\u00ednica el domingo solo para conocer el lugar, pero <strong>el m\u00e9dico quer\u00eda realizar el procedimiento sin que Ana estuviera preparada<\/strong>\u201d, cont\u00f3 Elgar al medio brasile\u00f1o O Tempo.<\/p>\n<\/div>\n<div id=\"element-body-6\">\n<p>El matrimonio consult\u00f3 al m\u00e9dico si era conveniente adelantar la cirug\u00eda, ya que<strong> hab\u00eda bebido alcohol y comido<\/strong>. El m\u00e9dico asegur\u00f3 que no habr\u00eda problemas.<\/p>\n<\/div>\n<div id=\"element-body-7\">\n<p>Para las 23 horas del domingo, el procedimiento quir\u00fargico hab\u00eda terminado, y si bien Ana estaba inconsciente, el cuerpo m\u00e9dico le asegur\u00f3 a Elgar que pronto despertar\u00eda.<\/p>\n<\/div>\n<div id=\"element-body-8\">\n<p>\u201cMe dijeron que fuera a la habitaci\u00f3n, los asistentes estaban actuando de manera extra\u00f1a. Pas\u00e9 m\u00e1s de una hora esperando para recibirla. <strong>Baj\u00e9 a la planta baja y un m\u00e9dico dijo que su coraz\u00f3n lat\u00eda lentamente<\/strong>, otro ya dijo que ya estaba muerta\u201d, indic\u00f3 el esposo a <em>G1<\/em>.<\/p>\n<\/div>\n<div id=\"element-body-10\">\n<p>Elgar llam\u00f3 a la polic\u00eda turca mientras a\u00fan estaba en el hospital y los m\u00e9dicos de la cl\u00ednica fueron detenidos. Quedaron en libertad tras prestar declaraciones. <\/p>\n<\/div>\n<div id=\"element-body-11\">\n<p>Ana B\u00e1rbara muri\u00f3 el lunes 16. Seg\u00fan <em>El Heraldo<\/em>, el hecho ocurri\u00f3 en el <strong>Hospital T\u00fcsa, en Pendik. <\/strong>En un comunicado, la cl\u00ednica declar\u00f3 que la muerte fue causada por una arritmia card\u00edaca durante el proceso de despertar de la anestesia.<\/p>\n<\/div>\n<div id=\"element-body-12\">\n<p>\u201cVamos a trasladar su cuerpo a Mozambique y buscar justicia, que paguen por lo que hicieron\u201d, expres\u00f3 un miembro de la familia de Ana B\u00e1rbara a <em>G1<\/em>.<\/p>\n<\/div>\n<div id=\"element-body-13\">\n<p>\u201c<strong>Los m\u00e9dicos apresuraron el proceso<\/strong>. Se fue de casa en 2016 a otro pa\u00eds y se fue a empezar una nueva vida, a seguir sus sue\u00f1os\u201d, agreg\u00f3 el hermano Bruno Buhr Buldrini. <\/p>\n<\/div>\n<p><h2>Pol\u00e9mica en Turqu\u00eda: investigan muerte de influencer brasilera tras cirug\u00edas est\u00e9ticas<\/h2>\n<\/p>\n<div id=\"element-body-15\">\n<p>Elgar y Ana B\u00e1rbara se conocieron en Roma, en 2018, cuando la modelo se encontraba en el pa\u00eds europeo para tramitar su ciudadan\u00eda italiana, mientras que el cantante estudiaba en una academia de moda. <\/p>\n<\/div>\n<div id=\"element-body-16\">\n<p>Ana B\u00e1rbara comenz\u00f3 a trabajar en un famoso estudio de tatuajes en Roma, frente a un estudio de m\u00fasica que pertenec\u00eda al Elgar. \u201c<strong>Quer\u00eda dar un primer paso en su carrera y empez\u00f3 a ir al estudio<\/strong>. Comenzamos a salir a principios de 2019 y recientemente nos casamos en Maputo\u201d, record\u00f3 el cantante. <\/p>\n<\/div>\n<div id=\"element-body-17\">\n<p>\u201cEra la persona que m\u00e1s me cuidaba, la que m\u00e1s me quer\u00eda, la que m\u00e1s cre\u00eda en m\u00ed. <strong>Solo quiero que se haga justicia<\/strong> y que este caso sirva de ejemplo para todas las personas que quieran realizar un tipo de intervenci\u00f3n m\u00e9dica como la que hizo Ana\u201d, agreg\u00f3. <\/p>\n<\/div>\n<div id=\"element-body-19\">\n<p>En su perfil de X, el director provincial de Salud de Estambul, <strong>Abdullah Emre G\u00fcner<\/strong>, inform\u00f3 que \u201cse inici\u00f3 una investigaci\u00f3n judicial sobre el incidente\u201d, y agreg\u00f3 que la causa exacta de la muerte se determinar\u00e1 despu\u00e9s de la autopsia.<\/p>\n<\/div>\n<div id=\"element-body-20\">\n<p>\u201cAdem\u00e1s, con la instrucci\u00f3n de oficio de nuestra direcci\u00f3n, se realiz\u00f3 una inspecci\u00f3n extraordinaria en el quir\u00f3fano y las unidades de cuidados intensivos del hospital en cuesti\u00f3n y en la consulta del m\u00e9dico afectado. <strong>El proceso de auditor\u00eda est\u00e1 en curso <\/strong>y el trabajo se est\u00e1 llevando a cabo con sensibilidad para aclarar todos los aspectos del incidente\u201d, sostuvo. <\/p>\n<\/div>\n<p><br \/>\n<br \/><a href=\"https:\/\/www.clarin.com\/internacional\/luna-miel-convirtio-pesadilla-modelo-murio-someterse-cirugia-estetica_0_iEJg60vU4Y.html\">Fuente Clarin.com <\/a><\/p>\n","protected":false},"excerpt":{"rendered":"<p>Una modelo y cantante brasilera muri\u00f3 durante su luna de miel en Turqu\u00eda, tras someterse a una serie de cirug\u00edas pl\u00e1sticas que le provocaron un paro cardiorrespiratorio. Si bien naci\u00f3 en Belo Horizonte \u2014la capital Minas Gerais\u2014, Ana B\u00e1rbara Buhr Buldrini, de 31 a\u00f1os, viv\u00eda en Maputo, Mozambique, junto a su esposo, tambi\u00e9n cantante, Elgar [&hellip;]<\/p>\n","protected":false},"author":1,"featured_media":35673,"comment_status":"open","ping_status":"open","sticky":false,"template":"","format":"standard","meta":{"footnotes":""},"categories":[2],"tags":[4590,4591,844,611,4589,312,73],"class_list":["post-35672","post","type-post","status-publish","format-standard","has-post-thumbnail","hentry","category-ultimas-noticias","tag-cirugia","tag-estetica","tag-modelo","tag-murio","tag-someterse","tag-tras","tag-una"],"_links":{"self":[{"href":"https:\/\/13.com.ar\/index.php\/wp-json\/wp\/v2\/posts\/35672","targetHints":{"allow":["GET"]}}],"collection":[{"href":"https:\/\/13.com.ar\/index.php\/wp-json\/wp\/v2\/posts"}],"about":[{"href":"https:\/\/13.com.ar\/index.php\/wp-json\/wp\/v2\/types\/post"}],"author":[{"embeddable":true,"href":"https:\/\/13.com.ar\/index.php\/wp-json\/wp\/v2\/users\/1"}],"replies":[{"embeddable":true,"href":"https:\/\/13.com.ar\/index.php\/wp-json\/wp\/v2\/comments?post=35672"}],"version-history":[{"count":0,"href":"https:\/\/13.com.ar\/index.php\/wp-json\/wp\/v2\/posts\/35672\/revisions"}],"wp:featuredmedia":[{"embeddable":true,"href":"https:\/\/13.com.ar\/index.php\/wp-json\/wp\/v2\/media\/35673"}],"wp:attachment":[{"href":"https:\/\/13.com.ar\/index.php\/wp-json\/wp\/v2\/media?parent=35672"}],"wp:term":[{"taxonomy":"category","embeddable":true,"href":"https:\/\/13.com.ar\/index.php\/wp-json\/wp\/v2\/categories?post=35672"},{"taxonomy":"post_tag","embeddable":true,"href":"https:\/\/13.com.ar\/index.php\/wp-json\/wp\/v2\/tags?post=35672"}],"curies":[{"name":"wp","href":"https:\/\/api.w.org\/{rel}","templated":true}]}}