{"id":35670,"date":"2025-06-20T20:04:47","date_gmt":"2025-06-20T23:04:47","guid":{"rendered":"https:\/\/13.com.ar\/index.php\/esta-lleno-de-cabezas-de-tortuga\/"},"modified":"2025-06-20T20:04:47","modified_gmt":"2025-06-20T23:04:47","slug":"esta-lleno-de-cabezas-de-tortuga","status":"publish","type":"post","link":"https:\/\/13.com.ar\/index.php\/esta-lleno-de-cabezas-de-tortuga\/","title":{"rendered":"Est\u00e1 lleno de cabezas de tortuga"},"content":{"rendered":"<p> <br \/>\n<\/p>\n<div id=\"cuerpo\">\n<div class=\"sc-45461e9c-0 eqiBeF container-text text-embed \" id=\"element-body-0\">\n<p>Cuando ya hab\u00edan pasado las cr\u00edticas al rumbo econ\u00f3mico del Gobierno de Milei y a la ministra de Seguridad, <strong>Cristina Kirchner<\/strong> mand\u00f3 un segundo mensaje al banderazo que la militancia arm\u00f3 en su defensa en Parque Lezama. En ese bis, la expresidenta hizo un pedido especial. <strong>&#8220;No vengan para ac\u00e1, que est\u00e1n los cabezas de tortuga&#8221;<\/strong>, pidi\u00f3 Cristina, despu\u00e9s de que la Justicia le advirtiera que su prisi\u00f3n domiciliaria no puede alterar la tranquilidad en el barrio de Constituci\u00f3n, donde est\u00e1 su departamento.<\/p>\n<\/div>\n<div class=\"sc-45461e9c-0 eqiBeF container-text text-embed \" id=\"element-body-1\">\n<p>Pocos minutos hab\u00edan pasado de las 18 del viernes cuando la exvice, desde su casa de San Jos\u00e9 1111, culminaba su mensaje grabado para la militancia que se congreg\u00f3 en el parque del sur porte\u00f1o. Hab\u00eda aproximadamente seis mil personas que la escuchaba atentamente, cuando decidi\u00f3 hacer un pedido cargado de l\u00f3gica: que los militantes, una vez terminado el acto, no se dirigieran hacia su casa, en Constituci\u00f3n, sino que desconcentren pac\u00edficamente y hacia otro rumbo.<\/p>\n<\/div>\n<div class=\"sc-45461e9c-0 eqiBeF container-text text-embed \" id=\"element-body-2\">\n<p>&#8220;Como hicimos una cosa muy linda en ese lugar tan lindo, nos despedimos ah\u00ed. No vengan para ac\u00e1, que <strong>est\u00e1n todos los cabezas de tortuga<\/strong> con los (dispositivos) celulares y toda esa cosa de escudos y <strong>cosas feas<\/strong>&#8220;, dijo Kirchner, con un calificativo lleno de sorna para hablar de la Infanter\u00eda de la Polic\u00eda Federal que, desde temprano, desplegaba un operativo de seguridad -con vallado incluido- en San Jos\u00e9 1111.<\/p>\n<\/div>\n<div class=\"sc-45461e9c-0 eqiBeF container-text text-embed \" id=\"element-body-3\">\n<p>M\u00e1s all\u00e1 del pedido puntual para evitar aglomeraciones esta misma tarde, la solicitud de Cristina fue para <strong>reorganizar a la militancia<\/strong> que hasta hoy mismo, con intermitencias, se convoc\u00f3 debajo del balc\u00f3n de su departamento, para prodigarle su apoyo y esperar el saludo de la expresidenta.<\/p>\n<\/div>\n<div class=\"sc-45461e9c-0 eqiBeF container-text text-embed \" id=\"element-body-4\">\n<p>El departamento de la calle San Jos\u00e9 es donde se encuentra recluida Cristina Kirchner desde que el martes de la semana pasada la Corte dej\u00f3 firme su condena a seis a\u00f1os de prisi\u00f3n, adem\u00e1s de inhabilitarla a ejercer cargos p\u00fablicos. Fue, tambi\u00e9n desde entonces, un punto de peregrinaci\u00f3n para sus seguidores, que armaron choripaneadas, cortaron la calle y colgaron banderas.<\/p>\n<\/div>\n<div class=\"sc-98b114a2-0 bkqiHH image-embed  image-embed \" id=\"element-body-5\"><picture class=\"sc-98b114a2-1 jRUlDm\"><source media=\"(min-width: 975px)\" width=\"720\" height=\"480\" \/><img alt=\"Banderazo por el d\u00eda de la Bandera y en apoyo a Cristina Kirchner en Parque Lezama. Foto Emmanuel Fern\u00e1ndez \" loading=\"lazy\" width=\"720\" height=\"480\" decoding=\"async\" data-nimg=\"1\" style=\"color:transparent\" src=\"https:\/\/13.com.ar\/wp-content\/uploads\/2025\/06\/Esta-lleno-de-cabezas-de-tortuga.jpg\"\/><span class=\"epigraphe\">Banderazo por el d\u00eda de la Bandera y en apoyo a Cristina Kirchner en Parque Lezama. Foto Emmanuel Fern\u00e1ndez <\/span><span class=\"picture-open\"><button class=\"open-image\" aria-label=\"Open Image\"\/><\/span><\/picture><\/div>\n<div class=\"sc-45461e9c-0 eqiBeF container-text text-embed \" id=\"element-body-6\">\n<p>En las \u00faltimas horas, la Justicia llam\u00f3 la atenci\u00f3n sobre el cumplimiento de las tres condiciones que le pusieron a Cristina para mantener el beneficio de la prisi\u00f3n domiciliaria. Una de esas reglas de conducta indica que &#8220;deber\u00e1 abstenerse de adoptar comportamientos que puedan perturbar la tranquilidad del vecindario y\/o alterar la convivencia pac\u00edfica de sus habitantes&#8221;.<\/p>\n<\/div>\n<div class=\"sc-45461e9c-0 eqiBeF container-text text-embed \" id=\"element-body-7\">\n<p>La situaci\u00f3n hizo que la defensa de la exvice elevara un pedido de aclaraci\u00f3n al TOF N\u00b02 para saber si ella puede salir al balc\u00f3n.<\/p>\n<\/div>\n<div class=\"sc-45461e9c-0 eqiBeF container-text text-embed \" id=\"element-body-8\">\n<p>Este jueves, el tribunal respondi\u00f3 que le permite salir, pero le volvi\u00f3 a reclamar &#8220;el criterio, la prudencia y el sentido com\u00fan suficientes\u201d para no molestar a los vecinos. Fue en el mismo fallo que confirm\u00f3 el uso de tobillera electr\u00f3nica, una condici\u00f3n a la que Cristina se resist\u00eda.<\/p>\n<\/div>\n<div class=\"sc-98b114a2-0 bkqiHH image-embed  image-embed \" id=\"element-body-9\"><picture class=\"sc-98b114a2-1 jRUlDm\"><source media=\"(min-width: 975px)\" width=\"720\" height=\"480\" \/><img alt=\"Seguidores de Cristina escuchan el discurso desde la puerta de la vivienda de la expresidenta. Foto: Mat\u00edas Martin Campaya \" loading=\"lazy\" width=\"720\" height=\"480\" decoding=\"async\" data-nimg=\"1\" style=\"color:transparent\" src=\"https:\/\/13.com.ar\/wp-content\/uploads\/2025\/06\/1750460687_358_Esta-lleno-de-cabezas-de-tortuga.jpg\"\/><span class=\"epigraphe\">Seguidores de Cristina escuchan el discurso desde la puerta de la vivienda de la expresidenta. Foto: Mat\u00edas Martin Campaya <\/span><span class=\"picture-open\"><button class=\"open-image\" aria-label=\"Open Image\"\/><\/span><\/picture><\/div>\n<div class=\"sc-45461e9c-0 eqiBeF container-text text-embed \" id=\"element-body-10\">\n<p>Aunque Horacio Pietragalla, exsecretario de Derechos Humanos, estuvo en la esquina de San Jos\u00e9 y Humberto Primo para aclarar que este viernes Cristina no saldr\u00eda al balc\u00f3n, decenas de sus seguidores siguieron en el lugar y desde all\u00ed escucharon, a trav\u00e9s de sus pantallas de tel\u00e9fono, los mensajes de audio que la exvice mandaba desde su departamento a Parque Lezama.<\/p>\n<\/div>\n<p><h2>Las cr\u00edticas de Cristina y M\u00e1ximo Kirchner contra Patricia Bullrich<\/h2>\n<\/p>\n<div class=\"sc-45461e9c-0 eqiBeF container-text text-embed \" id=\"element-body-12\">\n<p>Este viernes por la ma\u00f1ana, el Ministerio de Seguridad llev\u00f3 a cabo un operativo de vallado en los alrededores de la casa de Kirchner para evitar nuevas concentraciones. <\/p>\n<\/div>\n<div class=\"sc-45461e9c-0 eqiBeF container-text text-embed \" id=\"element-body-13\">\n<p>En esas circunstancias, la expresidenta pidi\u00f3 que el banderazo que promocionaron, entre otros, figuras de La C\u00e1mpora como Mayra Mendoza no se hiciera frente a su domicilio y se mudara a Parque Lezama, que dista a poco m\u00e1s de un kil\u00f3metro de all\u00ed.<\/p>\n<\/div>\n<div class=\"sc-98b114a2-0 bkqiHH image-embed  image-embed \" id=\"element-body-14\"><picture class=\"sc-98b114a2-1 jRUlDm\"><source media=\"(min-width: 975px)\" width=\"720\" height=\"480\" \/><img alt=\"Vista a\u00e9rea de Parque Lezama, en el banderazo por Cristina Kirchner. \" loading=\"lazy\" width=\"720\" height=\"480\" decoding=\"async\" data-nimg=\"1\" style=\"color:transparent\" src=\"https:\/\/13.com.ar\/wp-content\/uploads\/2025\/06\/1750460687_298_Esta-lleno-de-cabezas-de-tortuga.jpg\"\/><span class=\"epigraphe\">Vista a\u00e9rea de Parque Lezama, en el banderazo por Cristina Kirchner. <\/span><span class=\"picture-open\"><button class=\"open-image\" aria-label=\"Open Image\"\/><\/span><\/picture><\/div>\n<div class=\"sc-45461e9c-0 eqiBeF container-text text-embed \" id=\"element-body-15\">\n<p>La escena de la militancia en Parque Lezama, a juicio de la expresidenta, represent\u00f3 una imagen digna de retratar, y as\u00ed se lo hizo saber a sus seguidores sobre el final del discurso, luego de pedirles que no fueran a su casa: &#8220;Qued\u00e9monos con la foto m\u00e1s linda, todos juntos en Parque Lezama. No va a faltar la oportunidad de un saludo o reencontrarnos de esta manera, tecnol\u00f3gica, porque hay cosas que traspasan a la m\u00e1quina y transmiten buena onda&#8221;.<\/p>\n<\/div>\n<div class=\"sc-45461e9c-0 eqiBeF container-text text-embed \" id=\"element-body-16\">\n<p>Un tenor ameno el de esto \u00faltimo, teniendo en cuenta que apenas minutos antes hab\u00eda disparado fuertemente contra el Ministerio de Seguridad y, con especial ah\u00ednco, contra la ministra al frente de esa cartera, Patricia Bullrich. &#8220;Quiero contarles lo que pas\u00f3 a eso de las tres de la madrugada, cuando me despert\u00e9 por ruidos que, aparentemente, provocaban chapas en la calle. Esta vez fue la Polic\u00eda Federal (PFA) comandada por Bullrich, esa mujer nefasta, capaz de cualquier cosa; su historial lo demuestra&#8221;.<\/p>\n<\/div>\n<div class=\"sc-45461e9c-0 eqiBeF container-text text-embed \" id=\"element-body-17\">\n<p>&#8220;Integr\u00f3 todos los gobiernos, todos, que provocaron grandes dolores al pa\u00eds y a los argentinos: el de De la R\u00faa, el de Macri y ahora, como frutilla del postre, el de Milei. Mamita, qu\u00e9 curr\u00edculum&#8221;, continu\u00f3.<\/p>\n<\/div>\n<div class=\"sc-45461e9c-0 eqiBeF container-text text-embed \" id=\"element-body-18\">\n<p>Y sigui\u00f3 el embate, en t\u00e9rminos netamente personales: &#8220;Bullrich lo hizo (apostar el operativo de la PFA en San Jos\u00e9 1111) sin orden judicial y con el claro objetivo de provocar conflictos, que hasta ahora no han sucedido. Todas las manifestaciones de estos d\u00edas, incluso la manifestaci\u00f3n que desbord\u00f3 la Plaza de Mayo y todas las del 18 de junio, fueron en paz y con respecto a la propiedad privada. Bullrich, al igual que Macri, quiere protagonismo porque es una gran fracasada y nunca lleg\u00f3 a ninguna parte, y gener\u00f3 dolor y da\u00f1o&#8221;. <\/p>\n<\/div>\n<div class=\"sc-98b114a2-0 bkqiHH image-embed  image-embed \" id=\"element-body-19\"><picture class=\"sc-98b114a2-1 jRUlDm\"><source media=\"(min-width: 975px)\" width=\"720\" height=\"480\" \/><img alt=\"Cristina Kirchner observa desde la altura de su casa a la militancia que la apoya. Foto Enrique Garc\u00eda Medina\" loading=\"lazy\" width=\"720\" height=\"480\" decoding=\"async\" data-nimg=\"1\" style=\"color:transparent\" src=\"https:\/\/13.com.ar\/wp-content\/uploads\/2025\/06\/1750460687_150_Esta-lleno-de-cabezas-de-tortuga.jpg\"\/><span class=\"epigraphe\">Cristina Kirchner observa desde la altura de su casa a la militancia que la apoya. Foto Enrique Garc\u00eda Medina<\/span><span class=\"picture-open\"><button class=\"open-image\" aria-label=\"Open Image\"\/><\/span><\/picture><\/div>\n<div class=\"sc-45461e9c-0 eqiBeF container-text text-embed \" id=\"element-body-20\">\n<p>Apenas un rato antes y desde Parque Lezama habl\u00f3 su hijo, M\u00e1ximo Kirchner, que tambi\u00e9n apunt\u00f3 contra el operativo de la PFA: &#8220;Vi otra vez c\u00f3mo lamentablemente la ministra de Seguridad, en otro nuevo show, trata de ganar protagonismo que los votos nunca le dieron y mostrando nuevamente que puede defender cualquier tipo de ideas a lo largo de la vida, pero no cambia nunca su propensi\u00f3n a la violencia&#8221;. <\/p>\n<\/div>\n<div class=\"sc-45461e9c-0 eqiBeF container-text text-embed \" id=\"element-body-21\">\n<p>Luego, su madre, que segu\u00eda el embate, retruc\u00f3: &#8220;Podr\u00e1n mandar guardias ac\u00e1, la Gendarmer\u00eda y la Prefectura, pero qu\u00e9 problema van a solucionar, si la gente no come polic\u00edas ni tampoco a Cristina presa&#8221;. Por lo pronto, a pesar de la presencia policial, fue la propia Kirchner la que disuadi\u00f3 a sus militantes de visitarla.<\/p>\n<\/div>\n<\/div>\n<p><br \/>\n<br \/><a href=\"https:\/\/www.clarin.com\/politica\/cristina-kirchner-pidio-marchas-puerta-casa-lleno-cabezas-tortuga_0_l9RPgqBKaU.html\">Fuente Clarin.com <\/a><\/p>\n","protected":false},"excerpt":{"rendered":"<p>Cuando ya hab\u00edan pasado las cr\u00edticas al rumbo econ\u00f3mico del Gobierno de Milei y a la ministra de Seguridad, Cristina Kirchner mand\u00f3 un segundo mensaje al banderazo que la militancia arm\u00f3 en su defensa en Parque Lezama. En ese bis, la expresidenta hizo un pedido especial. &#8220;No vengan para ac\u00e1, que est\u00e1n los cabezas de [&hellip;]<\/p>\n","protected":false},"author":1,"featured_media":35671,"comment_status":"open","ping_status":"open","sticky":false,"template":"","format":"standard","meta":{"footnotes":""},"categories":[2],"tags":[2930,300,2418,21235],"class_list":["post-35670","post","type-post","status-publish","format-standard","has-post-thumbnail","hentry","category-ultimas-noticias","tag-cabezas","tag-esta","tag-lleno","tag-tortuga"],"_links":{"self":[{"href":"https:\/\/13.com.ar\/index.php\/wp-json\/wp\/v2\/posts\/35670","targetHints":{"allow":["GET"]}}],"collection":[{"href":"https:\/\/13.com.ar\/index.php\/wp-json\/wp\/v2\/posts"}],"about":[{"href":"https:\/\/13.com.ar\/index.php\/wp-json\/wp\/v2\/types\/post"}],"author":[{"embeddable":true,"href":"https:\/\/13.com.ar\/index.php\/wp-json\/wp\/v2\/users\/1"}],"replies":[{"embeddable":true,"href":"https:\/\/13.com.ar\/index.php\/wp-json\/wp\/v2\/comments?post=35670"}],"version-history":[{"count":0,"href":"https:\/\/13.com.ar\/index.php\/wp-json\/wp\/v2\/posts\/35670\/revisions"}],"wp:featuredmedia":[{"embeddable":true,"href":"https:\/\/13.com.ar\/index.php\/wp-json\/wp\/v2\/media\/35671"}],"wp:attachment":[{"href":"https:\/\/13.com.ar\/index.php\/wp-json\/wp\/v2\/media?parent=35670"}],"wp:term":[{"taxonomy":"category","embeddable":true,"href":"https:\/\/13.com.ar\/index.php\/wp-json\/wp\/v2\/categories?post=35670"},{"taxonomy":"post_tag","embeddable":true,"href":"https:\/\/13.com.ar\/index.php\/wp-json\/wp\/v2\/tags?post=35670"}],"curies":[{"name":"wp","href":"https:\/\/api.w.org\/{rel}","templated":true}]}}