{"id":3567,"date":"2025-02-10T14:47:13","date_gmt":"2025-02-10T17:47:13","guid":{"rendered":"https:\/\/13.com.ar\/index.php\/tras-adelantar-la-idea-de-una-reforma-previsional-echaron-a-mariano-de-los-heros-de-la-anses\/"},"modified":"2025-02-10T14:47:13","modified_gmt":"2025-02-10T17:47:13","slug":"tras-adelantar-la-idea-de-una-reforma-previsional-echaron-a-mariano-de-los-heros-de-la-anses","status":"publish","type":"post","link":"https:\/\/13.com.ar\/index.php\/tras-adelantar-la-idea-de-una-reforma-previsional-echaron-a-mariano-de-los-heros-de-la-anses\/","title":{"rendered":"Tras adelantar la idea de una reforma previsional, echaron a Mariano de los Heros de la ANSeS"},"content":{"rendered":"<p> <br \/>\n<br \/><img decoding=\"async\" src=\"https:\/\/13.com.ar\/wp-content\/uploads\/2025\/02\/sube-la-edad-jubilatoria-y-el-haber-sera-segun-los.jpg\" \/><\/p>\n<div>\n<p>El Gobierno le pidi\u00f3 la renuncia a Mariano de los Heros, que estaba al frente de la ANSeS. Fue luego de que Javier Milei saliera a desmentir declaraciones del funcionario que public\u00f3 Clar\u00edn en las que hablaba de una reforma previsional. El Presidente sostuvo que el tema &#8220;no est\u00e1 en carpeta&#8221;.<\/p>\n<\/div>\n<div>\n<p>Quien confirm\u00f3 el despido de De los Heros fue el vocero presidencial Manuel Adorni desde su cuenta de X. Dijo que le pidieron la renuncia y que &#8220;lo reemplazar\u00e1 Fernando Bearzi&#8221;, quien hasta el momento era subdirector ejecutivo de Operaciones del Fondo de Garant\u00eda de Sustentabilidad del organismo previsional.<\/p>\n<\/div>\n<div>\n<p>Los dichos de De los Heros publicados por Clar\u00edn generaron enojo tanto en el Presidente como en la ministra de Capital Humano, Sandra Pettovello, que talla sobre la ANSeS.<\/p>\n<\/div>\n<div>\n<p>Tal es as\u00ed que la confirmaci\u00f3n del pedido de renuncia sali\u00f3 casi en paralelo en las cuentas de redes del vocero presidencial y en las de la ministra.<\/p>\n<\/div>\n<p><br \/>\n<br \/><a href=\"https:\/\/www.clarin.com\/politica\/echaron-mariano-heros-anses_0_zazAxXnAeY.html\">Fuente Clarin.com <\/a><\/p>\n","protected":false},"excerpt":{"rendered":"<p>El Gobierno le pidi\u00f3 la renuncia a Mariano de los Heros, que estaba al frente de la ANSeS. Fue luego de que Javier Milei saliera a desmentir declaraciones del funcionario que public\u00f3 Clar\u00edn en las que hablaba de una reforma previsional. El Presidente sostuvo que el tema &#8220;no est\u00e1 en carpeta&#8221;. Quien confirm\u00f3 el despido [&hellip;]<\/p>\n","protected":false},"author":1,"featured_media":3377,"comment_status":"open","ping_status":"open","sticky":false,"template":"","format":"standard","meta":{"footnotes":""},"categories":[2],"tags":[5592,994,513,5594,3212,28,5593,5505,4818,312,73],"class_list":["post-3567","post","type-post","status-publish","format-standard","has-post-thumbnail","hentry","category-ultimas-noticias","tag-adelantar","tag-anses","tag-echaron","tag-heros","tag-idea","tag-los","tag-mariano","tag-previsional","tag-reforma","tag-tras","tag-una"],"_links":{"self":[{"href":"https:\/\/13.com.ar\/index.php\/wp-json\/wp\/v2\/posts\/3567","targetHints":{"allow":["GET"]}}],"collection":[{"href":"https:\/\/13.com.ar\/index.php\/wp-json\/wp\/v2\/posts"}],"about":[{"href":"https:\/\/13.com.ar\/index.php\/wp-json\/wp\/v2\/types\/post"}],"author":[{"embeddable":true,"href":"https:\/\/13.com.ar\/index.php\/wp-json\/wp\/v2\/users\/1"}],"replies":[{"embeddable":true,"href":"https:\/\/13.com.ar\/index.php\/wp-json\/wp\/v2\/comments?post=3567"}],"version-history":[{"count":0,"href":"https:\/\/13.com.ar\/index.php\/wp-json\/wp\/v2\/posts\/3567\/revisions"}],"wp:featuredmedia":[{"embeddable":true,"href":"https:\/\/13.com.ar\/index.php\/wp-json\/wp\/v2\/media\/3377"}],"wp:attachment":[{"href":"https:\/\/13.com.ar\/index.php\/wp-json\/wp\/v2\/media?parent=3567"}],"wp:term":[{"taxonomy":"category","embeddable":true,"href":"https:\/\/13.com.ar\/index.php\/wp-json\/wp\/v2\/categories?post=3567"},{"taxonomy":"post_tag","embeddable":true,"href":"https:\/\/13.com.ar\/index.php\/wp-json\/wp\/v2\/tags?post=3567"}],"curies":[{"name":"wp","href":"https:\/\/api.w.org\/{rel}","templated":true}]}}