{"id":3559,"date":"2025-02-10T14:28:49","date_gmt":"2025-02-10T17:28:49","guid":{"rendered":"https:\/\/13.com.ar\/index.php\/una-mujer-se-robo-la-peluca-de-la-mona-jimenez-en-el-museo-del-cuarteto-en-cordoba\/"},"modified":"2025-02-10T14:28:49","modified_gmt":"2025-02-10T17:28:49","slug":"una-mujer-se-robo-la-peluca-de-la-mona-jimenez-en-el-museo-del-cuarteto-en-cordoba","status":"publish","type":"post","link":"https:\/\/13.com.ar\/index.php\/una-mujer-se-robo-la-peluca-de-la-mona-jimenez-en-el-museo-del-cuarteto-en-cordoba\/","title":{"rendered":"una mujer se rob\u00f3 la peluca de La Mona Jim\u00e9nez en el Museo del Cuarteto en C\u00f3rdoba"},"content":{"rendered":"<p> <br \/>\n<br \/><img decoding=\"async\" src=\"https:\/\/13.com.ar\/wp-content\/uploads\/2025\/02\/una-mujer-se-robo-la-peluca-de-La-Mona-Jimenez.jpg\" \/><\/p>\n<div>\n<p><strong>Carlos \u201cLa Mona\u201d Jim\u00e9nez <\/strong>mueve multitudes dentro de C\u00f3rdoba. Los fans recorren siempre kil\u00f3metros y kil\u00f3metros para seguir al \u00eddolo cuartero donde vaya. En el Museo de Cuarteto,<strong> el cantante de 74 a\u00f1os tiene su homenaje con un maniqu\u00ed, el cual fue vandalizado<\/strong> en las \u00faltimas horas. Una mujer se hizo la distra\u00edda y, cuando aprovech\u00f3 el momento que nadie la miraba, <strong>le sac\u00f3 la peluca y escap\u00f3. <\/strong><\/p>\n<\/div>\n<div>\n<p>Todo el ins\u00f3lito hecho qued\u00f3 registrado en las c\u00e1maras de seguridad del lugar en el que se puede ver a la ladrona al frente del maniqu\u00ed mirando para todos lados para asegurarse de que no hubiese nadie que la viera. Despu\u00e9s de unos minutos, se subi\u00f3 a la tarima, sac\u00f3 la peluca del maniqu\u00ed y se la llev\u00f3.<\/p>\n<\/div>\n<div>\n<p>El video no tard\u00f3 en hacerse viral y caus\u00f3 indignaci\u00f3n en los fan\u00e1ticos del artista cordob\u00e9s, quienes repudiaron el robo y pidieron que devuelva la peluca.<\/p>\n<\/div>\n<div>\n<p>A ese enojo se sum\u00f3 Lorena Jim\u00e9nez, la mism\u00edsima hija de &#8220;La Mona&#8221;, que comparti\u00f3 historias en su cuenta de Instagram y amenaz\u00f3 con hacerle una denuncia a la mujer. &#8220;Tiene varias denuncias. As\u00ed que ma\u00f1ana voy a hacer la denuncia. Ojal\u00e1 recupere lo que se llev\u00f3 del museo&#8221;, expres\u00f3.<\/p>\n<\/div>\n<div>\n<p>&#8220;Esta mujer rob\u00f3. Si la conocen y devuelve todo, no se denuncia&#8221;, agreg\u00f3 Lorena, adem\u00e1s de afirmar que la mujer que rob\u00f3 la peluca ya fue identificada y que se trata de alguien con un trastorno de salud mental.<\/p>\n<\/div>\n<div>\n<p>La comunidad cuartera est\u00e1 atenta y a la espera de la devoluci\u00f3n del objeto que pertenece al museo y a una exposici\u00f3n hist\u00f3rica.<\/p>\n<\/div>\n<div>\n<p>Este hecho ocurri\u00f3 poco despu\u00e9s del cumplea\u00f1os 74 de &#8220;La Mona&#8221;, quien lo celebr\u00f3 en la sexta edici\u00f3n del Festival Bum Bum con 30 mil personas. En el evento tambi\u00e9n asistieron artistas como Residente, Molotov y Pablo Toscana con Damas Gratis.<\/p>\n<\/div>\n<p><br \/>\n<br \/><a href=\"https:\/\/www.clarin.com\/fama\/insolito-mujer-robo-peluca-mona-jimenez-museo-cuarteto-cordoba_0_uJAioVLf27.html\">Fuente Clarin.com <\/a><\/p>\n","protected":false},"excerpt":{"rendered":"<p>Carlos \u201cLa Mona\u201d Jim\u00e9nez mueve multitudes dentro de C\u00f3rdoba. Los fans recorren siempre kil\u00f3metros y kil\u00f3metros para seguir al \u00eddolo cuartero donde vaya. En el Museo de Cuarteto, el cantante de 74 a\u00f1os tiene su homenaje con un maniqu\u00ed, el cual fue vandalizado en las \u00faltimas horas. Una mujer se hizo la distra\u00edda y, cuando [&hellip;]<\/p>\n","protected":false},"author":1,"featured_media":3560,"comment_status":"open","ping_status":"open","sticky":false,"template":"","format":"standard","meta":{"footnotes":""},"categories":[2],"tags":[572,5584,100,5583,5582,138,17,5581,2828,73],"class_list":["post-3559","post","type-post","status-publish","format-standard","has-post-thumbnail","hentry","category-ultimas-noticias","tag-cordoba","tag-cuarteto","tag-del","tag-jimenez","tag-mona","tag-mujer","tag-museo","tag-peluca","tag-robo","tag-una"],"_links":{"self":[{"href":"https:\/\/13.com.ar\/index.php\/wp-json\/wp\/v2\/posts\/3559","targetHints":{"allow":["GET"]}}],"collection":[{"href":"https:\/\/13.com.ar\/index.php\/wp-json\/wp\/v2\/posts"}],"about":[{"href":"https:\/\/13.com.ar\/index.php\/wp-json\/wp\/v2\/types\/post"}],"author":[{"embeddable":true,"href":"https:\/\/13.com.ar\/index.php\/wp-json\/wp\/v2\/users\/1"}],"replies":[{"embeddable":true,"href":"https:\/\/13.com.ar\/index.php\/wp-json\/wp\/v2\/comments?post=3559"}],"version-history":[{"count":0,"href":"https:\/\/13.com.ar\/index.php\/wp-json\/wp\/v2\/posts\/3559\/revisions"}],"wp:featuredmedia":[{"embeddable":true,"href":"https:\/\/13.com.ar\/index.php\/wp-json\/wp\/v2\/media\/3560"}],"wp:attachment":[{"href":"https:\/\/13.com.ar\/index.php\/wp-json\/wp\/v2\/media?parent=3559"}],"wp:term":[{"taxonomy":"category","embeddable":true,"href":"https:\/\/13.com.ar\/index.php\/wp-json\/wp\/v2\/categories?post=3559"},{"taxonomy":"post_tag","embeddable":true,"href":"https:\/\/13.com.ar\/index.php\/wp-json\/wp\/v2\/tags?post=3559"}],"curies":[{"name":"wp","href":"https:\/\/api.w.org\/{rel}","templated":true}]}}