{"id":3557,"date":"2025-02-10T14:25:41","date_gmt":"2025-02-10T17:25:41","guid":{"rendered":"https:\/\/13.com.ar\/index.php\/wanda-nara-se-refirio-a-las-versiones-de-que-ella-y-l-gante-habian-tenido-problemas-con-la-policia-en-cordoba\/"},"modified":"2025-02-10T14:25:41","modified_gmt":"2025-02-10T17:25:41","slug":"wanda-nara-se-refirio-a-las-versiones-de-que-ella-y-l-gante-habian-tenido-problemas-con-la-policia-en-cordoba","status":"publish","type":"post","link":"https:\/\/13.com.ar\/index.php\/wanda-nara-se-refirio-a-las-versiones-de-que-ella-y-l-gante-habian-tenido-problemas-con-la-policia-en-cordoba\/","title":{"rendered":"Wanda Nara se refiri\u00f3 a las versiones de que ella y L-Gante hab\u00edan tenido problemas con la polic\u00eda en C\u00f3rdoba"},"content":{"rendered":"<p> <br \/>\n<\/p>\n<div id=\"cuerpo\">\n<div class=\"sc-80531b6b-0 chRIGJ container-text text-embed\">\n<p>Luego de que <strong>\u00c1ngel de Brito<\/strong> compartiera las versiones que indicaban que <strong>Wanda Nara hab\u00eda estado retenida por la polic\u00eda en C\u00f3rdoba<\/strong>, la medi\u00e1tica rompi\u00f3 el silencio y le contest\u00f3 al periodista. Tambi\u00e9n dio detalles de su fin de semana junto a <strong>L-Gante.<\/strong><\/p>\n<\/div>\n<div class=\"sc-80531b6b-0 chRIGJ container-text text-embed\">\n<p>El pasado fin de semana Wanda Nara y Eli\u00e1n Valenzuela, como es su nombre real, viajaron a la <strong>provincia de C\u00f3rdoba<\/strong> ya que el ten\u00eda una serie de shows pautados en Villa Carlos Paz. <\/p>\n<\/div>\n<div class=\"sc-80531b6b-0 chRIGJ container-text text-embed\">\n<p>En ese contexto, la pareja se mostr\u00f3<strong> muy enamorada<\/strong>. A trav\u00e9s de sus redes sociales, tanto la medi\u00e1tica como el cantante de RKT, compartieron videos bailando, bes\u00e1ndose y abraz\u00e1ndose.<\/p>\n<\/div>\n<div class=\"sc-80531b6b-0 chRIGJ container-text text-embed\">\n<p>Pero, <strong>\u00c1ngel de Brito mostr\u00f3 la otra cara de este viaje<\/strong>. Seg\u00fan un posteo que public\u00f3 el conductor de <em>LAM<\/em> (Am\u00e9rica TV) en su perfil de X (ex Twitter) tanto Wanda como L-Gante habr\u00edan sido retenidos por las autoridades.<\/p>\n<\/div>\n<div class=\"sc-80531b6b-0 chRIGJ container-text text-embed\">\n<p>En un tuit, el periodista se pregunt\u00f3: &#8220;\u00bfQui\u00e9n es m\u00e1s grasa?&#8221; y comparti\u00f3 dos fotos: una de Eugenia &#8220;La China&#8221; Su\u00e1rez y Mauro Icardi en el cumplea\u00f1os de la hija de ella, Magnolia; y la otra, una publicaci\u00f3n de un periodista de C\u00f3rdoba, Nahuel Granja. <\/p>\n<\/div>\n<div class=\"sc-80531b6b-0 chRIGJ container-text text-embed\">\n<p>Dicho posteo aseguraba: &#8220;<strong>Wanda Nara y L-Gante<\/strong>, de nuevo en Villa Carlos Paz, est\u00e1n <strong>retenidos por polic\u00eda Caminera<\/strong> en la autopista C\u00f3rdoba-Carlos Paz <strong>por llevar personas en la caja de la camioneta&#8221;. <\/strong><\/p>\n<\/div>\n<div class=\"sc-80531b6b-0 chRIGJ container-text text-embed\">\n<p>&#8220;Ahora, <strong>la pareja ya se encuentra en el hotel<\/strong> previo a las presentaciones del cantante en C\u00f3rdoba&#8221;, conclu\u00eda esta informaci\u00f3n aportada por Granja. <\/p>\n<\/div>\n<div class=\"sc-198be8ec-0 cynXbu image-embed  image-embed \"><picture class=\"sc-198be8ec-1 kOjRiQ\"><source media=\"(min-width: 975px)\" width=\"720\" height=\"480\" \/><img alt=\"Un periodista revel\u00f3 que Wanda Nara y L-Gante hab\u00edan sido retenidos por la polic\u00eda de C\u00f3rdoba. Cr\u00e9dito: Instagram\" loading=\"lazy\" width=\"720\" height=\"480\" decoding=\"async\" data-nimg=\"1\" style=\"color:transparent\" src=\"https:\/\/13.com.ar\/wp-content\/uploads\/2025\/02\/Wanda-Nara-se-refirio-a-las-versiones-de-que-ella.jpg\"\/><span class=\"epigraphe\">Un periodista revel\u00f3 que Wanda Nara y L-Gante hab\u00edan sido retenidos por la polic\u00eda de C\u00f3rdoba. Cr\u00e9dito: Instagram<\/span><span class=\"bkg\"\/><span class=\"picture-open\"><button class=\"open-image\" aria-label=\"Open Image\"\/><\/span><\/picture><\/div>\n<div class=\"sc-80531b6b-0 chRIGJ container-text text-embed\">\n<p>Lejos de quedarse callada, Wanda sali\u00f3 <strong>r\u00e1pidamente a desmentir estas versiones<\/strong>. A trav\u00e9s de X, la medi\u00e1tica le contest\u00f3 a De Brito: &#8220;Lamento contradecirte, pero<strong> no sal\u00ed del hotel en todo el d\u00eda. Estamos con amigos y familia&#8221;. <\/strong><\/p>\n<\/div>\n<div class=\"sc-198be8ec-0 cynXbu image-embed  image-embed \"><picture class=\"sc-198be8ec-1 kOjRiQ\"><source media=\"(min-width: 975px)\" width=\"720\" height=\"480\" \/><img alt=\"Wanda Nara contest\u00f3 las versiones replicadas por \u00c1ngel de Brito. Cr\u00e9dito: Twitter\" loading=\"lazy\" width=\"720\" height=\"480\" decoding=\"async\" data-nimg=\"1\" style=\"color:transparent\" src=\"https:\/\/13.com.ar\/wp-content\/uploads\/2025\/02\/1739208341_315_Wanda-Nara-se-refirio-a-las-versiones-de-que-ella.jpg\"\/><span class=\"epigraphe\">Wanda Nara contest\u00f3 las versiones replicadas por \u00c1ngel de Brito. Cr\u00e9dito: Twitter<\/span><span class=\"bkg\"\/><span class=\"picture-open\"><button class=\"open-image\" aria-label=\"Open Image\"\/><\/span><\/picture><\/div>\n<div class=\"sc-80531b6b-0 chRIGJ container-text text-embed\">\n<p>Luego, la conductora de <em>Bake Off Famosos <\/em>(Telefe) subi\u00f3 fragmentos de las presentaciones de L-Gante en Villa Carlos Paz, <strong>una rom\u00e1ntica foto en la pileta con su novio<\/strong> y por \u00faltimo, un video bailando la canci\u00f3n <em>Ocho Cuarenta<\/em> con el m\u00fasico.<\/p>\n<\/div>\n<div class=\"sc-198be8ec-0 cynXbu image-embed  image-embed \"><picture class=\"sc-198be8ec-1 kOjRiQ\"><source media=\"(min-width: 975px)\" width=\"720\" height=\"480\" \/><img alt=\"La rom\u00e1ntica foto de Wanda Nara y L-Gante. Cr\u00e9dito: Instagram\" loading=\"lazy\" width=\"720\" height=\"480\" decoding=\"async\" data-nimg=\"1\" style=\"color:transparent\" src=\"https:\/\/13.com.ar\/wp-content\/uploads\/2025\/02\/1739208341_663_Wanda-Nara-se-refirio-a-las-versiones-de-que-ella.jpg\"\/><span class=\"epigraphe\">La rom\u00e1ntica foto de Wanda Nara y L-Gante. Cr\u00e9dito: Instagram<\/span><span class=\"bkg\"\/><span class=\"picture-open\"><button class=\"open-image\" aria-label=\"Open Image\"\/><\/span><\/picture><\/div>\n<div class=\"sc-80531b6b-0 chRIGJ container-text text-embed\">\n<p>Llam\u00f3 la atenci\u00f3n la elecci\u00f3n del cl\u00e1sico tema de Rodrigo para musicalizar la publicaci\u00f3n, ya que la letra del cuarteto comienza diciendo: <strong>&#8220;Ella multimillonaria, y del m\u00e1s alto nivel&#8230;. Este vago atorrante, que nunca tuvo un cospel&#8221;. <\/strong><\/p>\n<\/div>\n<div class=\"sc-ad4aedf2-0 dPPgNJ border-video video-embed horizontal border-video video-embed horizontal\">\n<div class=\"sc-ad4aedf2-1 hnFuni videoText videoText\">\n<h2>Video<\/h2>\n<p>El video de Wanda Nara y L-Gante a los besos en un hotel<\/p>\n<\/div>\n<\/div>\n<p><h2>El enojo de Wanda Nara contra Mauro Icardi por ir al cumplea\u00f1os de la hija de la China Su\u00e1rez<\/h2>\n<\/p>\n<div class=\"sc-80531b6b-0 chRIGJ container-text text-embed\">\n<p>En medio de los festejos de Magnolia, la hija de la actriz y Benjam\u00edn Vicu\u00f1a, la medi\u00e1tica se despach\u00f3 desde C\u00f3rdoba contra su ex marido. <\/p>\n<\/div>\n<div class=\"sc-80531b6b-0 chRIGJ container-text text-embed\">\n<p>A trav\u00e9s de un extenso comunicado que public\u00f3 en su perfil de X (ex Twitter), la conductora de <em>Bake Off Famosos<\/em> (Telefe) apunt\u00f3 contra el futbolista por<strong> haber faltado al cumplea\u00f1os de su hija Francesca<\/strong> alegando &#8220;problemas de agenda&#8221;, pero <strong>haber asistido al de la hija de su actual pareja.<\/strong><\/p>\n<\/div>\n<div class=\"sc-198be8ec-0 cynXbu image-embed  image-embed \"><picture class=\"sc-198be8ec-1 kOjRiQ\"><source media=\"(min-width: 975px)\" width=\"720\" height=\"480\" \/><img alt=\"Mauro Icardi en el festejo de cumplea\u00f1os de la hija de la China Su\u00e1rez. Foto: Instagram\" loading=\"lazy\" width=\"720\" height=\"480\" decoding=\"async\" data-nimg=\"1\" style=\"color:transparent\" src=\"https:\/\/13.com.ar\/wp-content\/uploads\/2025\/02\/1739208341_482_Wanda-Nara-se-refirio-a-las-versiones-de-que-ella.jpg\"\/><span class=\"epigraphe\">Mauro Icardi en el festejo de cumplea\u00f1os de la hija de la China Su\u00e1rez. Foto: Instagram<\/span><span class=\"bkg\"\/><span class=\"picture-open\"><button class=\"open-image\" aria-label=\"Open Image\"\/><\/span><\/picture><\/div>\n<div class=\"sc-80531b6b-0 chRIGJ container-text text-embed\">\n<p>Al comienzo del texto, Wanda reflexion\u00f3 respecto a las actitudes de Icardi: &#8220;\u00bfEl despecho hasta d\u00f3nde te puede llevar? Algunos conviven con mujeres que nunca escuch\u00e9 hablar, peor de alguien avisando previamente que lo har\u00edan para lastimarme. Pufff, <strong>a m\u00ed nada me lastima porque vivo mi vida sin pensar en causarle dolor a nadie&#8221;. <\/strong><\/p>\n<\/div>\n<div class=\"sc-80531b6b-0 chRIGJ container-text text-embed\">\n<p>&#8220;Aclaro, y la Justicia tiene las pruebas, que <strong>no exist\u00eda perimetral en ning\u00fan festejo de mis hijos.<\/strong> El <strong>padre que eligi\u00f3 no venir a los 3 cumplea\u00f1os<\/strong> de sus hijos fue por su elecci\u00f3n y consejos de su nuevo entorno&#8221;, explic\u00f3 la hermana de Zaira Nara en un posteo de Twitter.<\/p>\n<\/div>\n<div class=\"sc-198be8ec-0 cynXbu image-embed  image-embed \"><picture class=\"sc-198be8ec-1 kOjRiQ\"><source media=\"(min-width: 975px)\" width=\"720\" height=\"480\" \/><img alt=\"Wanda Nara fulmin\u00f3 a Mauro Icardi por faltar a los cumplea\u00f1os de sus hijos pero ir al de Magnolia. Foto: Instagram\" loading=\"lazy\" width=\"720\" height=\"480\" decoding=\"async\" data-nimg=\"1\" style=\"color:transparent\" src=\"https:\/\/13.com.ar\/wp-content\/uploads\/2025\/02\/1739208341_73_Wanda-Nara-se-refirio-a-las-versiones-de-que-ella.jpg\"\/><span class=\"epigraphe\">Wanda Nara fulmin\u00f3 a Mauro Icardi por faltar a los cumplea\u00f1os de sus hijos pero ir al de Magnolia. Foto: Instagram<\/span><span class=\"bkg\"\/><span class=\"picture-open\"><button class=\"open-image\" aria-label=\"Open Image\"\/><\/span><\/picture><\/div>\n<div class=\"sc-80531b6b-0 chRIGJ container-text text-embed\">\n<p>Y al finalizar, en ese mismo escrito apunt\u00f3 contra la China Su\u00e1rez: &#8220;<strong>Su nueva compa\u00f1\u00eda le dej\u00f3 un recuerdo a mis hijas&#8230; que el padre s\u00ed tuvo tiempo en la agenda para las dos celebraciones de su hija<\/strong>. Gracias, est\u00e1s haciendo todo para que mis hijas te respeten y te quieran el d\u00eda de ma\u00f1ana&#8230; innecesario pero evidentemente sigue buscando el dolor en mis hijas. <strong>Yo seguir\u00e9 siendo la leona que defiende a sus hijas<\/strong>&#8220;.<\/p>\n<\/div>\n<\/div>\n<p><br \/>\n<br \/><a href=\"https:\/\/www.clarin.com\/fama\/wanda-nara-refirio-versiones-l-gante-problemas-policia-cordoba_0_qk4HTg5hjt.html\">Fuente Clarin.com <\/a><\/p>\n","protected":false},"excerpt":{"rendered":"<p>Luego de que \u00c1ngel de Brito compartiera las versiones que indicaban que Wanda Nara hab\u00eda estado retenida por la polic\u00eda en C\u00f3rdoba, la medi\u00e1tica rompi\u00f3 el silencio y le contest\u00f3 al periodista. Tambi\u00e9n dio detalles de su fin de semana junto a L-Gante. El pasado fin de semana Wanda Nara y Eli\u00e1n Valenzuela, como es [&hellip;]<\/p>\n","protected":false},"author":1,"featured_media":3558,"comment_status":"open","ping_status":"open","sticky":false,"template":"","format":"standard","meta":{"footnotes":""},"categories":[2],"tags":[18,572,2895,2944,48,322,315,1726,4330,3652,5580,3667,314],"class_list":["post-3557","post","type-post","status-publish","format-standard","has-post-thumbnail","hentry","category-ultimas-noticias","tag-con","tag-cordoba","tag-ella","tag-habian","tag-las","tag-lgante","tag-nara","tag-policia","tag-problemas","tag-refirio","tag-tenido","tag-versiones","tag-wanda"],"_links":{"self":[{"href":"https:\/\/13.com.ar\/index.php\/wp-json\/wp\/v2\/posts\/3557","targetHints":{"allow":["GET"]}}],"collection":[{"href":"https:\/\/13.com.ar\/index.php\/wp-json\/wp\/v2\/posts"}],"about":[{"href":"https:\/\/13.com.ar\/index.php\/wp-json\/wp\/v2\/types\/post"}],"author":[{"embeddable":true,"href":"https:\/\/13.com.ar\/index.php\/wp-json\/wp\/v2\/users\/1"}],"replies":[{"embeddable":true,"href":"https:\/\/13.com.ar\/index.php\/wp-json\/wp\/v2\/comments?post=3557"}],"version-history":[{"count":0,"href":"https:\/\/13.com.ar\/index.php\/wp-json\/wp\/v2\/posts\/3557\/revisions"}],"wp:featuredmedia":[{"embeddable":true,"href":"https:\/\/13.com.ar\/index.php\/wp-json\/wp\/v2\/media\/3558"}],"wp:attachment":[{"href":"https:\/\/13.com.ar\/index.php\/wp-json\/wp\/v2\/media?parent=3557"}],"wp:term":[{"taxonomy":"category","embeddable":true,"href":"https:\/\/13.com.ar\/index.php\/wp-json\/wp\/v2\/categories?post=3557"},{"taxonomy":"post_tag","embeddable":true,"href":"https:\/\/13.com.ar\/index.php\/wp-json\/wp\/v2\/tags?post=3557"}],"curies":[{"name":"wp","href":"https:\/\/api.w.org\/{rel}","templated":true}]}}