{"id":3555,"date":"2025-02-10T14:22:54","date_gmt":"2025-02-10T17:22:54","guid":{"rendered":"https:\/\/13.com.ar\/index.php\/un-semillero-argentino-lanzo-su-nueva-marca-de-semillas-de-maiz\/"},"modified":"2025-02-10T14:22:54","modified_gmt":"2025-02-10T17:22:54","slug":"un-semillero-argentino-lanzo-su-nueva-marca-de-semillas-de-maiz","status":"publish","type":"post","link":"https:\/\/13.com.ar\/index.php\/un-semillero-argentino-lanzo-su-nueva-marca-de-semillas-de-maiz\/","title":{"rendered":"Un semillero argentino lanz\u00f3 su nueva marca de semillas de ma\u00edz"},"content":{"rendered":"<p> <br \/>\n<\/p>\n<div id=\"cuerpo\">\n<div class=\"sc-80531b6b-0 chRIGJ container-text text-embed\">\n<p>La expectativa que gener\u00f3 una de las novedades m\u00e1s importantes de los \u00faltimos a\u00f1os dentro del mercados maicero argentino se hizo realidad: GDM present\u00f3 <strong>Supra Semillas<\/strong>, su nueva marca de ma\u00edz.<\/p>\n<\/div>\n<div class=\"sc-80531b6b-0 chRIGJ container-text text-embed\">\n<p>Supra nace a partir de la adquisici\u00f3n que GDM (Grupo DonMario) hizo del negocio de ma\u00edz a KWS en Sudam\u00e9rica (Argentina, Uruguay, Paraguay y Brasil) y que oficializ\u00f3 en agosto de 2024.<\/p>\n<\/div>\n<div class=\"sc-80531b6b-0 chRIGJ container-text text-embed\">\n<p>Seg\u00fan el comunicado oficial, la uni\u00f3n de ambas empresas, con una identidad de trabajo, cultura y valores similares qued\u00f3 reflejada en el origen del nombre: Supra implica el<strong> esp\u00edritu de superaci\u00f3n y resultados de excelencia en el desarrollo de h\u00edbridos de ma\u00edz<\/strong>, entendiendo las necesidades de los productores.<\/p>\n<\/div>\n<div class=\"sc-80531b6b-0 chRIGJ container-text text-embed\">\n<p>En referencia al negocio, <strong>Gonzalo Uranga<\/strong>, L\u00edder de Negocio para Latinoam\u00e9rica Sur de GDM, expres\u00f3 los objetivos clave de la nueva marca, alineados al \u201cADN\u201d de GDM y en consonancia tambi\u00e9n con aquella decisi\u00f3n estrat\u00e9gica de adquirir el negocio de ma\u00edz de KWS.<\/p>\n<\/div>\n<div class=\"sc-80531b6b-0 chRIGJ container-text text-embed\">\n<p>\u201cTodos los d\u00edas, nuestros equipos trabajan con un<strong> \u00fanico foco<\/strong>: poder ofrecerle al productor soluciones de excelencia que resuelvan sus crecientes desaf\u00edos en el campo\u201d, manifest\u00f3 Uranga.<\/p>\n<\/div>\n<div class=\"sc-80531b6b-0 chRIGJ container-text text-embed\">\n<p>Al respecto, agreg\u00f3, haciendo un poco de historia: &#8220;Nuestro recorrido con el cultivo de ma\u00edz comenz\u00f3 hace ya varias d\u00e9cadas con un negocio de distribuci\u00f3n en Argentina. Por ahora, el final de ese recorrido, en el que hubo muchos otros hitos, se consolid\u00f3 el a\u00f1o pasado con la adquisici\u00f3n del negocio de ma\u00edz de KWS en Sudam\u00e9rica y, hoy, dando otro paso m\u00e1s con el lanzamiento de Supra\u201d.<\/p>\n<\/div>\n<div class=\"sc-80531b6b-0 chRIGJ container-text text-embed\">\n<p>Saliendo de los principales aspectos del negocio,<strong> Alejandro Garc\u00eda<\/strong>, Gerente Ejecutivo Comercial de Ma\u00edz, admiti\u00f3: \u201cHoy no se trata solo de un lanzamiento, sino<strong> se trata de un compromiso<\/strong>. Un compromiso con los productores que est\u00e1 basado en la mejora, productividad, posicionamiento, servicios y tecnolog\u00eda\u201d.<\/p>\n<\/div>\n<div class=\"sc-198be8ec-0 cynXbu image-embed  image-embed \"><picture class=\"sc-198be8ec-1 kOjRiQ\"><source media=\"(min-width: 975px)\" width=\"720\" height=\"480\" \/><img alt=\"De izq. a der., Diego Peydro (periodista), Gonzalo Uranga y Alejandro Garc\u00eda.\" loading=\"lazy\" width=\"720\" height=\"480\" decoding=\"async\" data-nimg=\"1\" style=\"color:transparent\" src=\"https:\/\/13.com.ar\/wp-content\/uploads\/2025\/02\/Un-semillero-argentino-lanzo-su-nueva-marca-de-semillas-de.jpg\"\/><span class=\"epigraphe\">De izq. a der., Diego Peydro (periodista), Gonzalo Uranga y Alejandro Garc\u00eda.<\/span><span class=\"bkg\"\/><span class=\"picture-open\"><button class=\"open-image\" aria-label=\"Open Image\"\/><\/span><\/picture><\/div>\n<div class=\"sc-80531b6b-0 chRIGJ container-text text-embed\">\n<p>De esta manera, el directivo se apoy\u00f3 en los principales aspectos que, actualmente, respaldan a Supra.<\/p>\n<\/div>\n<div class=\"sc-80531b6b-0 chRIGJ container-text text-embed\">\n<p>\u201c<strong>GDM invierte m\u00e1s del 15% de su facturaci\u00f3n en investigaci\u00f3n y desarrollo<\/strong>. Contamos con dos importantes programas de mejoramiento gen\u00e9tico de ma\u00edz en Argentina y una extendida red de comercializaci\u00f3n de productos. Adem\u00e1s, reconocemos nuestro liderazgo en el mercado de silo y, ahora, estamos tras el desafiante trabajo de seguir creciendo en el mercado de h\u00edbridos gran\u00edferos\u201d, detall\u00f3 y a\u00f1adi\u00f3: \u201cEl eslogan de Supra, En el campo con vos, resume este compromiso de manera simple e inequ\u00edvoca&#8221;.<\/p>\n<\/div>\n<p><h2>El lanzamiento comercial<\/h2>\n<\/p>\n<div class=\"sc-80531b6b-0 chRIGJ container-text text-embed\">\n<p>Respecto a las primeras acciones y el canal comercial de Supra Semillas y justamente en la previa del primer lanzamiento comercial de la marca, <strong>Santiago Felizia<\/strong>, gerente Nacional de Ventas de Supra, coment\u00f3: \u201cTenemos desarrollado un <strong>canal de ventas muy fuerte<\/strong> que nos permiti\u00f3 crecer en estos \u00faltimos a\u00f1os y que es una excelente base para lo que viene. A partir de ahora, quien era distribuidor KWS comercializar\u00e1 Supra, a trav\u00e9s de la Red Expertos\u201d.<\/p>\n<\/div>\n<div class=\"sc-80531b6b-0 chRIGJ container-text text-embed\">\n<p>Entre las acciones pr\u00f3ximas de imagen de Supra Semillas, <strong>Laura L\u00e1zara<\/strong>, Gerente de Marketing de GDM, cont\u00f3 que, \u201cestamos comenzamos el proceso de cambio de imagen con nuestra \u2018Red Expertos\u2019, as\u00ed como tambi\u00e9n tendremos activa participaci\u00f3n en jornadas a campo y congresos por delante. Sin embargo, la principal novedad es que los esperamos a todos en Expoagro, donde GDM participar\u00e1 con todas sus marcas, y Supra Semillas con su plot exclusivo\u201d.<\/p>\n<\/div>\n<div class=\"sc-80531b6b-0 chRIGJ container-text text-embed\">\n<p>Asimismo, L\u00e1zara adelant\u00f3: \u201cPr\u00f3ximamente, estaremos presentando y <strong>agregando dos h\u00edbridos nuevos a nuestro portfolio <\/strong>que ser\u00e1n la novedad de la campa\u00f1a 2025\/26 y los primeros con la nueva identificaci\u00f3n Supra\u201d, afirm\u00f3 el gerente.<\/p>\n<\/div>\n<div class=\"sc-80531b6b-0 chRIGJ container-text text-embed\">\n<p>A modo de cierre, Garc\u00eda tom\u00f3 las \u00faltimas palabras y en un mensaje dirigido, dijo: \u201cA partir de ahora, todos trabajaremos para que recuerden, valoren y recomienden Supra Semillas ya que, al final del d\u00eda, una marca no es lo que decimos de ella, sino lo que las personas dicen cuando nosotros estamos en el campo\u201d.<\/p>\n<\/div>\n<\/div>\n<p><br \/>\n<br \/><a href=\"https:\/\/www.clarin.com\/rural\/semillero-argentino-lanzo-nueva-marca-semillas-maiz_0_gWMSU5lPl7.html\">Fuente Clarin.com <\/a><\/p>\n","protected":false},"excerpt":{"rendered":"<p>La expectativa que gener\u00f3 una de las novedades m\u00e1s importantes de los \u00faltimos a\u00f1os dentro del mercados maicero argentino se hizo realidad: GDM present\u00f3 Supra Semillas, su nueva marca de ma\u00edz. Supra nace a partir de la adquisici\u00f3n que GDM (Grupo DonMario) hizo del negocio de ma\u00edz a KWS en Sudam\u00e9rica (Argentina, Uruguay, Paraguay y [&hellip;]<\/p>\n","protected":false},"author":1,"featured_media":3556,"comment_status":"open","ping_status":"open","sticky":false,"template":"","format":"standard","meta":{"footnotes":""},"categories":[2],"tags":[508,883,1310,1238,19,5579,5578],"class_list":["post-3555","post","type-post","status-publish","format-standard","has-post-thumbnail","hentry","category-ultimas-noticias","tag-argentino","tag-lanzo","tag-maiz","tag-marca","tag-nueva","tag-semillas","tag-semillero"],"_links":{"self":[{"href":"https:\/\/13.com.ar\/index.php\/wp-json\/wp\/v2\/posts\/3555","targetHints":{"allow":["GET"]}}],"collection":[{"href":"https:\/\/13.com.ar\/index.php\/wp-json\/wp\/v2\/posts"}],"about":[{"href":"https:\/\/13.com.ar\/index.php\/wp-json\/wp\/v2\/types\/post"}],"author":[{"embeddable":true,"href":"https:\/\/13.com.ar\/index.php\/wp-json\/wp\/v2\/users\/1"}],"replies":[{"embeddable":true,"href":"https:\/\/13.com.ar\/index.php\/wp-json\/wp\/v2\/comments?post=3555"}],"version-history":[{"count":0,"href":"https:\/\/13.com.ar\/index.php\/wp-json\/wp\/v2\/posts\/3555\/revisions"}],"wp:featuredmedia":[{"embeddable":true,"href":"https:\/\/13.com.ar\/index.php\/wp-json\/wp\/v2\/media\/3556"}],"wp:attachment":[{"href":"https:\/\/13.com.ar\/index.php\/wp-json\/wp\/v2\/media?parent=3555"}],"wp:term":[{"taxonomy":"category","embeddable":true,"href":"https:\/\/13.com.ar\/index.php\/wp-json\/wp\/v2\/categories?post=3555"},{"taxonomy":"post_tag","embeddable":true,"href":"https:\/\/13.com.ar\/index.php\/wp-json\/wp\/v2\/tags?post=3555"}],"curies":[{"name":"wp","href":"https:\/\/api.w.org\/{rel}","templated":true}]}}