{"id":35421,"date":"2025-06-19T20:27:34","date_gmt":"2025-06-19T23:27:34","guid":{"rendered":"https:\/\/13.com.ar\/index.php\/cinco-argentinos-fueron-premiados-por-la-organizacion-de-estados-iberoamericanos\/"},"modified":"2025-06-19T20:27:34","modified_gmt":"2025-06-19T23:27:34","slug":"cinco-argentinos-fueron-premiados-por-la-organizacion-de-estados-iberoamericanos","status":"publish","type":"post","link":"https:\/\/13.com.ar\/index.php\/cinco-argentinos-fueron-premiados-por-la-organizacion-de-estados-iberoamericanos\/","title":{"rendered":"Cinco argentinos fueron premiados por la Organizaci\u00f3n de Estados Iberoamericanos"},"content":{"rendered":"<p> <br \/>\n<br \/><img decoding=\"async\" src=\"https:\/\/13.com.ar\/wp-content\/uploads\/2025\/06\/Cinco-argentinos-fueron-premiados-por-la-Organizacion-de-Estados-Iberoamericanos.jpg\" \/><\/p>\n<div id=\"element-body-0\">\n<p>La Organizaci\u00f3n de Estados Iberoamericanos para la Educaci\u00f3n, la Ciencia y la Cultura (OEI) celebr\u00f3 este jueves la entrega de los Premios Iberoamericanos de Cooperaci\u00f3n para el Desarrollo, donde fueron distinguidos cinco argentinos y tres espa\u00f1oles.<\/p>\n<\/div>\n<div id=\"element-body-1\">\n<p>Se trata de la primera edici\u00f3n de los premios que reconoce a personas e instituciones por su trayectoria y compromiso con el desarrollo de la regi\u00f3n en \u00e1mbitos clave como la educaci\u00f3n, la ciencia, la cultura, los derechos humanos y la integraci\u00f3n regional.<\/p>\n<\/div>\n<div id=\"element-body-2\">\n<p>En la categor\u00eda de <strong>Cooperaci\u00f3n Regional<\/strong>, se entregaron distinciones a <strong>Christian Asinelli<\/strong>, vicepresidente de Programaci\u00f3n Estrat\u00e9gica del banco de desarrollo de Am\u00e9rica Latina (CAF), por su rol clave en la planificaci\u00f3n de pol\u00edticas p\u00fablicas regionales de integraci\u00f3n; y a Amador S\u00e1nchez Rico, diplom\u00e1tico y actual embajador de la Uni\u00f3n Europea en la Argentina, por su labor sostenida en el fortalecimiento del di\u00e1logo y la cooperaci\u00f3n entre Am\u00e9rica Latina y Europa.<\/p>\n<\/div>\n<div id=\"element-body-3\">\n<p>Por su parte, en la categor\u00eda de <strong>Educaci\u00f3n y Formaci\u00f3n Profesional<\/strong>, fue distinguido <strong>Gerardo Mart\u00ednez<\/strong>, secretario general de la UOCRA, por su trabajo sostenido en la capacitaci\u00f3n de trabajadores y su impulso a la formaci\u00f3n como motor de inclusi\u00f3n laboral.<\/p>\n<\/div>\n<div id=\"element-body-4\">\n<p>Tambi\u00e9n recibi\u00f3 el galard\u00f3n la Fundaci\u00f3n Entreculturas \u2013 Fe y Alegr\u00eda, representada por su director Mart\u00edn Iriberri, por su labor educativa transformadora en contextos de alta vulnerabilidad a trav\u00e9s de proyectos comunitarios.<\/p>\n<\/div>\n<div id=\"element-body-5\">\n<p>En la categor\u00eda de <strong>Educaci\u00f3n Superior<\/strong>, la Fundaci\u00f3n Ortega-Mara\u00f1\u00f3n, anfitriona de la ceremonia y representada por su directora Luc\u00eda Sala, fue reconocida por su destacada labor acad\u00e9mica, su promoci\u00f3n de la cultura humanista y su estrecha relaci\u00f3n con Am\u00e9rica Latina a lo largo de su historia.<\/p>\n<\/div>\n<div id=\"element-body-6\">\n<p>En tanto, en la categor\u00eda de <strong>Educaci\u00f3n y Productividad<\/strong>, fueron premiados <strong>Jos\u00e9 Urtubey<\/strong>, abogado y director de Celulosa Argentina, por su compromiso con la articulaci\u00f3n entre el sector privado y la educaci\u00f3n t\u00e9cnica como camino hacia un desarrollo m\u00e1s equitativo; y <strong>Marcelo Figueiras<\/strong>, presidente del laboratorio Richmond, por su impulso a la innovaci\u00f3n, la producci\u00f3n nacional y el fortalecimiento de la relaci\u00f3n entre ciencia, educaci\u00f3n y empresa.<\/p>\n<\/div>\n<div id=\"element-body-7\">\n<p>Otro categor\u00eda fue la de<strong> Educaci\u00f3n en Derechos Humanos, Democracia e Igualdad<\/strong>, donde fue premiado el <strong>padre Ignacio \u201cNacho\u201d Bagattini<\/strong> por su trayectoria en defensa de los derechos humanos y su trabajo territorial con comunidades vulnerables, promoviendo la inclusi\u00f3n educativa y social.<\/p>\n<\/div>\n<div id=\"element-body-8\">\n<p>La ceremonia cont\u00f3 con la presencia del secretario general de la OEI, Mariano Jabonero, quien record\u00f3 que este premio busca &#8220;reconocer a aquellos y a aquellas que han contribuido a este proceso de construcci\u00f3n positiva de la OEI en la cooperaci\u00f3n regional, porque esto no se hace solo&#8221;.<\/p>\n<\/div>\n<div id=\"element-body-9\">\n<p>Tambi\u00e9n estuvo presente el secretario de Estado de Educaci\u00f3n de Espa\u00f1a, Abelardo de la Rosa, quien reconoci\u00f3 la &#8220;doble funci\u00f3n&#8221; del premio: &#8220;reconocer trayectorias, m\u00e9ritos y avances&#8221; y mostrar &#8220;que la OEI marca un modelo&#8221;, as\u00ed como el secretario general de la SEGIB, Andr\u00e9s Allamand.<\/p>\n<\/div>\n<p><br \/>\n<br \/><a href=\"https:\/\/www.clarin.com\/sociedad\/argentinos-premiados-organizacion-estados-iberoamericanos_0_SsHmhewPQj.html\">Fuente Clarin.com <\/a><\/p>\n","protected":false},"excerpt":{"rendered":"<p>La Organizaci\u00f3n de Estados Iberoamericanos para la Educaci\u00f3n, la Ciencia y la Cultura (OEI) celebr\u00f3 este jueves la entrega de los Premios Iberoamericanos de Cooperaci\u00f3n para el Desarrollo, donde fueron distinguidos cinco argentinos y tres espa\u00f1oles. Se trata de la primera edici\u00f3n de los premios que reconoce a personas e instituciones por su trayectoria y [&hellip;]<\/p>\n","protected":false},"author":1,"featured_media":35422,"comment_status":"open","ping_status":"open","sticky":false,"template":"","format":"standard","meta":{"footnotes":""},"categories":[2],"tags":[671,567,1737,55,21722,4080,142,12223],"class_list":["post-35421","post","type-post","status-publish","format-standard","has-post-thumbnail","hentry","category-ultimas-noticias","tag-argentinos","tag-cinco","tag-estados","tag-fueron","tag-iberoamericanos","tag-organizacion","tag-por","tag-premiados"],"_links":{"self":[{"href":"https:\/\/13.com.ar\/index.php\/wp-json\/wp\/v2\/posts\/35421","targetHints":{"allow":["GET"]}}],"collection":[{"href":"https:\/\/13.com.ar\/index.php\/wp-json\/wp\/v2\/posts"}],"about":[{"href":"https:\/\/13.com.ar\/index.php\/wp-json\/wp\/v2\/types\/post"}],"author":[{"embeddable":true,"href":"https:\/\/13.com.ar\/index.php\/wp-json\/wp\/v2\/users\/1"}],"replies":[{"embeddable":true,"href":"https:\/\/13.com.ar\/index.php\/wp-json\/wp\/v2\/comments?post=35421"}],"version-history":[{"count":0,"href":"https:\/\/13.com.ar\/index.php\/wp-json\/wp\/v2\/posts\/35421\/revisions"}],"wp:featuredmedia":[{"embeddable":true,"href":"https:\/\/13.com.ar\/index.php\/wp-json\/wp\/v2\/media\/35422"}],"wp:attachment":[{"href":"https:\/\/13.com.ar\/index.php\/wp-json\/wp\/v2\/media?parent=35421"}],"wp:term":[{"taxonomy":"category","embeddable":true,"href":"https:\/\/13.com.ar\/index.php\/wp-json\/wp\/v2\/categories?post=35421"},{"taxonomy":"post_tag","embeddable":true,"href":"https:\/\/13.com.ar\/index.php\/wp-json\/wp\/v2\/tags?post=35421"}],"curies":[{"name":"wp","href":"https:\/\/api.w.org\/{rel}","templated":true}]}}