{"id":35411,"date":"2025-06-19T19:14:32","date_gmt":"2025-06-19T22:14:32","guid":{"rendered":"https:\/\/13.com.ar\/index.php\/la-justicia-obliga-a-los-herederos-de-francisco-franco-a-devolver-dos-estatuas-apropiadas\/"},"modified":"2025-06-19T19:14:32","modified_gmt":"2025-06-19T22:14:32","slug":"la-justicia-obliga-a-los-herederos-de-francisco-franco-a-devolver-dos-estatuas-apropiadas","status":"publish","type":"post","link":"https:\/\/13.com.ar\/index.php\/la-justicia-obliga-a-los-herederos-de-francisco-franco-a-devolver-dos-estatuas-apropiadas\/","title":{"rendered":"La Justicia obliga a los herederos de Francisco Franco a devolver dos estatuas apropiadas"},"content":{"rendered":"<p> <br \/>\n<br \/><img decoding=\"async\" src=\"https:\/\/13.com.ar\/wp-content\/uploads\/2025\/06\/La-Justicia-obliga-a-los-herederos-de-Francisco-Franco-a.jpg\" \/><\/p>\n<div id=\"element-body-0\">\n<p>El Tribunal Supremo ha condenado a la familia Franco a <strong>devolver al Ayuntamiento de Santiago de Compostela<\/strong> las <strong>esculturas de Abraham e Isaac<\/strong>, procedentes del P\u00f3rtico de la Gloria de la <strong>catedral <\/strong>compostelana.<\/p>\n<\/div>\n<div id=\"element-body-2\">\n<p>La Sala Civil del alto tribunal ha estimado los recursos de casaci\u00f3n e infracci\u00f3n penal interpuestos por el consistorio de Santiago, <strong>cinco a\u00f1os despu\u00e9s de que apelara  al Supremo<\/strong>.<\/p>\n<\/div>\n<div id=\"element-body-3\">\n<p>Las dos estatuas, <strong>inspiradas en los personajes de Abraham e Isaac<\/strong> del Antiguo Testamento, fueron esculpidas por el Maestre Mateo <strong>en el siglo XII<\/strong> para el P\u00f3rtico de la Gloria de la catedral de Santiago de Compostela, pero acabaron en el Pazo de Meir\u00e1s, <strong>un palacete del que Franco se apropi\u00f3<\/strong>, seg\u00fan una sentencia que oblig\u00f3 a los familiares del dictador a devolver ese inmueble al Estado.<\/p>\n<\/div>\n<div id=\"element-body-4\">\n<p><strong>Los Franco sostienen que son los leg\u00edtimos propietarios<\/strong> de las piezas porque fueron compradas a un particular a trav\u00e9s de un anticuario, sin que, a su juicio, el Ayuntamiento haya probado que sigue siendo el due\u00f1o.<\/p>\n<\/div>\n<div id=\"element-body-6\">\n<p>El Consistorio se remite a un escrito ante notario del 4 de junio de 1948 por el que <strong>el Ayuntamiento compr\u00f3 al conde de Ximonde tres estatuas<\/strong> -dos de ellas, las que son objeto de este enfrentamiento- por 60.000 pesetas, con una cl\u00e1usula que establec\u00eda que<strong> las piezas deb\u00edan estar siempre en el patrimonio art\u00edstico municipal <\/strong>por imposici\u00f3n del conde.<\/p>\n<\/div>\n<div id=\"element-body-8\">\n<p>Sin embargo, el Ayuntamiento explica que <strong>en 1954 las estatuas fueron llevadas al pazo de Meir\u00e1s <\/strong>de la familia Franco, en el municipio de Sada (A Coru\u00f1a), <strong>como un regalo <\/strong>del entonces alcalde, sin acuerdo municipal alguno y de una forma &#8220;oculta, clandestina y delictiva&#8221;.<\/p>\n<\/div>\n<div id=\"element-body-9\">\n<p>Hasta la fecha, la Justicia hab\u00eda respaldado a los Franco en esta cuesti\u00f3n con<strong> dos sentencias a su favor,<\/strong> una primera dictada por el Juzgado de primera instancia n\u00famero 41 de Madrid que fue confirmada en segunda instancia por la Audiencia Provincial de Madrid, al considerar que las estatuas no estaban adecuadamente identificados.<\/p>\n<\/div>\n<div id=\"element-body-10\">\n<p>Pero ahora, el Supremo da la raz\u00f3n al Ayuntamiento al considerar que se ha producido &#8220;un error patente en la valoraci\u00f3n de la prueba&#8221; porque &#8220;la identificaci\u00f3n de las estatuas reivindicadas como las que est\u00e1n en poder de los demandados <strong>es clara y se desprende sin lugar a duda de los documentos aportados <\/strong>y del informe pericial emitido sin posibilidad de duda&#8221;.<\/p>\n<\/div>\n<p><h2>&#8220;Por fin se hace justicia&#8221;.<\/h2>\n<\/p>\n<div id=\"element-body-12\">\n<p>&#8220;Acabamos de recibir en el Concello la resoluci\u00f3n del Tribunal Supremo en la que se condena a los Franco a devolver las dos esculturas rom\u00e1nicas atribu\u00eddas al Mestre Mateo <strong>despu\u00e9s de una larga lucha<\/strong>&#8220;, explic\u00f3 la<strong> alcaldesa compostelana, Goretti Sanmart\u00edn<\/strong>, en un video, antes de celebrar: &#8220;Por fin se hace justicia&#8221;.<\/p>\n<\/div>\n<div id=\"element-body-14\">\n<p>Sanmart\u00edn ha proclamado que hoy &#8220;<strong>es un d\u00eda muy importante, un d\u00eda grande para Santiago <\/strong>y para el conjunto de Galicia porque se hace justicia&#8221;.<\/p>\n<\/div>\n<div id=\"element-body-15\">\n<p>Adem\u00e1s, <strong>puso en valor el trabajo del personal municipal, espec\u00edficamente de la Asesor\u00eda Jur\u00eddica<\/strong> en esta reivindicaci\u00f3n ante la justicia. &#8220;Una lucha en la que la sociedad civil y las personas que trabajan en la memoria hist\u00f3rica denunciaron y <strong>dieron pruebas de como el patrimonio de la familia Franco fue conseguido en base al expolio<\/strong>&#8220;, ha a\u00f1adido.<\/p>\n<\/div>\n<div id=\"element-body-16\">\n<p>El Concello de Santiago <strong>promovi\u00f3 en 2017 una demanda<\/strong> contra los herederos del dictador en la que ejercit\u00f3 una acci\u00f3n reivindicatoria de las dos figuras del P\u00f3rtico de la Gloria.<\/p>\n<\/div>\n<p><br \/>\n<br \/><a href=\"https:\/\/www.clarin.com\/cultura\/justicia-obliga-herederos-francisco-franco-devolver-estatuas-apropiadas_0_WOtphOF6Hv.html\">Fuente Clarin.com <\/a><\/p>\n","protected":false},"excerpt":{"rendered":"<p>El Tribunal Supremo ha condenado a la familia Franco a devolver al Ayuntamiento de Santiago de Compostela las esculturas de Abraham e Isaac, procedentes del P\u00f3rtico de la Gloria de la catedral compostelana. La Sala Civil del alto tribunal ha estimado los recursos de casaci\u00f3n e infracci\u00f3n penal interpuestos por el consistorio de Santiago, cinco [&hellip;]<\/p>\n","protected":false},"author":1,"featured_media":35412,"comment_status":"open","ping_status":"open","sticky":false,"template":"","format":"standard","meta":{"footnotes":""},"categories":[2],"tags":[21717,7159,59,21716,917,3011,11352,964,28,9358],"class_list":["post-35411","post","type-post","status-publish","format-standard","has-post-thumbnail","hentry","category-ultimas-noticias","tag-apropiadas","tag-devolver","tag-dos","tag-estatuas","tag-francisco","tag-franco","tag-herederos","tag-justicia","tag-los","tag-obliga"],"_links":{"self":[{"href":"https:\/\/13.com.ar\/index.php\/wp-json\/wp\/v2\/posts\/35411","targetHints":{"allow":["GET"]}}],"collection":[{"href":"https:\/\/13.com.ar\/index.php\/wp-json\/wp\/v2\/posts"}],"about":[{"href":"https:\/\/13.com.ar\/index.php\/wp-json\/wp\/v2\/types\/post"}],"author":[{"embeddable":true,"href":"https:\/\/13.com.ar\/index.php\/wp-json\/wp\/v2\/users\/1"}],"replies":[{"embeddable":true,"href":"https:\/\/13.com.ar\/index.php\/wp-json\/wp\/v2\/comments?post=35411"}],"version-history":[{"count":0,"href":"https:\/\/13.com.ar\/index.php\/wp-json\/wp\/v2\/posts\/35411\/revisions"}],"wp:featuredmedia":[{"embeddable":true,"href":"https:\/\/13.com.ar\/index.php\/wp-json\/wp\/v2\/media\/35412"}],"wp:attachment":[{"href":"https:\/\/13.com.ar\/index.php\/wp-json\/wp\/v2\/media?parent=35411"}],"wp:term":[{"taxonomy":"category","embeddable":true,"href":"https:\/\/13.com.ar\/index.php\/wp-json\/wp\/v2\/categories?post=35411"},{"taxonomy":"post_tag","embeddable":true,"href":"https:\/\/13.com.ar\/index.php\/wp-json\/wp\/v2\/tags?post=35411"}],"curies":[{"name":"wp","href":"https:\/\/api.w.org\/{rel}","templated":true}]}}