{"id":3539,"date":"2025-02-10T13:38:39","date_gmt":"2025-02-10T16:38:39","guid":{"rendered":"https:\/\/13.com.ar\/index.php\/quien-se-quedaria-con-el-negocio-de-la-automotriz-alemana-en-el-pais\/"},"modified":"2025-02-10T13:38:39","modified_gmt":"2025-02-10T16:38:39","slug":"quien-se-quedaria-con-el-negocio-de-la-automotriz-alemana-en-el-pais","status":"publish","type":"post","link":"https:\/\/13.com.ar\/index.php\/quien-se-quedaria-con-el-negocio-de-la-automotriz-alemana-en-el-pais\/","title":{"rendered":"qui\u00e9n se quedar\u00eda con el negocio de la automotriz alemana en el pa\u00eds"},"content":{"rendered":"<p> <br \/>\n<br \/><img decoding=\"async\" src=\"https:\/\/13.com.ar\/wp-content\/uploads\/2025\/02\/quien-se-quedaria-con-el-negocio-de-la-automotriz-alemana.jpg\" \/><\/p>\n<div>\n<p><strong>La venta de Mercedes-Benz Argentina est\u00e1 cada vez m\u00e1s cerca de cerrarse<\/strong>. <strong>Pablo Peralta<\/strong>, empresario del grupo financiero <strong>ST<\/strong>, suena como el <strong>candidato principal<\/strong>, con <strong>Daniel Herrero<\/strong>, ex CEO de <strong>Toyota Argentina<\/strong>, como socio.<\/p>\n<\/div>\n<div>\n<p>Fuentes de la industria aclararon que <strong>la oferta de<\/strong> <strong>Peralta es por fuera del holding<\/strong> que lidera <strong>Isela Costantini<\/strong> y que en los \u00faltimos a\u00f1os se diversific\u00f3 con la compra de distintas empresas. <\/p>\n<\/div>\n<div>\n<p>Explicaron que tiene que ver con <strong>sus negocios a t\u00edtulo individual<\/strong> como inversor en rubros como energ\u00eda, agro y antes real estate. <strong>Para esta apuesta, sum\u00f3 a Herrero<\/strong>, ejecutivo con amplia trayectoria en el sector.<\/p>\n<\/div>\n<div>\n<p>De concretarse, el acuerdo <strong>marcar\u00eda la salida de la Argentina de la automotriz alemana<\/strong>, que lleg\u00f3 al pa\u00eds en 1951. Consultada al respecto, la automotriz se\u00f1al\u00f3 que \u201cno hace comentarios sobre rumores\u201d. <\/p>\n<\/div>\n<div>\n<p>Fuentes del sector explican que a los empleados no se les comunic\u00f3 nada. En tanto, el <strong>Sindicato de Mec\u00e1nicos y Afines del Transporte Automotor (Smata)<\/strong> hab\u00eda comunicado la semana pasada que <strong>la operaci\u00f3n se cerrar\u00eda en un plazo de 20 d\u00edas<\/strong>.<\/p>\n<\/div>\n<div>\n<p>La transacci\u00f3n incluir\u00eda <strong>el traspaso de la planta de Virrey del Pino<\/strong>, donde se fabrica la <strong>Sprinter <\/strong>desde 1996, y <strong>la licencia para importar y vender autos<\/strong> de alta gama de la marca. <\/p>\n<\/div>\n<div>\n<p>Hasta 2029, est\u00e1 contemplada la producci\u00f3n all\u00ed de <strong>la tercera generaci\u00f3n de la Sprinter<\/strong>, que empez\u00f3 a fabricarse en 2019 para el mercado local y de exportaci\u00f3n. As\u00ed, de cerrarse la transacci\u00f3n, Peralta mantendr\u00eda la operaci\u00f3n en esa instalaci\u00f3n hasta entonces para cumplir con el ciclo de producci\u00f3n del modelo pautado de 10 a\u00f1os.<\/p>\n<\/div>\n<div>\n<p><strong>La planta es la primera que instal\u00f3 Mercedes-Benz fuera de Alemania<\/strong> hace m\u00e1s de 70 a\u00f1os. Pero en los \u00faltimos a\u00f1os, en diversos reportes financieros y asambleas de accionistas, casa matriz dio cuenta de un desempe\u00f1o que no la satisfac\u00eda, con vol\u00famenes menores a los de Europa.<\/p>\n<\/div>\n<div>\n<p>En la industria, explican que <strong>la automotriz mantiene firme su plan de encaminarse hacia la electrificaci\u00f3n<\/strong>. La Sprinter el\u00e9ctrica ya se fabrica, pero los autos el\u00e9ctricos no tienen gran aceptaci\u00f3n a\u00fan en la regi\u00f3n. <\/p>\n<\/div>\n<p><br \/>\n<br \/><a href=\"https:\/\/www.clarin.com\/economia\/venta-mercedes-benz-vez-cerca-cerrarse-quedaria-negocio-automotriz-alemana-pais_0_DhnHO2lZ8O.html\">Fuente Clarin.com <\/a><\/p>\n","protected":false},"excerpt":{"rendered":"<p>La venta de Mercedes-Benz Argentina est\u00e1 cada vez m\u00e1s cerca de cerrarse. Pablo Peralta, empresario del grupo financiero ST, suena como el candidato principal, con Daniel Herrero, ex CEO de Toyota Argentina, como socio. Fuentes de la industria aclararon que la oferta de Peralta es por fuera del holding que lidera Isela Costantini y que [&hellip;]<\/p>\n","protected":false},"author":1,"featured_media":3540,"comment_status":"open","ping_status":"open","sticky":false,"template":"","format":"standard","meta":{"footnotes":""},"categories":[2],"tags":[5562,5561,18,803,134,5560,3],"class_list":["post-3539","post","type-post","status-publish","format-standard","has-post-thumbnail","hentry","category-ultimas-noticias","tag-alemana","tag-automotriz","tag-con","tag-negocio","tag-pais","tag-quedaria","tag-quien"],"_links":{"self":[{"href":"https:\/\/13.com.ar\/index.php\/wp-json\/wp\/v2\/posts\/3539","targetHints":{"allow":["GET"]}}],"collection":[{"href":"https:\/\/13.com.ar\/index.php\/wp-json\/wp\/v2\/posts"}],"about":[{"href":"https:\/\/13.com.ar\/index.php\/wp-json\/wp\/v2\/types\/post"}],"author":[{"embeddable":true,"href":"https:\/\/13.com.ar\/index.php\/wp-json\/wp\/v2\/users\/1"}],"replies":[{"embeddable":true,"href":"https:\/\/13.com.ar\/index.php\/wp-json\/wp\/v2\/comments?post=3539"}],"version-history":[{"count":0,"href":"https:\/\/13.com.ar\/index.php\/wp-json\/wp\/v2\/posts\/3539\/revisions"}],"wp:featuredmedia":[{"embeddable":true,"href":"https:\/\/13.com.ar\/index.php\/wp-json\/wp\/v2\/media\/3540"}],"wp:attachment":[{"href":"https:\/\/13.com.ar\/index.php\/wp-json\/wp\/v2\/media?parent=3539"}],"wp:term":[{"taxonomy":"category","embeddable":true,"href":"https:\/\/13.com.ar\/index.php\/wp-json\/wp\/v2\/categories?post=3539"},{"taxonomy":"post_tag","embeddable":true,"href":"https:\/\/13.com.ar\/index.php\/wp-json\/wp\/v2\/tags?post=3539"}],"curies":[{"name":"wp","href":"https:\/\/api.w.org\/{rel}","templated":true}]}}