{"id":35375,"date":"2025-06-19T17:09:49","date_gmt":"2025-06-19T20:09:49","guid":{"rendered":"https:\/\/13.com.ar\/index.php\/ella-es-la-responsable-directa\/"},"modified":"2025-06-19T17:09:49","modified_gmt":"2025-06-19T20:09:49","slug":"ella-es-la-responsable-directa","status":"publish","type":"post","link":"https:\/\/13.com.ar\/index.php\/ella-es-la-responsable-directa\/","title":{"rendered":"Ella es la responsable directa"},"content":{"rendered":"<p> <br \/>\n<\/p>\n<div id=\"cuerpo\">\n<div class=\"sc-45461e9c-0 eqiBeF container-text text-embed \" id=\"element-body-0\">\n<p>Es el d\u00eda despu\u00e9s de la lectura del veredicto que conden\u00f3 a prisi\u00f3n perpetua para la enfermera Brenda Ag\u00fcero por los homicidios de cinco beb\u00e9s cometidos en 2022 en el Hospital Materno Neonatal de C\u00f3rdoba a trav\u00e9s del suministro de altas dosis de insulina y potasio.<\/p>\n<\/div>\n<div class=\"sc-45461e9c-0 eqiBeF container-text text-embed \" id=\"element-body-1\">\n<p>En la casa de barrio San Nicol\u00e1s, en el noreste de la capital cordobesa, los dos hijos de<strong> Vanessa C\u00e1ceres y Ra\u00fal Calder\u00f3n<\/strong> se ocupan de colgar en un rinc\u00f3n de la cocina uno de los globos que este mi\u00e9rcoles estuvo entre los adornos y carteles que las madres de las v\u00edctimas utilizaron para decorar el frente de los tribunales.<\/p>\n<\/div>\n<div class=\"sc-45461e9c-0 eqiBeF container-text text-embed \" id=\"element-body-2\">\n<p>Camila, la hija mayor del matrimonio, tiene 18 a\u00f1os y Lautaro, el m\u00e1s chico, 12; y en el hilo que sostiene al globo est\u00e1 el nombre de su hermanito, <strong>Francisco, la primera v\u00edctima del Neonatal.<\/strong><\/p>\n<\/div>\n<div class=\"sc-45461e9c-0 eqiBeF container-text text-embed \" id=\"element-body-3\">\n<p>Esta ma\u00f1ana, Vanessa y Ra\u00fal no paran de atender llamadas de los periodistas que quieren saber qu\u00e9 sensaciones tienen despu\u00e9s de conocer el fallo del juicio por jurados que los tuvo casi siempre presentes en las audiencias desde que se inici\u00f3 el 6 de enero pasado.<\/p>\n<\/div>\n<div class=\"sc-98b114a2-0 bkqiHH image-embed  image-embed \" id=\"element-body-4\"><picture class=\"sc-98b114a2-1 jRUlDm\"><source media=\"(min-width: 975px)\" width=\"720\" height=\"480\" \/><img alt=\"Vanessa y su esposo Ra\u00fal Calder\u00f3n en su casa del barrio San Nicol\u00e1s, en C\u00f3rdoba.\" loading=\"lazy\" width=\"720\" height=\"480\" decoding=\"async\" data-nimg=\"1\" style=\"color:transparent\" src=\"https:\/\/13.com.ar\/wp-content\/uploads\/2025\/06\/Ella-es-la-responsable-directa.jpg\"\/><span class=\"epigraphe\">Vanessa y su esposo Ra\u00fal Calder\u00f3n en su casa del barrio San Nicol\u00e1s, en C\u00f3rdoba.<\/span><span class=\"picture-open\"><button class=\"open-image\" aria-label=\"Open Image\"\/><\/span><\/picture><\/div>\n<div class=\"sc-45461e9c-0 eqiBeF container-text text-embed \" id=\"element-body-5\">\n<p>\u201cSi llegamos tan lejos en contra del poder es por la ayuda de ustedes, los periodistas, porque somos gente humilde, de trabajo\u201d, dice Ra\u00fal en el informativo m\u00e1s escuchado de la radio en el mediod\u00eda cordob\u00e9s.<\/p>\n<\/div>\n<div class=\"sc-45461e9c-0 eqiBeF container-text text-embed \" id=\"element-body-6\">\n<p>Por su parte, Vanessa ingresa a la casa desde el patio tras una larga entrevista telef\u00f3nica con otra radio. Su rostro muestra un aire de serenidad que contrasta con la dureza de sus gestos del d\u00eda anterior, en el que la tensi\u00f3n por la espera del fallo se alarg\u00f3 hasta la noche.<\/p>\n<\/div>\n<div class=\"sc-45461e9c-0 eqiBeF container-text text-embed \" id=\"element-body-7\">\n<p>Vanessa y Ra\u00fal son los padres de Francisco,<strong> el beb\u00e9 que muri\u00f3 en el Hospital Materno Neonatal el 19 de marzo de 2022.<\/strong> Los m\u00e9dicos les dijeron que el coraz\u00f3n no resisti\u00f3, pero nunca les advirtieron qu\u00e9 podr\u00eda haberle pasado. Unos meses despu\u00e9s, en un noticiero de televisi\u00f3n se enteraron de lo que hab\u00eda pasado y acudieron al abogado Carlos Nayi, quien los represent\u00f3 en el juicio.<\/p>\n<\/div>\n<div class=\"sc-45461e9c-0 eqiBeF container-text text-embed \" id=\"element-body-8\">\n<p>A partir de entonces comenz\u00f3 otra historia, otra vida y otro camino ante la verdad revelada. Y Vanessa se transform\u00f3 en la imagen m\u00e1s visible entre las madres de las v\u00edctimas, el rostro de la lucha para que haya justicia. La clave para ese despertar fue un encuentro con <strong>Soledad Laciar, la madre de Blas Correas<\/strong>, el adolescente asesinado por un balazo policial en 2020.<\/p>\n<\/div>\n<div class=\"sc-c2c2a3c6-0 ecgiEX border-video video-embed horizontal border-video video-embed horizontal\" id=\"element-body-9\">\n<div class=\"sc-c2c2a3c6-1 kQhBlc videoText videoText\">\n<h2>Video<\/h2>\n<p>El dolor de una madre de los beb\u00e9s asesinados en C\u00f3rdoba<\/p>\n<\/div>\n<\/div>\n<div class=\"sc-45461e9c-0 eqiBeF container-text text-embed \" id=\"element-body-10\">\n<p><strong>\u2014\u00bfEn qu\u00e9 momento sentiste que te estabas transformando en la imagen de la lucha de estas madres?<\/strong><\/p>\n<\/div>\n<div class=\"sc-45461e9c-0 eqiBeF container-text text-embed \" id=\"element-body-11\">\n<p>\u2014Me di cuenta cuando empezamos este camino. En una de las marchas me presentaron a Soledad Laciar, que vino a acompa\u00f1arnos. No la conoc\u00eda. Pero desde el primer momento tuvo una humanidad enorme conmigo. Me dijo: \u201cSent\u00e9monos, tomemos un caf\u00e9.\u201d Y ah\u00ed <strong>entend\u00ed que ten\u00eda que salir a luchar desde otro lugar.<\/strong><\/p>\n<\/div>\n<div class=\"sc-45461e9c-0 eqiBeF container-text text-embed \" id=\"element-body-12\">\n<p><strong>\u2014\u00bfQu\u00e9 cambi\u00f3 en vos desde ese encuentro?<\/strong><\/p>\n<\/div>\n<div class=\"sc-45461e9c-0 eqiBeF container-text text-embed \" id=\"element-body-13\">\n<p>\u2014Entend\u00ed que si no me paraba firme, no \u00edbamos a llegar a donde llegamos. A ellos (por las autoridades) les conven\u00eda la imagen de unas madres dolidas que se quedan en su cama llorando. Pero no hice eso. Soledad me dijo: \u201cEsto no va a cambiar nada de lo que pas\u00f3, pero vas a tener que salir a luchar por tu hijo.\u201d Y ah\u00ed me cambi\u00f3 la perspectiva. <strong>Sent\u00ed que Francisco no pod\u00eda pasar por este mundo en vano.<\/strong><\/p>\n<\/div>\n<div class=\"sc-45461e9c-0 eqiBeF container-text text-embed \" id=\"element-body-14\">\n<p><strong>\u2014\u00bfQu\u00e9 fue lo primero que supiste sobre la muerte de tu hijo?<\/strong><\/p>\n<\/div>\n<div class=\"sc-45461e9c-0 eqiBeF container-text text-embed \" id=\"element-body-15\">\n<p>\u2014Nos dijeron que hab\u00eda sido una muerte no natural, pero que ten\u00eda un cuadro grave en el coraz\u00f3n. <strong>Nunca me dieron una explicaci\u00f3n clara.<\/strong> Me dijeron que su coraz\u00f3n estaba como el de un viejito que tuvo muchos infartos. Dec\u00edan que nunca hab\u00edan visto algo as\u00ed.<\/p>\n<\/div>\n<div class=\"sc-45461e9c-0 eqiBeF container-text text-embed \" id=\"element-body-16\">\n<p><strong>\u2014\u00bfTe hicieron buscar causas gen\u00e9ticas o personales?<\/strong><\/p>\n<\/div>\n<div class=\"sc-45461e9c-0 eqiBeF container-text text-embed \" id=\"element-body-17\">\n<p>\u2014S\u00ed, empezaron a buscar causas en m\u00ed. Me preguntaron si ten\u00eda Chagas, si ten\u00eda adicciones. Solo tengo enfermedad cel\u00edaca, pero me cuido desde que me la diagnosticaron. El embarazo fue normal. Todas las ecograf\u00edas salieron bien, incluso las m\u00e1s espec\u00edficas del coraz\u00f3n.<\/p>\n<\/div>\n<div class=\"sc-45461e9c-0 eqiBeF container-text text-embed \" id=\"element-body-18\">\n<p><strong>\u2014Entonces, en un principio pensaron que fue una fatalidad.<\/strong><\/p>\n<\/div>\n<div class=\"sc-45461e9c-0 eqiBeF container-text text-embed \" id=\"element-body-19\">\n<p>\u2014S\u00ed. Nos fuimos del hospital sin una explicaci\u00f3n. <strong>Pensamos que nos hab\u00eda tocado lo peor. <\/strong>Empezamos el duelo creyendo que a veces estas cosas simplemente suceden.<\/p>\n<\/div>\n<div class=\"sc-45461e9c-0 eqiBeF container-text text-embed \" id=\"element-body-20\">\n<p><strong>\u2014\u00bfC\u00f3mo enfrentaron esa primera etapa como familia?<\/strong><\/p>\n<\/div>\n<div class=\"sc-45461e9c-0 eqiBeF container-text text-embed \" id=\"element-body-21\">\n<p>\u2014Nos sentamos a hablar con los chicos. Les dijimos que Fran siempre iba a estar con nosotros, que como familia \u00edbamos a seguir adelante. Seguimos las rutinas: colegio, f\u00fatbol, trabajo. <strong>Fue un esfuerzo enorme para mostrar que se pod\u00eda seguir.<\/strong><\/p>\n<\/div>\n<div class=\"sc-98b114a2-0 bkqiHH image-embed  image-embed \" id=\"element-body-22\"><picture class=\"sc-98b114a2-1 jRUlDm\"><source media=\"(min-width: 975px)\" width=\"720\" height=\"480\" \/><img alt=\"La enfermera Brenda Ag\u00fcero, condenada a prisi\u00f3n perpetua por el delito de &quot;homicidio calificado&quot;. Foto: Ariel Alejandro Carreras.\" loading=\"lazy\" width=\"720\" height=\"480\" decoding=\"async\" data-nimg=\"1\" style=\"color:transparent\" src=\"https:\/\/13.com.ar\/wp-content\/uploads\/2025\/06\/1750363789_893_Ella-es-la-responsable-directa.jpg\"\/><span class=\"epigraphe\">La enfermera Brenda Ag\u00fcero, condenada a prisi\u00f3n perpetua por el delito de &#8220;homicidio calificado&#8221;. Foto: Ariel Alejandro Carreras.<\/span><span class=\"picture-open\"><button class=\"open-image\" aria-label=\"Open Image\"\/><\/span><\/picture><\/div>\n<div class=\"sc-45461e9c-0 eqiBeF container-text text-embed \" id=\"element-body-23\">\n<p><strong>\u2014\u00bfEn qu\u00e9 momento cambi\u00f3 esa percepci\u00f3n de que hab\u00eda sido una fatalidad?<\/strong><\/p>\n<\/div>\n<div class=\"sc-45461e9c-0 eqiBeF container-text text-embed \" id=\"element-body-24\">\n<p>\u2014Un d\u00eda me empiezan a llegar mensajes: \u201c\u00bfEst\u00e1s viendo la tele? Est\u00e1n hablando del neonatal.\u201d Yo estaba llevando a los chicos al colegio. Cuando llegu\u00e9 a casa prend\u00ed el noticiero y hablaban de inconsistencias en el hospital neonatal, de muertes de beb\u00e9s. Pero mencionaban que hab\u00eda sucedido en mayo y mi hijo hab\u00eda nacido en marzo.<\/p>\n<\/div>\n<div class=\"sc-45461e9c-0 eqiBeF container-text text-embed \" id=\"element-body-25\">\n<p><strong>\u2014\u00bfQu\u00e9 hicieron ante esa noticia?<\/strong><\/p>\n<\/div>\n<div class=\"sc-45461e9c-0 eqiBeF container-text text-embed \" id=\"element-body-26\">\n<p>\u2014Con mi esposo dijimos: \u201cImprimamos todo lo de Fran, por las dudas.\u201d Llamamos al Ministerio de Salud y nos atendieron como si fuera algo administrativo. Pero, a la noche, viendo el noticiero, escuchamos que el per\u00edodo investigado era desde el 18 de marzo. <strong>Cuando dijeron esa fecha se nos afloj\u00f3 el cuerpo.<\/strong><\/p>\n<\/div>\n<div class=\"sc-45461e9c-0 eqiBeF container-text text-embed \" id=\"element-body-27\">\n<p><strong>\u2014\u00bfQu\u00e9 pas\u00f3 el 18 de marzo?<\/strong><\/p>\n<\/div>\n<div class=\"sc-45461e9c-0 eqiBeF container-text text-embed \" id=\"element-body-28\">\n<p>\u2014Ese d\u00eda hubo dos casos. Uno por la ma\u00f1ana, que se logr\u00f3 revertir, y luego lo de Francisco. \u00c9l estuvo 11 horas vivo y despu\u00e9s falleci\u00f3. Los peritos dicen que no puede haber dos colapsos postnatales, supuestamente rar\u00edsimo, en un mismo hospital, con solo horas de diferencia.<strong> Es il\u00f3gico.<\/strong><\/p>\n<\/div>\n<div class=\"sc-45461e9c-0 eqiBeF container-text text-embed \" id=\"element-body-29\">\n<p><strong>\u2014\u00bfPor qu\u00e9 pens\u00e1s que fue Brenda Ag\u00fcero la persona que mat\u00f3 a tu hijo?<\/strong><\/p>\n<\/div>\n<div class=\"sc-45461e9c-0 eqiBeF container-text text-embed \" id=\"element-body-30\">\n<p>\u2014Desde el primer momento lo tuvimos claro. La defensa de ella apel\u00f3 a instalar la idea de que era un \u201cperejil\u201d, que no era la verdadera culpable. Pero en las audiencias <strong>qued\u00f3 claro que Brenda fue la \u00fanica que estuvo presente en todos los casos<\/strong>. Eso no es una coincidencia.<\/p>\n<\/div>\n<div class=\"sc-98b114a2-0 bkqiHH image-embed  image-embed \" id=\"element-body-31\"><picture class=\"sc-98b114a2-1 jRUlDm\"><source media=\"(min-width: 975px)\" width=\"720\" height=\"480\" \/><img alt=\"Diego Cardozo, ex ministro de Salud de C\u00f3rdoba, fue absuelto por el caso del Neonatal. Foto Ramiro Pereyra: La Voz.\" loading=\"lazy\" width=\"720\" height=\"480\" decoding=\"async\" data-nimg=\"1\" style=\"color:transparent\" src=\"https:\/\/13.com.ar\/wp-content\/uploads\/2025\/06\/1750363789_259_Ella-es-la-responsable-directa.jpg\"\/><span class=\"epigraphe\">Diego Cardozo, ex ministro de Salud de C\u00f3rdoba, fue absuelto por el caso del Neonatal. Foto Ramiro Pereyra: La Voz.<\/span><span class=\"picture-open\"><button class=\"open-image\" aria-label=\"Open Image\"\/><\/span><\/picture><\/div>\n<div class=\"sc-45461e9c-0 eqiBeF container-text text-embed \" id=\"element-body-32\">\n<p><strong>\u2014\u00bfQu\u00e9 opin\u00e1s de las otras responsabilidades?<\/strong><\/p>\n<\/div>\n<div class=\"sc-45461e9c-0 eqiBeF container-text text-embed \" id=\"element-body-33\">\n<p>\u2014<strong>Ella es la responsable directa<\/strong>. <strong>Pero hay muchas otras personas que podr\u00edan haber salvado vidas y no lo hicieron. <\/strong>Algunos encubrieron. Eso tambi\u00e9n es grave. Pero si las leyes solo permiten condenarlos por encubrimiento, ah\u00ed nos quedamos.<\/p>\n<\/div>\n<div class=\"sc-45461e9c-0 eqiBeF container-text text-embed \" id=\"element-body-34\">\n<p><strong>\u2014\u00bfCre\u00e9s que este caso deber\u00eda marcar un precedente?<\/strong><\/p>\n<\/div>\n<div class=\"sc-45461e9c-0 eqiBeF container-text text-embed \" id=\"element-body-35\">\n<p>\u2014Totalmente. Hay que replantearse muchas cosas. El ministro (de Salud de C\u00f3rdoba, Diego Cardozo) dec\u00eda que ten\u00eda 45 hospitales a su cargo, como si fuera una defensa. Si no pod\u00e9s controlarlos, renunci\u00e1.<strong> Esto muestra que el sistema fallaba desde arriba.<\/strong><\/p>\n<\/div>\n<div class=\"sc-45461e9c-0 eqiBeF container-text text-embed \" id=\"element-body-36\">\n<p><strong>\u2014\u00bfC\u00f3mo te sentiste con el veredicto?<\/strong><\/p>\n<\/div>\n<div class=\"sc-45461e9c-0 eqiBeF container-text text-embed \" id=\"element-body-37\">\n<p>\u2014Me qued\u00e9 con<strong> una sensaci\u00f3n de justicia a medias. Sobre todo por la absoluci\u00f3n de Cardozo.<\/strong> Todav\u00eda no tenemos los fundamentos, pero sabemos que se puede apelar y lo vamos a hacer. Empezamos sin saber nada. Aprendimos qu\u00e9 era un expediente, t\u00e9rminos m\u00e9dicos, jur\u00eddicos. Nuestro abogado, Carlos Nayi, fue clave, nos gui\u00f3 y acompa\u00f1\u00f3 con mucha paciencia. Gracias a \u00e9l entendimos muchas cosas que solos no podr\u00edamos haber enfrentado.<\/p>\n<\/div>\n<\/div>\n<p><br \/>\n<br \/><a href=\"https:\/\/www.clarin.com\/sociedad\/madre-primera-victima-neonatal-habla-enfermera-responsable-directa_0_l1gFlp5MQP.html\">Fuente Clarin.com <\/a><\/p>\n","protected":false},"excerpt":{"rendered":"<p>Es el d\u00eda despu\u00e9s de la lectura del veredicto que conden\u00f3 a prisi\u00f3n perpetua para la enfermera Brenda Ag\u00fcero por los homicidios de cinco beb\u00e9s cometidos en 2022 en el Hospital Materno Neonatal de C\u00f3rdoba a trav\u00e9s del suministro de altas dosis de insulina y potasio. En la casa de barrio San Nicol\u00e1s, en el [&hellip;]<\/p>\n","protected":false},"author":1,"featured_media":35376,"comment_status":"open","ping_status":"open","sticky":false,"template":"","format":"standard","meta":{"footnotes":""},"categories":[2],"tags":[8175,2895,3628],"class_list":["post-35375","post","type-post","status-publish","format-standard","has-post-thumbnail","hentry","category-ultimas-noticias","tag-directa","tag-ella","tag-responsable"],"_links":{"self":[{"href":"https:\/\/13.com.ar\/index.php\/wp-json\/wp\/v2\/posts\/35375","targetHints":{"allow":["GET"]}}],"collection":[{"href":"https:\/\/13.com.ar\/index.php\/wp-json\/wp\/v2\/posts"}],"about":[{"href":"https:\/\/13.com.ar\/index.php\/wp-json\/wp\/v2\/types\/post"}],"author":[{"embeddable":true,"href":"https:\/\/13.com.ar\/index.php\/wp-json\/wp\/v2\/users\/1"}],"replies":[{"embeddable":true,"href":"https:\/\/13.com.ar\/index.php\/wp-json\/wp\/v2\/comments?post=35375"}],"version-history":[{"count":0,"href":"https:\/\/13.com.ar\/index.php\/wp-json\/wp\/v2\/posts\/35375\/revisions"}],"wp:featuredmedia":[{"embeddable":true,"href":"https:\/\/13.com.ar\/index.php\/wp-json\/wp\/v2\/media\/35376"}],"wp:attachment":[{"href":"https:\/\/13.com.ar\/index.php\/wp-json\/wp\/v2\/media?parent=35375"}],"wp:term":[{"taxonomy":"category","embeddable":true,"href":"https:\/\/13.com.ar\/index.php\/wp-json\/wp\/v2\/categories?post=35375"},{"taxonomy":"post_tag","embeddable":true,"href":"https:\/\/13.com.ar\/index.php\/wp-json\/wp\/v2\/tags?post=35375"}],"curies":[{"name":"wp","href":"https:\/\/api.w.org\/{rel}","templated":true}]}}