{"id":35370,"date":"2025-06-19T16:48:36","date_gmt":"2025-06-19T19:48:36","guid":{"rendered":"https:\/\/13.com.ar\/index.php\/tras-la-prision-de-cristina-kirchner-y-la-marcha-del-pj-javier-milei-busca-recuperar-centralidad-con-anuncios-y-actos\/"},"modified":"2025-06-19T16:48:36","modified_gmt":"2025-06-19T19:48:36","slug":"tras-la-prision-de-cristina-kirchner-y-la-marcha-del-pj-javier-milei-busca-recuperar-centralidad-con-anuncios-y-actos","status":"publish","type":"post","link":"https:\/\/13.com.ar\/index.php\/tras-la-prision-de-cristina-kirchner-y-la-marcha-del-pj-javier-milei-busca-recuperar-centralidad-con-anuncios-y-actos\/","title":{"rendered":"Tras la prisi\u00f3n de Cristina Kirchner y la marcha del PJ, Javier Milei busca recuperar centralidad con anuncios y actos"},"content":{"rendered":"<p> <br \/>\n<br \/><img decoding=\"async\" src=\"https:\/\/13.com.ar\/wp-content\/uploads\/2025\/06\/el-Gobierno-ninguneo-la-marcha-de-apoyo-a-Cristina-que.jpg\" \/><\/p>\n<div id=\"element-body-0\">\n<p>Despu\u00e9s de semanas en la que la pol\u00edtica nacional gir\u00f3 alrededor de la <strong>ratificaci\u00f3n de la condena contra Cristina Kirchner<\/strong>, <strong>Javier Milei busca recuperar la centralidad pol\u00edtica<\/strong>. <strong>Entrevistas, actos pol\u00edticos, anuncios de gobierno, encuentros partidarios y hasta el demorado lanzamiento del Consejo de Mayo<\/strong> completan la agenda del Presidente y su gobierno para los pr\u00f3ximos d\u00edas.<\/p>\n<\/div>\n<div id=\"element-body-1\">\n<p>La suerte judicial de la ex mandataria <strong>opac\u00f3 la gira del Presidente en Europa e Israel<\/strong>, donde se reuni\u00f3 con el flamante papa <strong>Le\u00f3n XIV<\/strong>, la premier italiana <strong>Giorgia Meloni<\/strong>, el presidente franc\u00e9s <strong>Emmanuel Macron<\/strong> y el primer ministro israel\u00ed <strong>Benjam\u00edn Netanyahu<\/strong>.<\/p>\n<\/div>\n<div id=\"element-body-2\">\n<p>El economista libertario eligi\u00f3 hasta ahora <strong>tomar distancia del fallo de la Corte Suprema<\/strong> que dej\u00f3 firme la condena de seis a\u00f1os de prisi\u00f3n. El virulento <strong>aparato de comunicaci\u00f3n oficial y paraestatal<\/strong> en redes tambi\u00e9n evit\u00f3 regodearse demasiado de la condena contra CFK. Milei se <strong>limit\u00f3 a tuitear contra los periodistas<\/strong> y a deslizar <strong>un comentario, apenas<\/strong>, en la Universidad Hebrea de Jerusal\u00e9n hace 7 d\u00edas.<\/p>\n<\/div>\n<div id=\"element-body-3\">\n<p>Este jueves por la noche, Milei volv\u00eda al ruedo y ruido medi\u00e1tico. El canal elegido fue LN+ y el periodista, Esteban Trebucq, uno de los que m\u00e1s veces habl\u00f3 con el Presidente. El encuentro se grab\u00f3 en la Rosada despu\u00e9s del mediod\u00eda. <\/p>\n<\/div>\n<div id=\"element-body-4\">\n<p>En la secretar\u00eda de Comunicaci\u00f3n consignaban que no estaba previsto que el Presidente volviera a hablar durante el fin de semana, <strong>pero no lo descartaban<\/strong>.<\/p>\n<\/div>\n<div id=\"element-body-5\">\n<p>En rigor, Milei hab\u00eda encabezado su primer acto p\u00fablico el martes. Fue para <strong>acompa\u00f1ar a Patricia Bullrich en la presentaci\u00f3n de la nueva agencia de la Polic\u00eda Federal<\/strong>, que busca emular en competencia y est\u00e9tica al FBI.<\/p>\n<\/div>\n<div id=\"element-body-6\">\n<p>La previa de la marcha del kirchnerismo a Plaza de Mayo y la confirmaci\u00f3n de la domiciliaria de la ex presidenta <strong>redujeron a la m\u00ednima expresi\u00f3n la conversaci\u00f3n digital sobre el Presidente y su gobierno<\/strong>, seg\u00fan un informe de la <strong>consultora Ad Hoc<\/strong>. Las menciones negativas contra CFK superaron a las del Presidente por el caso Libra. Incluso <strong>hasta Mauricio Macri reapareci\u00f3 en el escenario digital<\/strong> porque el kirchnerismo lo responsabiliza por haber sido quien m\u00e1s instig\u00f3 la supuesta persecuci\u00f3n contra la ex mandataria. Los estrategas comunicacionales del Gobierno no est\u00e1n acostumbrados a no estar en el centro del teatro pol\u00edtico. <\/p>\n<\/div>\n<div id=\"element-body-7\">\n<p>En ese marco y con el objetivo recuperar protagonismo, <strong>Milei encabezar\u00e1 este viernes en el Campo de Polo<\/strong> la <strong>celebraci\u00f3n por el D\u00eda de la bandera<\/strong>. Tomar\u00e1 el juramento al s\u00edmbolo patrio a los cadetes de las Fuerzas Armadas y a los estudiantes primarios que fueron especialmente invitados. <strong>Hasta el momento no est\u00e1 previsto que hable<\/strong>. El Gobierno esquiv\u00f3 el acto que tradicionalmente se conmemora desde hace d\u00e9cadas en el monumento a la Bandera, en Rosario. La decisi\u00f3n de realizarlo en la Capital hab\u00eda sido tomada antes de que el Presidente se fuera de viaje.<\/p>\n<\/div>\n<div id=\"element-body-8\">\n<p>Esta vez, Milei no tendr\u00e1 que <strong>evitar el saludo de Victoria Villarruel y de Jorge Macri<\/strong> como hizo en la Catedral metropolitana. La vicepresidenta y el jefe de Gobierno hasta bien entrado el jueves <strong>ni siquiera hab\u00edan sido invitados<\/strong>. Por ahora, no est\u00e1 previsto que el Presidente d\u00e9 un discurso; m\u00e1s all\u00e1 de la f\u00f3rmula del juramento. El <strong>malestar de las FFAA por el retraso salarial es cada vez m\u00e1s indisimulable<\/strong>. <\/p>\n<\/div>\n<div id=\"element-body-9\">\n<p>La \u00faltima <strong>aparici\u00f3n p\u00fablica de Milei hab\u00eda sido el 25 de mayo<\/strong>, cuando asisti\u00f3 al Tedeum y presenci\u00f3 el cambio de guardia del regimiento Patricios en Plaza de Mayo.<\/p>\n<\/div>\n<div id=\"element-body-10\">\n<p>La semana que viene el Presidente repetir\u00e1 anuncios p\u00fablicos, aunque en el Gobierno -adictos al efecto sorpresa- evitan adelantar la materia.<\/p>\n<\/div>\n<div id=\"element-body-11\">\n<p>El martes el jefe de Gabinete Guillermo Francos <strong>encabezar\u00e1 la primera reuni\u00f3n del Consejo de Mayo<\/strong> que el Gobierno lanzar\u00e1 tras largos meses de demora para empezar a discutir la reforma laboral y la tributaria. Se trata del \u00f3rgano que debe instrumentar los consensos firmados por 18 gobernadores en el Pacto de Mayo, el 9 de julio pasado. Adem\u00e1s de <strong>Francos y Federico Sturzenegger<\/strong> tienen asiento asegurado Cristian Ritondo, en representaci\u00f3n de los diputados; Carolina Losada, por los senadores; y el mendocino <strong>Alfredo Cornejo<\/strong>, por los gobernadores. <strong>Mart\u00edn Rapallini<\/strong>, flamante titular de la UIA, asistir\u00e1 por los empresarios<\/p>\n<\/div>\n<div id=\"element-body-12\">\n<p>Resta saber si <strong>Gerardo Mart\u00ednez<\/strong> oficiar\u00e1 como representante gremial, como quiere el Gobierno. La CGT de todos modos ya prest\u00f3 el servicio de no plegarse org\u00e1nicamente a la marcha a favor de Cristina y de no asistir al Consejo del PJ. Francos, en tanto, estudia la <strong>propuesta de los gobernadores para aumentar los ATN<\/strong>. <\/p>\n<\/div>\n<div id=\"element-body-13\">\n<p>De todos modos, ning\u00fan otro acto tendr\u00e1 m\u00e1s relevancia pol\u00edtica que el <strong>desembarco de Milei en el GBA<\/strong>. El Presidente participar\u00e1 con todo el gabinete del primer congreso de LLA en la Provincia. Ser\u00e1 este jueves, en La Plata. Como en la Ciudad, se pone otra vez al frente de la campa\u00f1a rumbo a las elecciones bonaerenses, donde desapareci\u00f3 de la grilla de candidatos el nombre de Cristina Kirchner, el m\u00e1s potente que barajaba la oposici\u00f3n.<\/p>\n<\/div>\n<div id=\"element-body-14\">\n<p>Las reuniones entre los delegados del Gobierno en la Provincia y el PRO previstas para esta semana quedaron para la pr\u00f3xima. <strong>Es casi seguro que ser\u00e1 un frente en vez de un partido. El <\/strong>nombre ya est\u00e1 definido. <strong>Como adelant\u00f3 Clar\u00edn,<\/strong> en la boleta -violeta- se leer\u00e1 solo Libertad Avanza. Los delegados del macrismo en esa negociaci\u00f3n defendieron el viernes y <strong>con Mauricio Macri como testigo<\/strong> la alianza con el oficialismo en una reuni\u00f3n tensa. <\/p>\n<\/div>\n<p><br \/>\n<br \/><a href=\"https:\/\/www.clarin.com\/politica\/prision-cristina-kirchner-marcha-pj-javier-milei-busca-recuperar-centralidad-anuncios-actos_0_Zq1njN9IAr.html\">Fuente Clarin.com <\/a><\/p>\n","protected":false},"excerpt":{"rendered":"<p>Despu\u00e9s de semanas en la que la pol\u00edtica nacional gir\u00f3 alrededor de la ratificaci\u00f3n de la condena contra Cristina Kirchner, Javier Milei busca recuperar la centralidad pol\u00edtica. Entrevistas, actos pol\u00edticos, anuncios de gobierno, encuentros partidarios y hasta el demorado lanzamiento del Consejo de Mayo completan la agenda del Presidente y su gobierno para los pr\u00f3ximos [&hellip;]<\/p>\n","protected":false},"author":1,"featured_media":35094,"comment_status":"open","ping_status":"open","sticky":false,"template":"","format":"standard","meta":{"footnotes":""},"categories":[2],"tags":[8639,3302,672,21623,18,497,100,273,1381,1126,77,3698,4946,312],"class_list":["post-35370","post","type-post","status-publish","format-standard","has-post-thumbnail","hentry","category-ultimas-noticias","tag-actos","tag-anuncios","tag-busca","tag-centralidad","tag-con","tag-cristina","tag-del","tag-javier","tag-kirchner","tag-marcha","tag-milei","tag-prision","tag-recuperar","tag-tras"],"_links":{"self":[{"href":"https:\/\/13.com.ar\/index.php\/wp-json\/wp\/v2\/posts\/35370","targetHints":{"allow":["GET"]}}],"collection":[{"href":"https:\/\/13.com.ar\/index.php\/wp-json\/wp\/v2\/posts"}],"about":[{"href":"https:\/\/13.com.ar\/index.php\/wp-json\/wp\/v2\/types\/post"}],"author":[{"embeddable":true,"href":"https:\/\/13.com.ar\/index.php\/wp-json\/wp\/v2\/users\/1"}],"replies":[{"embeddable":true,"href":"https:\/\/13.com.ar\/index.php\/wp-json\/wp\/v2\/comments?post=35370"}],"version-history":[{"count":0,"href":"https:\/\/13.com.ar\/index.php\/wp-json\/wp\/v2\/posts\/35370\/revisions"}],"wp:featuredmedia":[{"embeddable":true,"href":"https:\/\/13.com.ar\/index.php\/wp-json\/wp\/v2\/media\/35094"}],"wp:attachment":[{"href":"https:\/\/13.com.ar\/index.php\/wp-json\/wp\/v2\/media?parent=35370"}],"wp:term":[{"taxonomy":"category","embeddable":true,"href":"https:\/\/13.com.ar\/index.php\/wp-json\/wp\/v2\/categories?post=35370"},{"taxonomy":"post_tag","embeddable":true,"href":"https:\/\/13.com.ar\/index.php\/wp-json\/wp\/v2\/tags?post=35370"}],"curies":[{"name":"wp","href":"https:\/\/api.w.org\/{rel}","templated":true}]}}