{"id":3529,"date":"2025-02-10T12:52:21","date_gmt":"2025-02-10T15:52:21","guid":{"rendered":"https:\/\/13.com.ar\/index.php\/violento-ataque-motochorro-a-una-familia-cuando-llegaba-al-salon-para-festejarle-el-cumpleanos-a-su-hijo-de-9-anos\/"},"modified":"2025-02-10T12:52:21","modified_gmt":"2025-02-10T15:52:21","slug":"violento-ataque-motochorro-a-una-familia-cuando-llegaba-al-salon-para-festejarle-el-cumpleanos-a-su-hijo-de-9-anos","status":"publish","type":"post","link":"https:\/\/13.com.ar\/index.php\/violento-ataque-motochorro-a-una-familia-cuando-llegaba-al-salon-para-festejarle-el-cumpleanos-a-su-hijo-de-9-anos\/","title":{"rendered":"violento ataque motochorro a una familia cuando llegaba al sal\u00f3n para festejarle el cumplea\u00f1os a su hijo de 9 a\u00f1os"},"content":{"rendered":"<p> <br \/>\n<br \/><img decoding=\"async\" src=\"https:\/\/13.com.ar\/wp-content\/uploads\/2025\/02\/violento-ataque-motochorro-a-una-familia-cuando-llegaba-al-salon.jpg\" \/><\/p>\n<div id=\"cuerpo\">\n<div class=\"sc-80531b6b-0 chRIGJ container-text text-embed\">\n<p>En cuesti\u00f3n de segundos, la felicidad de festejarle el cumplea\u00f1os a su hijo de 9 a\u00f1os se vio truncada para una familia. <strong>Dos motochorros a punta de pistola los interceptaron<\/strong> cuando bajaban del auto con la torta, globos y m\u00e1s cotill\u00f3n. Ocurri\u00f3 en la localidad bonaerense de <strong>Mor\u00f3n<\/strong>, zona oeste del conurbano donde se vienen repitiendo los hechos de inseguridad. <\/p>\n<\/div>\n<div class=\"sc-80531b6b-0 chRIGJ container-text text-embed\">\n<p>Las im\u00e1genes del violento episodio, ocurrido durante el fin de semana, se viralizaron en las \u00faltimas horas. Todo ocurri\u00f3 sobre la calle <strong>Grito de Alcorta al 1800<\/strong>, entre Ag\u00fcero y Peguy. Una c\u00e1mara de seguridad grab\u00f3 lo que terminaron siendo 30 segundos de terror.<\/p>\n<\/div>\n<div class=\"sc-80531b6b-0 chRIGJ container-text text-embed\">\n<p>En las im\u00e1genes se puede ver el momento en que que la pareja, Natalia y Mariano, llegaba al sal\u00f3n de fiestas en su auto Peugeot 208 junto con su hijo Lorenzo, y la abuela quien tambi\u00e9n estaba con ellos.<\/p>\n<\/div>\n<div class=\"sc-80531b6b-0 chRIGJ container-text text-embed\">\n<p>Estacionaron el auto de culata en la entrada del sal\u00f3n, abrieron las puertas y comenzaron a bajar los globos, la torta, y algunas bolsas. Durante ese proceso, una moto con dos delincuentes pas\u00f3 por la cuadra y no duraron: frenaron y uno de ellos se baj\u00f3 corriendo apuntando con un arma.<\/p>\n<\/div>\n<div class=\"sc-80531b6b-0 chRIGJ container-text text-embed\">\n<p>Les exigi\u00f3 que le den todo por lo que el hombre le entreg\u00f3 la llave del auto y unos $ 750.000 que iban a ser usados para pagar la fiesta, que finalmente no se realiz\u00f3.<\/p>\n<\/div>\n<div class=\"sc-80531b6b-0 chRIGJ container-text text-embed\">\n<p>Al grito de<strong> &#8220;no, por favor&#8221;<\/strong>, la familia le ped\u00eda a los delincuentes que se vayan y no les roben nada, pero todo fue en vano. Cuando les dieron todo, el delincuente le tir\u00f3 la llave del auto a su c\u00f3mplice que estaba haciendo de campana al volante de la moto. R\u00e1pidamente, pas\u00f3 a ser el conductor del auto.<\/p>\n<\/div>\n<div class=\"sc-80531b6b-0 chRIGJ container-text text-embed\">\n<p>En un intento desesperado, la mujer abri\u00f3 la puerta trasera, pero el auto aceler\u00f3 a fondo y sali\u00f3 por la misma calle, ante la angustia y la bronca de la familia que se qued\u00f3 sin nada.<\/p>\n<\/div>\n<div class=\"sc-80531b6b-0 chRIGJ container-text text-embed\">\n<p>En di\u00e1logo con<em> Zona Norte Hoy<\/em>, Mariana cont\u00f3 que fue la tercera vez que les robaron el auto. &#8220;Esta vez apuntaron a mi marido y nos robaron todo&#8221;, lament\u00f3, indignada.<\/p>\n<\/div>\n<div class=\"sc-80531b6b-0 chRIGJ container-text text-embed\">\n<p><strong>Horas despu\u00e9s del asalto, los delincuentes realizaron compras con las tarjetas de cr\u00e9dito robadas<\/strong>. Hasta el momento, el auto no hab\u00eda aparecido. &#8220;No se puede vivir as\u00ed&#8221;, se quej\u00f3 la v\u00edctima.<\/p>\n<\/div>\n<div class=\"sc-80531b6b-0 chRIGJ container-text text-embed\">\n<p>Y agreg\u00f3: &#8220;Mi mam\u00e1, de 74 a\u00f1os, sufri\u00f3 un pico de presi\u00f3n y mi hijo qued\u00f3 muy asustado. Mi marido tambi\u00e9n est\u00e1 afectado y tuvimos que cambiar las cerraduras&#8221;.<\/p>\n<\/div>\n<div class=\"sc-80531b6b-0 chRIGJ container-text text-embed\">\n<p>La familia realiz\u00f3 la denuncia en la Comisar\u00eda Primera de Mor\u00f3n tras el robo. Ahora la Unidad Fiscal de Investigaci\u00f3n (UFI), es la que est\u00e1 a cargo de la investigaci\u00f3n. <\/p>\n<\/div>\n<\/div>\n<p><br \/>\n<br \/><a href=\"https:\/\/www.clarin.com\/policiales\/inseguridad-conurbano-bonaerense-moron-robo_0_8dUyFZYTcU.html\">Fuente Clarin.com <\/a><\/p>\n","protected":false},"excerpt":{"rendered":"<p>En cuesti\u00f3n de segundos, la felicidad de festejarle el cumplea\u00f1os a su hijo de 9 a\u00f1os se vio truncada para una familia. Dos motochorros a punta de pistola los interceptaron cuando bajaban del auto con la torta, globos y m\u00e1s cotill\u00f3n. Ocurri\u00f3 en la localidad bonaerense de Mor\u00f3n, zona oeste del conurbano donde se vienen [&hellip;]<\/p>\n","protected":false},"author":1,"featured_media":3530,"comment_status":"open","ping_status":"open","sticky":false,"template":"","format":"standard","meta":{"footnotes":""},"categories":[2],"tags":[636,2106,677,3825,1497,5550,918,2425,1385,16,5549,73,5330],"class_list":["post-3529","post","type-post","status-publish","format-standard","has-post-thumbnail","hentry","category-ultimas-noticias","tag-anos","tag-ataque","tag-cuando","tag-cumpleanos","tag-familia","tag-festejarle","tag-hijo","tag-llegaba","tag-motochorro","tag-para","tag-salon","tag-una","tag-violento"],"_links":{"self":[{"href":"https:\/\/13.com.ar\/index.php\/wp-json\/wp\/v2\/posts\/3529","targetHints":{"allow":["GET"]}}],"collection":[{"href":"https:\/\/13.com.ar\/index.php\/wp-json\/wp\/v2\/posts"}],"about":[{"href":"https:\/\/13.com.ar\/index.php\/wp-json\/wp\/v2\/types\/post"}],"author":[{"embeddable":true,"href":"https:\/\/13.com.ar\/index.php\/wp-json\/wp\/v2\/users\/1"}],"replies":[{"embeddable":true,"href":"https:\/\/13.com.ar\/index.php\/wp-json\/wp\/v2\/comments?post=3529"}],"version-history":[{"count":0,"href":"https:\/\/13.com.ar\/index.php\/wp-json\/wp\/v2\/posts\/3529\/revisions"}],"wp:featuredmedia":[{"embeddable":true,"href":"https:\/\/13.com.ar\/index.php\/wp-json\/wp\/v2\/media\/3530"}],"wp:attachment":[{"href":"https:\/\/13.com.ar\/index.php\/wp-json\/wp\/v2\/media?parent=3529"}],"wp:term":[{"taxonomy":"category","embeddable":true,"href":"https:\/\/13.com.ar\/index.php\/wp-json\/wp\/v2\/categories?post=3529"},{"taxonomy":"post_tag","embeddable":true,"href":"https:\/\/13.com.ar\/index.php\/wp-json\/wp\/v2\/tags?post=3529"}],"curies":[{"name":"wp","href":"https:\/\/api.w.org\/{rel}","templated":true}]}}