{"id":3525,"date":"2025-02-10T12:45:21","date_gmt":"2025-02-10T15:45:21","guid":{"rendered":"https:\/\/13.com.ar\/index.php\/las-vacaciones-familiares-de-flor-de-la-v-en-disney-todas-las-fotos\/"},"modified":"2025-02-10T12:45:21","modified_gmt":"2025-02-10T15:45:21","slug":"las-vacaciones-familiares-de-flor-de-la-v-en-disney-todas-las-fotos","status":"publish","type":"post","link":"https:\/\/13.com.ar\/index.php\/las-vacaciones-familiares-de-flor-de-la-v-en-disney-todas-las-fotos\/","title":{"rendered":"Las vacaciones familiares de Flor de la V en Disney: todas las fotos"},"content":{"rendered":"<p> <br \/>\n<\/p>\n<div id=\"cuerpo\">\n<div class=\"sc-80531b6b-0 chRIGJ container-text text-embed\">\n<p>Luego de un gran a\u00f1o profesional, que tuvo tanto buenos como malos momentos, <strong>Florencia de la V<\/strong> decidi\u00f3 tomarse un merecido descanso junto a su familia antes de embarcarse en nuevos desaf\u00edos profesionales.<\/p>\n<\/div>\n<div class=\"sc-80531b6b-0 chRIGJ container-text text-embed\">\n<p>El destino elegido fue<strong> Disney World<\/strong> en Orlando, Estados Unidos, un lugar emblem\u00e1tico en donde, tanto los chicos como los grandes, pudieron disfrutar de la magia y diversi\u00f3n que tienen para ofrecer los reconocidos parques de diversiones.<\/p>\n<\/div>\n<div class=\"sc-80531b6b-0 chRIGJ container-text text-embed\">\n<p>Acompa\u00f1ada por su esposo, <strong>Pablo Goycochea<\/strong>, y sus hijos mellizos, <strong>Isabella y Paul<\/strong>, Flor comparti\u00f3 en sus redes sociales una serie de im\u00e1genes que capturaron momentos inolvidables de este viaje.<\/p>\n<\/div>\n<div class=\"sc-80531b6b-0 chRIGJ container-text text-embed\">\n<p>En la primera publicaci\u00f3n, la conductora mostr\u00f3 una serie de im\u00e1genes que ense\u00f1an a la familia sonriente frente al ic\u00f3nico<strong> castillo de Magic Kingdom<\/strong>. Con el mismo fondo, Flor tambi\u00e9n apareci\u00f3 sola junto a sus hijos, y por su cuenta.<\/p>\n<\/div>\n<div class=\"sc-198be8ec-0 cynXbu image-embed  image-embed \"><picture class=\"sc-198be8ec-1 kOjRiQ\"><source media=\"(min-width: 975px)\" width=\"720\" height=\"480\" \/><img alt=\"Flor de la V junto a su esposo y sus hijos. Foto: Instagram\" loading=\"lazy\" width=\"720\" height=\"480\" decoding=\"async\" data-nimg=\"1\" style=\"color:transparent\" src=\"https:\/\/13.com.ar\/wp-content\/uploads\/2025\/02\/Las-vacaciones-familiares-de-Flor-de-la-V-en-Disney.jpg\"\/><span class=\"epigraphe\">Flor de la V junto a su esposo y sus hijos. Foto: Instagram<\/span><span class=\"bkg\"\/><span class=\"picture-open\"><button class=\"open-image\" aria-label=\"Open Image\"\/><\/span><\/picture><\/div>\n<div class=\"sc-80531b6b-0 chRIGJ container-text text-embed\">\n<p>Por otro lado, la familia tambi\u00e9n tuvo la oportunidad de visitar el parqu<strong>e Animal Kingdom<\/strong>, en donde se rodearon de la naturaleza y la fauna que tiene el lugar.<\/p>\n<\/div>\n<div class=\"sc-198be8ec-0 cynXbu image-embed  image-embed \"><picture class=\"sc-198be8ec-1 kOjRiQ\"><source media=\"(min-width: 975px)\" width=\"720\" height=\"480\" \/><img alt=\"Flor de la V frente al castillo de Magic Kingdom. Foto: Instagram\" loading=\"lazy\" width=\"720\" height=\"480\" decoding=\"async\" data-nimg=\"1\" style=\"color:transparent\" src=\"https:\/\/13.com.ar\/wp-content\/uploads\/2025\/02\/1739202320_743_Las-vacaciones-familiares-de-Flor-de-la-V-en-Disney.jpg\"\/><span class=\"epigraphe\">Flor de la V frente al castillo de Magic Kingdom. Foto: Instagram<\/span><span class=\"bkg\"\/><span class=\"picture-open\"><button class=\"open-image\" aria-label=\"Open Image\"\/><\/span><\/picture><\/div>\n<div class=\"sc-80531b6b-0 chRIGJ container-text text-embed\">\n<p>En las fotos, la conductora se bas\u00f3 en mostrar el <strong>Tree of Life<\/strong> (\u00c1rbol de la Vida), el colosal e ic\u00f3nico s\u00edmbolo de 44 metros que tiene a m\u00e1s de 300 animales tallados entre sus enormes ramas y ra\u00edces.<\/p>\n<\/div>\n<div class=\"sc-198be8ec-0 cynXbu image-embed  image-embed \"><picture class=\"sc-198be8ec-1 kOjRiQ\"><source media=\"(min-width: 975px)\" width=\"720\" height=\"480\" \/><img alt=\"Flor de la V con Isabella y Paul. Foto: Instagram\" loading=\"lazy\" width=\"720\" height=\"480\" decoding=\"async\" data-nimg=\"1\" style=\"color:transparent\" src=\"https:\/\/13.com.ar\/wp-content\/uploads\/2025\/02\/1739202320_492_Las-vacaciones-familiares-de-Flor-de-la-V-en-Disney.jpg\"\/><span class=\"epigraphe\">Flor de la V con Isabella y Paul. Foto: Instagram<\/span><span class=\"bkg\"\/><span class=\"picture-open\"><button class=\"open-image\" aria-label=\"Open Image\"\/><\/span><\/picture><\/div>\n<div class=\"sc-80531b6b-0 chRIGJ container-text text-embed\">\n<p>En la base de la madriguera del \u00e1rbol, adem\u00e1s, la rodea un paisaje sereno de \u00e1reas con agua, prados y m\u00e1s arboledas, hogar de una variedad de animales vivos, incluidos l\u00e9mures, flamencos, canguros y tortugas. Desde all\u00ed,<strong> Flor se tom\u00f3 diversas fotograf\u00edas<\/strong>, sola y junto a su familia, para compartir con sus seguidores.<\/p>\n<\/div>\n<div class=\"sc-198be8ec-0 cynXbu image-embed  image-embed \"><picture class=\"sc-198be8ec-1 kOjRiQ\"><source media=\"(min-width: 975px)\" width=\"720\" height=\"480\" \/><img alt=\"Flor de la V en Animal Kingdom. Foto: Instagram\" loading=\"lazy\" width=\"720\" height=\"480\" decoding=\"async\" data-nimg=\"1\" style=\"color:transparent\" src=\"https:\/\/13.com.ar\/wp-content\/uploads\/2025\/02\/1739202320_288_Las-vacaciones-familiares-de-Flor-de-la-V-en-Disney.jpg\"\/><span class=\"epigraphe\">Flor de la V en Animal Kingdom. Foto: Instagram<\/span><span class=\"bkg\"\/><span class=\"picture-open\"><button class=\"open-image\" aria-label=\"Open Image\"\/><\/span><\/picture><\/div>\n<div class=\"sc-80531b6b-0 chRIGJ container-text text-embed\">\n<p>Durante su estad\u00eda en Disney, <strong>Florencia no dej\u00f3 de lado su pasi\u00f3n por la moda<\/strong>. En las im\u00e1genes compartidas, se la puede ver luciendo atuendos c\u00f3modos pero con su sello distintivo de estilo.<\/p>\n<\/div>\n<div class=\"sc-198be8ec-0 cynXbu image-embed  image-embed \"><picture class=\"sc-198be8ec-1 kOjRiQ\"><source media=\"(min-width: 975px)\" width=\"720\" height=\"480\" \/><img alt=\"Flor de la V y Pablo Goycochea. Foto: Instagram\" loading=\"lazy\" width=\"720\" height=\"480\" decoding=\"async\" data-nimg=\"1\" style=\"color:transparent\" src=\"https:\/\/13.com.ar\/wp-content\/uploads\/2025\/02\/1739202320_587_Las-vacaciones-familiares-de-Flor-de-la-V-en-Disney.jpg\"\/><span class=\"epigraphe\">Flor de la V y Pablo Goycochea. Foto: Instagram<\/span><span class=\"bkg\"\/><span class=\"picture-open\"><button class=\"open-image\" aria-label=\"Open Image\"\/><\/span><\/picture><\/div>\n<div class=\"sc-80531b6b-0 chRIGJ container-text text-embed\">\n<p>Por ejemplo, para su visita a Magic Kingdom, opt\u00f3 por usar una minifalda color blanca, combinada con u<strong>na remera con el ic\u00f3nico Mickey Mouse<\/strong>, y complet\u00f3 con una grandes gafas de sol.<\/p>\n<\/div>\n<div class=\"sc-198be8ec-0 cynXbu image-embed  image-embed \"><picture class=\"sc-198be8ec-1 kOjRiQ\"><source media=\"(min-width: 975px)\" width=\"720\" height=\"480\" \/><img alt=\"Flor de la V junto al Tree of Life. Foto: Instagram\" loading=\"lazy\" width=\"720\" height=\"480\" decoding=\"async\" data-nimg=\"1\" style=\"color:transparent\" src=\"https:\/\/13.com.ar\/wp-content\/uploads\/2025\/02\/1739202321_771_Las-vacaciones-familiares-de-Flor-de-la-V-en-Disney.jpg\"\/><span class=\"epigraphe\">Flor de la V junto al Tree of Life. Foto: Instagram<\/span><span class=\"bkg\"\/><span class=\"picture-open\"><button class=\"open-image\" aria-label=\"Open Image\"\/><\/span><\/picture><\/div>\n<div class=\"sc-80531b6b-0 chRIGJ container-text text-embed\">\n<p>Al d\u00eda siguiente, De la V luci\u00f3 los mismos lentes pero para accesorizar un conjunto a tono con Animal Kingdom, completo por <strong>una blusa y unos shorts en color marr\u00f3n<\/strong>, sandalias a tono y un gran bolso animal print.<\/p>\n<\/div>\n<div class=\"sc-198be8ec-0 cynXbu image-embed  image-embed \"><picture class=\"sc-198be8ec-1 kOjRiQ\"><source media=\"(min-width: 975px)\" width=\"720\" height=\"480\" \/><img alt=\"Flor de la V en Animal Kingdom. Foto: Instagram\" loading=\"lazy\" width=\"720\" height=\"480\" decoding=\"async\" data-nimg=\"1\" style=\"color:transparent\" src=\"https:\/\/13.com.ar\/wp-content\/uploads\/2025\/02\/1739202321_853_Las-vacaciones-familiares-de-Flor-de-la-V-en-Disney.jpg\"\/><span class=\"epigraphe\">Flor de la V en Animal Kingdom. Foto: Instagram<\/span><span class=\"bkg\"\/><span class=\"picture-open\"><button class=\"open-image\" aria-label=\"Open Image\"\/><\/span><\/picture><\/div>\n<div class=\"sc-80531b6b-0 chRIGJ container-text text-embed\">\n<p>Este viaje no solo represent\u00f3 una pausa en su agenda laboral, sino tambi\u00e9n una oportunidad para fortalecer los lazos familiares y recargar energ\u00edas.<\/p>\n<\/div>\n<div class=\"sc-198be8ec-0 cynXbu image-embed  image-embed \"><picture class=\"sc-198be8ec-1 kOjRiQ\"><source media=\"(min-width: 975px)\" width=\"720\" height=\"480\" \/><img alt=\"Las vacaciones familiares de Flor de la V en Disney. Foto: Instagram\" loading=\"lazy\" width=\"720\" height=\"480\" decoding=\"async\" data-nimg=\"1\" style=\"color:transparent\" src=\"https:\/\/13.com.ar\/wp-content\/uploads\/2025\/02\/1739202321_15_Las-vacaciones-familiares-de-Flor-de-la-V-en-Disney.jpg\"\/><span class=\"epigraphe\">Las vacaciones familiares de Flor de la V en Disney. Foto: Instagram<\/span><span class=\"bkg\"\/><span class=\"picture-open\"><button class=\"open-image\" aria-label=\"Open Image\"\/><\/span><\/picture><\/div>\n<div class=\"sc-80531b6b-0 chRIGJ container-text text-embed\">\n<p>Tras su salida de Am\u00e9rica TV, donde estuvo al frente del programa <em>Intrusos<\/em>, desde marzo <strong>Flor se embarcar\u00e1 en un nuevo proyecto en Canal 9<\/strong>, donde conducir\u00e1 un programa de espect\u00e1culos que competir\u00e1 directamente con su anterior ciclo.<\/p>\n<\/div>\n<\/div>\n<p><br \/>\n<br \/><a href=\"https:\/\/www.clarin.com\/fama\/vacaciones-familiares-flor-v-disney-todas-fotos_0_vZjJ6OkhjP.html\">Fuente Clarin.com <\/a><\/p>\n","protected":false},"excerpt":{"rendered":"<p>Luego de un gran a\u00f1o profesional, que tuvo tanto buenos como malos momentos, Florencia de la V decidi\u00f3 tomarse un merecido descanso junto a su familia antes de embarcarse en nuevos desaf\u00edos profesionales. El destino elegido fue Disney World en Orlando, Estados Unidos, un lugar emblem\u00e1tico en donde, tanto los chicos como los grandes, pudieron [&hellip;]<\/p>\n","protected":false},"author":1,"featured_media":3526,"comment_status":"open","ping_status":"open","sticky":false,"template":"","format":"standard","meta":{"footnotes":""},"categories":[2],"tags":[5546,929,5545,1286,48,274,1281],"class_list":["post-3525","post","type-post","status-publish","format-standard","has-post-thumbnail","hentry","category-ultimas-noticias","tag-disney","tag-familiares","tag-flor","tag-fotos","tag-las","tag-todas","tag-vacaciones"],"_links":{"self":[{"href":"https:\/\/13.com.ar\/index.php\/wp-json\/wp\/v2\/posts\/3525","targetHints":{"allow":["GET"]}}],"collection":[{"href":"https:\/\/13.com.ar\/index.php\/wp-json\/wp\/v2\/posts"}],"about":[{"href":"https:\/\/13.com.ar\/index.php\/wp-json\/wp\/v2\/types\/post"}],"author":[{"embeddable":true,"href":"https:\/\/13.com.ar\/index.php\/wp-json\/wp\/v2\/users\/1"}],"replies":[{"embeddable":true,"href":"https:\/\/13.com.ar\/index.php\/wp-json\/wp\/v2\/comments?post=3525"}],"version-history":[{"count":0,"href":"https:\/\/13.com.ar\/index.php\/wp-json\/wp\/v2\/posts\/3525\/revisions"}],"wp:featuredmedia":[{"embeddable":true,"href":"https:\/\/13.com.ar\/index.php\/wp-json\/wp\/v2\/media\/3526"}],"wp:attachment":[{"href":"https:\/\/13.com.ar\/index.php\/wp-json\/wp\/v2\/media?parent=3525"}],"wp:term":[{"taxonomy":"category","embeddable":true,"href":"https:\/\/13.com.ar\/index.php\/wp-json\/wp\/v2\/categories?post=3525"},{"taxonomy":"post_tag","embeddable":true,"href":"https:\/\/13.com.ar\/index.php\/wp-json\/wp\/v2\/tags?post=3525"}],"curies":[{"name":"wp","href":"https:\/\/api.w.org\/{rel}","templated":true}]}}