{"id":3523,"date":"2025-02-10T12:41:16","date_gmt":"2025-02-10T15:41:16","guid":{"rendered":"https:\/\/13.com.ar\/index.php\/mostro-como-es-el-porsche-99x-con-el-que-correra-en-la-renovada-formula-e\/"},"modified":"2025-02-10T12:41:16","modified_gmt":"2025-02-10T15:41:16","slug":"mostro-como-es-el-porsche-99x-con-el-que-correra-en-la-renovada-formula-e","status":"publish","type":"post","link":"https:\/\/13.com.ar\/index.php\/mostro-como-es-el-porsche-99x-con-el-que-correra-en-la-renovada-formula-e\/","title":{"rendered":"mostr\u00f3 c\u00f3mo es el Porsche 99X con el que correr\u00e1 en la renovada F\u00f3rmula E"},"content":{"rendered":"<p> <br \/>\n<br \/><img decoding=\"async\" src=\"https:\/\/13.com.ar\/wp-content\/uploads\/2025\/02\/mostro-como-es-el-Porsche-99X-con-el-que-correra.jpg\" \/><\/p>\n<div>\n<p>A poco menos de un mes de lo que ser\u00e1 la nueva Evo Session de la <strong>F\u00f3rmula E<\/strong>, los pilotos que ser\u00e1n protagonistas del evento empiezan a ultimar detalles con sus autos. Uno de los tantos reconocidos invitados es el <strong><em>Kun <\/em>Ag\u00fcero<\/strong>, que al igual que otras personalidades famosas no es piloto. Sin embargo, estar\u00e1 presente en este suceso de la innovadora categor\u00eda del automovilismo.<\/p>\n<\/div>\n<div>\n<p>El ex delantero de 36 a\u00f1os que hizo historia en la Premier League con la camiseta de Manchester City, se subir\u00e1 a los r\u00e1pidos coches el\u00e9ctricos que llegaron para revolucionar el deporte. Con el objetivo de continuar con el crecimiento de la categor\u00eda, la F\u00f3rmula E organiz\u00f3 esta carrera entre el 5 y el 6 de marzo, en la previa del primer ePrix del a\u00f1o.<\/p>\n<\/div>\n<div>\n<p>Lo cierto es que Sergio Ag\u00fcero anunci\u00f3 su acuerdo con <strong>Tag Heuer Porsche<\/strong>, para llevar a cabo su corta estad\u00eda como corredor en el Aut\u00f3dromo Internacional de Miami. Adem\u00e1s, tendr\u00e1 cierta ventaja ya que contar\u00e1 con la informaci\u00f3n de un especialista en la materia. Es que Pascal Wehrlein, el \u00faltimo campe\u00f3n, aconsejar\u00e1 al argentino durante la carrera.<\/p>\n<\/div>\n<div>\n<p>La cuenta oficial de Porsche hizo p\u00fablico algunas im\u00e1genes in\u00e9ditas del ex Independiente de la intimidad de los primeros preparativos para lo que ser\u00e1 la carrera. Junto a un video, la marca alemana poste\u00f3: <strong>&#8220;\u00a1Del campo al paddock! Sergio Ag\u00fcero est\u00e1 haciendo su debut \u00fanico en la F\u00f3rmula E al volante del Porsche 99X Electric. \u00a1Abr\u00f3chate el cintur\u00f3n!&#8221;<\/strong>.<\/p>\n<\/div>\n<div>\n<p>El <em>Kun<\/em>, al igual que las otras grandes celebridades, fue invitado a hacer la prueba formal del GEN3 Evo, el auto el\u00e9ctrico m\u00e1s r\u00e1pido del mundo. Para dimensionar, <strong>acelera de 0 a 100 km\/h en apenas dos segundos<\/strong>, algo que no logran ni los coches de F\u00f3rmula 1. Como si fuera poco, tambi\u00e9n alcanza una tremenda <strong>velocidad m\u00e1xima de 322 kil\u00f3metros por hora<\/strong>.<\/p>\n<\/div>\n<div>\n<p>Cabe recordar que todo este proceso ser\u00e1 filmado para un reality. La idea de la organizaci\u00f3n es que la categor\u00eda se difunda lo m\u00e1ximo posible a trav\u00e9s de las figuras de renombre que compiten y as\u00ed hacer p\u00fablico todo lo que deben atravesar los pilotos de la F\u00f3rmula E. Se mostrar\u00e1 todo: sesiones en simulador, preparaci\u00f3n f\u00edsica, charlas con ingenieros y coaching, entre otras cosas.<\/p>\n<\/div>\n<div>\n<p>Hace algunos d\u00edas, el m\u00e1ximo goleador extranjero de la liga inglesa hizo referencia a este evento y manifest\u00f3: <strong>&#8220;Esto es una locura total: de futbolista a piloto de carreras en uno de los coches de carreras m\u00e1s r\u00e1pidos del mundo<\/strong>. Estoy absolutamente encantado y quiero agradecer a todos los involucrados por esta oportunidad \u00fanica. Quiero aprender todo lo posible&#8221;.<\/p>\n<\/div>\n<div>\n<p>Otros de los destacados que dir\u00e1n presente en la ic\u00f3nica ciudad estadounidense son Tom Felton y Brooklyn Beckham. El actor que fue parte de la exitosa saga Harry Potter y el hijo mayor del ex Real Madrid y Manchester United tambi\u00e9n se subir\u00e1n a los innovadores autos el\u00e9ctricos. Beckham representar\u00e1 a Jaguar TCS Racing y ser\u00e1 guiado por Mitch Evans.<\/p>\n<\/div>\n<div>\n<p>Jeff Dodds, CEO de la F\u00f3rmula E, revel\u00f3 m\u00e1s detalles de cu\u00e1l es su real objetivo en este evento. &#8220;Quer\u00edamos hacer algo que nunca se hab\u00eda hecho en el automovilismo. Darle a la audiencia y a nuestros fan\u00e1ticos una perspectiva \u00fanica del mundo de un piloto de F\u00f3rmula E, visto desde los ojos de sus celebridades favoritas&#8221;, cont\u00f3 el director ejecutivo. <\/p>\n<\/div>\n<p><br \/>\n<br \/><a href=\"https:\/\/www.clarin.com\/deportes\/kun-aguero-rapido-electrico-mostro-porsche-99x-correra-renovada-formula_0_9R0WUAgm79.html\">Fuente Clarin.com <\/a><\/p>\n","protected":false},"excerpt":{"rendered":"<p>A poco menos de un mes de lo que ser\u00e1 la nueva Evo Session de la F\u00f3rmula E, los pilotos que ser\u00e1n protagonistas del evento empiezan a ultimar detalles con sus autos. Uno de los tantos reconocidos invitados es el Kun Ag\u00fcero, que al igual que otras personalidades famosas no es piloto. Sin embargo, estar\u00e1 [&hellip;]<\/p>\n","protected":false},"author":1,"featured_media":3524,"comment_status":"open","ping_status":"open","sticky":false,"template":"","format":"standard","meta":{"footnotes":""},"categories":[2],"tags":[5543,66,18,5544,3016,4249,5542,1446],"class_list":["post-3523","post","type-post","status-publish","format-standard","has-post-thumbnail","hentry","category-ultimas-noticias","tag-99x","tag-como","tag-con","tag-correra","tag-formula","tag-mostro","tag-porsche","tag-renovada"],"_links":{"self":[{"href":"https:\/\/13.com.ar\/index.php\/wp-json\/wp\/v2\/posts\/3523","targetHints":{"allow":["GET"]}}],"collection":[{"href":"https:\/\/13.com.ar\/index.php\/wp-json\/wp\/v2\/posts"}],"about":[{"href":"https:\/\/13.com.ar\/index.php\/wp-json\/wp\/v2\/types\/post"}],"author":[{"embeddable":true,"href":"https:\/\/13.com.ar\/index.php\/wp-json\/wp\/v2\/users\/1"}],"replies":[{"embeddable":true,"href":"https:\/\/13.com.ar\/index.php\/wp-json\/wp\/v2\/comments?post=3523"}],"version-history":[{"count":0,"href":"https:\/\/13.com.ar\/index.php\/wp-json\/wp\/v2\/posts\/3523\/revisions"}],"wp:featuredmedia":[{"embeddable":true,"href":"https:\/\/13.com.ar\/index.php\/wp-json\/wp\/v2\/media\/3524"}],"wp:attachment":[{"href":"https:\/\/13.com.ar\/index.php\/wp-json\/wp\/v2\/media?parent=3523"}],"wp:term":[{"taxonomy":"category","embeddable":true,"href":"https:\/\/13.com.ar\/index.php\/wp-json\/wp\/v2\/categories?post=3523"},{"taxonomy":"post_tag","embeddable":true,"href":"https:\/\/13.com.ar\/index.php\/wp-json\/wp\/v2\/tags?post=3523"}],"curies":[{"name":"wp","href":"https:\/\/api.w.org\/{rel}","templated":true}]}}