{"id":35206,"date":"2025-06-19T08:14:31","date_gmt":"2025-06-19T11:14:31","guid":{"rendered":"https:\/\/13.com.ar\/index.php\/todo-sobre-el-conflicto-y-los-ultimos-ataques-este-19-de-junio\/"},"modified":"2025-06-19T08:14:31","modified_gmt":"2025-06-19T11:14:31","slug":"todo-sobre-el-conflicto-y-los-ultimos-ataques-este-19-de-junio","status":"publish","type":"post","link":"https:\/\/13.com.ar\/index.php\/todo-sobre-el-conflicto-y-los-ultimos-ataques-este-19-de-junio\/","title":{"rendered":"todo sobre el conflicto y los \u00faltimos ataques este 19 de junio"},"content":{"rendered":"<p> <br \/>\n<br \/><img decoding=\"async\" src=\"https:\/\/13.com.ar\/wp-content\/uploads\/2025\/06\/todo-sobre-el-conflicto-y-los-ultimos-ataques-este-19.jpg\" \/><\/p>\n<p>Jue. 19.06.2025-08:11<\/p>\n<p><h2>El ministro de Defensa israel\u00ed asegura que Khamenei &#8220;no deber\u00eda seguir existiendo&#8221;<\/h2>\n<\/p>\n<div>\n<p>El ministro de Defensa israel\u00ed, Israel Katz, asegur\u00f3 este jueves que el l\u00edder supremo iran\u00ed Al\u00ed Khamenei, a quien se refiri\u00f3 como &#8220;el Hitler moderno&#8221;, &#8220;no deber\u00eda seguir existiendo&#8221;, en declaraciones a la prensa desde el hospital donde esta ma\u00f1ana hizo impacto un misil de Ir\u00e1n. &#8220;Las FDI (Fuerzas de Defensa de Israel) han recibido instrucciones y saben que, para lograr todos los objetivos, este hombre, sin lugar a dudas, no deber\u00eda seguir existiendo&#8221;, dijo Katz, en declaraciones recogidas por medios como The Times of Israel o Ynet.<\/p>\n<\/div>\n<div>\n<p>En los \u00faltimos d\u00edas, tanto Katz como el primer ministro israel\u00ed, Benjam\u00edn Netanyahu, han endurecido su ret\u00f3rica contra las autoridades iran\u00edes, al tiempo que el Ej\u00e9rcito ha intensificado sus bombardeos contra el pa\u00eds persa. El propio Netanyahu dijo este lunes en una entrevista con la cadena estadounidense ABC que la muerte de Khamenei pondr\u00eda fin al conflicto, en lugar de escalarlo.<\/p>\n<\/div>\n<p><br \/>\n<br \/><a href=\"https:\/\/www.clarin.com\/mundo\/guerra-israel-iran-hoy-vivo-conflicto-ultimos-ataques-19-junio_0_35QlvMMrzJ.html\">Fuente Clarin.com <\/a><\/p>\n","protected":false},"excerpt":{"rendered":"<p>Jue. 19.06.2025-08:11 El ministro de Defensa israel\u00ed asegura que Khamenei &#8220;no deber\u00eda seguir existiendo&#8221; El ministro de Defensa israel\u00ed, Israel Katz, asegur\u00f3 este jueves que el l\u00edder supremo iran\u00ed Al\u00ed Khamenei, a quien se refiri\u00f3 como &#8220;el Hitler moderno&#8221;, &#8220;no deber\u00eda seguir existiendo&#8221;, en declaraciones a la prensa desde el hospital donde esta ma\u00f1ana hizo [&hellip;]<\/p>\n","protected":false},"author":1,"featured_media":35207,"comment_status":"open","ping_status":"open","sticky":false,"template":"","format":"standard","meta":{"footnotes":""},"categories":[2],"tags":[2442,2687,139,16525,28,732,24,1018],"class_list":["post-35206","post","type-post","status-publish","format-standard","has-post-thumbnail","hentry","category-ultimas-noticias","tag-ataques","tag-conflicto","tag-este","tag-junio","tag-los","tag-sobre","tag-todo","tag-ultimos"],"_links":{"self":[{"href":"https:\/\/13.com.ar\/index.php\/wp-json\/wp\/v2\/posts\/35206","targetHints":{"allow":["GET"]}}],"collection":[{"href":"https:\/\/13.com.ar\/index.php\/wp-json\/wp\/v2\/posts"}],"about":[{"href":"https:\/\/13.com.ar\/index.php\/wp-json\/wp\/v2\/types\/post"}],"author":[{"embeddable":true,"href":"https:\/\/13.com.ar\/index.php\/wp-json\/wp\/v2\/users\/1"}],"replies":[{"embeddable":true,"href":"https:\/\/13.com.ar\/index.php\/wp-json\/wp\/v2\/comments?post=35206"}],"version-history":[{"count":0,"href":"https:\/\/13.com.ar\/index.php\/wp-json\/wp\/v2\/posts\/35206\/revisions"}],"wp:featuredmedia":[{"embeddable":true,"href":"https:\/\/13.com.ar\/index.php\/wp-json\/wp\/v2\/media\/35207"}],"wp:attachment":[{"href":"https:\/\/13.com.ar\/index.php\/wp-json\/wp\/v2\/media?parent=35206"}],"wp:term":[{"taxonomy":"category","embeddable":true,"href":"https:\/\/13.com.ar\/index.php\/wp-json\/wp\/v2\/categories?post=35206"},{"taxonomy":"post_tag","embeddable":true,"href":"https:\/\/13.com.ar\/index.php\/wp-json\/wp\/v2\/tags?post=35206"}],"curies":[{"name":"wp","href":"https:\/\/api.w.org\/{rel}","templated":true}]}}