{"id":35201,"date":"2025-06-19T06:47:33","date_gmt":"2025-06-19T09:47:33","guid":{"rendered":"https:\/\/13.com.ar\/index.php\/maximo-saco-3-y-dos-gobernadores-0\/"},"modified":"2025-06-19T06:47:33","modified_gmt":"2025-06-19T09:47:33","slug":"maximo-saco-3-y-dos-gobernadores-0","status":"publish","type":"post","link":"https:\/\/13.com.ar\/index.php\/maximo-saco-3-y-dos-gobernadores-0\/","title":{"rendered":"M\u00e1ximo sac\u00f3 3% y dos gobernadores 0%"},"content":{"rendered":"<p> <br \/>\n<br \/><img decoding=\"async\" src=\"https:\/\/13.com.ar\/wp-content\/uploads\/2025\/06\/La-larga-marcha-atras-de-La-Campora.jpg\" \/><\/p>\n<div id=\"element-body-0\">\n<p>Aunque pas\u00f3 de largo como un tema formal, una de las consecuencias pol\u00edticas de la confirmaci\u00f3n de la condena contra <strong>Cristina Kirchner<\/strong> por corrupci\u00f3n fue que deber\u00eda dejar la presidencia del Partido Justicialista. En realidad, es m\u00e1s que eso: inhabilitada de por vida para ejercer la funci\u00f3n p\u00fablica, directamente la sacan del padr\u00f3n. Eso la eyect\u00f3 autom\u00e1ticamente de su cargo partidario y <strong>tampoco podr\u00e1 votar<\/strong> mientras est\u00e9 presa (en su casa).<\/p>\n<\/div>\n<div id=\"element-body-1\">\n<p>Por eso, am\u00e9n de la fidelidad y el voluntarismo de sus fieles m\u00e1s cercanos, <strong>se empez\u00f3 a hablar de una sucesi\u00f3n<\/strong>. Y lo que ya se supon\u00eda en palabras que pod\u00eda ser un problema, se confirm\u00f3 en los n\u00fameros: <strong>pocos dirigentes generan alguna expectativa<\/strong>. <\/p>\n<\/div>\n<div id=\"element-body-2\">\n<p><strong>\u00bfEjemplos? M\u00e1ximo Kirchner sac\u00f3 3% y dos gobernadores muy anti Milei, 0%.<\/strong><\/p>\n<\/div>\n<div id=\"element-body-3\">\n<p>As\u00ed lo revela una nueva encuesta que midi\u00f3 el impacto del fallo de la Corte Suprema. Es del <strong><em>Observatorio de la Facultad de Psicolog\u00eda de la UBA (OPSA)<\/em><\/strong>, que publica sondeos regularmente con datos de coyuntura pol\u00edtica, econ\u00f3mica y social. <\/p>\n<\/div>\n<div id=\"element-body-4\">\n<p>Del 12 al 14 de junio, relevaron<strong> 1.030 casos a nivel nacional<\/strong> y presentaron los resultados con +\/- 3% de margen de error.<\/p>\n<\/div>\n<div id=\"element-body-6\">\n<p>El primer planteo del estudio se relacion\u00f3 con los <strong>sentimientos<\/strong>. A partir de este disparador: &#8220;Te pedimos que expreses con una sola palabra qu\u00e9 sentiste al enterarte que la Corte Suprema de Justicia confirm\u00f3 la condena de Cristina Kirchner y, en consecuencia, ir\u00e1 presa&#8221;.<\/p>\n<\/div>\n<div id=\"element-body-7\">\n<p>Como ya mostraron otras encuestas que adelant\u00f3 <strong>Clar\u00edn<\/strong>, la mayor\u00eda considera a la exmandataria culpable y apoya la decisi\u00f3n judicial. La proporci\u00f3n, reflejo de la grieta, es dos a uno en contra de Cristina. <\/p>\n<\/div>\n<div id=\"element-body-9\">\n<p><strong>En el caso del sondeo de la UBA, 65% se expres\u00f3 a favor del fallo y 31% en contra. Complet\u00f3 un 4% de neutros.<\/strong><\/p>\n<\/div>\n<div id=\"element-body-10\">\n<p>Cuando eso se plasm\u00f3 en una <strong>nube de palabras<\/strong>, con tama\u00f1o proporcional al resultado, lo que se ve m\u00e1s grande a golpe de vista es <strong>&#8220;Justicia&#8221;<\/strong>.<\/p>\n<\/div>\n<div id=\"element-body-11\">\n<p>Luego, se indaga sobre el<strong> impacto <\/strong>del caso en el funcionamiento de la <strong>democracia<\/strong>: el <strong>54%<\/strong> responde que la condena <strong>&#8220;fortalece&#8221;<\/strong> al sistema, contra<strong> 36%<\/strong> que considera que lo <strong>&#8220;debilita&#8221;<\/strong>. Para el <strong>10%<\/strong>, no pasa <strong>&#8220;ninguna de las dos cosas&#8221;<\/strong>.<\/p>\n<\/div>\n<div id=\"element-body-13\">\n<p>Sobre el final de relevamiento se aborda el tema de la <strong>herencia pol\u00edtica<\/strong>. Con esta pregunta: &#8220;Si ahora Cristina Kirchner no podr\u00e1 ejercer cargos p\u00fablicos, <strong>\u00bfqui\u00e9n te parece el mejor dirigente para sucederla en el liderazgo del Partido Justicialista?<\/strong>&#8220;.<\/p>\n<\/div>\n<div id=\"element-body-14\">\n<p>El resultado no deja buenas sensaciones para el cristinismo. El<strong> hijo de la expresidenta<\/strong>, como se adelant\u00f3, apenas llega al <strong>3%<\/strong>. Peor le fue a <strong>Eduardo &#8220;Wado&#8221; de Pedro<\/strong>, el funcionario que hab\u00eda elegido Cristina como candidato presidencial 2023 (luego debi\u00f3 bajarse). El exministro de Interior sac\u00f3 <strong>1%<\/strong>.<\/p>\n<\/div>\n<div id=\"element-body-15\">\n<p><strong>El mejor dentro de los grupos m\u00e1s radicalizados es Juan Grabois<\/strong>.<strong> <\/strong>El l\u00edder piquetero, que s\u00ed pudo presentar una postulaci\u00f3n testimonial y perdi\u00f3 la interna en la PASO contra Sergio Massa, obtuvo <strong>21%.<\/strong> Varios en el kirchnerismo ya empiezan a verlo como un referente de (m\u00e1s) peso para lo que viene.<\/p>\n<\/div>\n<div id=\"element-body-17\">\n<p>En la tabla, Grabois aparece tercero. En segundo lugar, con <strong>31%<\/strong>, viene un inc\u00f3modo <strong>&#8220;todav\u00eda no veo a nadie con capacidad para sucederla&#8221;<\/strong>.<\/p>\n<\/div>\n<div id=\"element-body-18\">\n<p><strong>Y primero figura quien durante a\u00f1os se supuso como el sucesor natural de Cristina, pero que este a\u00f1o qued\u00f3 con el boleto picado por sus intenciones autonomistas. Se trata, claro, del gobernador bonaerense, Axel Kicillof: 39%.<\/strong><\/p>\n<\/div>\n<div id=\"element-body-19\">\n<p>En un punto, este estudio refleja lo que vienen mostrando otros trabajos cuando se consulta por las im\u00e1genes o por el liderazgo en general de los opositores. La mejor suele ser Cristina y luego viene Kicillof.<\/p>\n<\/div>\n<div id=\"element-body-21\">\n<p><strong>Volviendo al ranking peronista de la UBA, se ofrece a dos gobernadores como opciones y terminan con 0%. Se trata del riojano Ricardo Quintela y del pampeano Sergio Ziliotto. Son de los de los mandatarios m\u00e1s opositores al presidente Javier Milei.<\/strong><\/p>\n<\/div>\n<div id=\"element-body-22\">\n<p>Cierran <strong>Sergio Massa 2%<\/strong>, <strong>Otro 2%<\/strong>, <strong>Jos\u00e9 Mayans 1%<\/strong>.<\/p>\n<\/div>\n<p><br \/>\n<br \/><a href=\"https:\/\/www.clarin.com\/politica\/nueva-encuesta-pregunto-lider-pj-cristina-maximo-saco-3-gobernadores-0_0_ya7kzKrLLC.html\">Fuente Clarin.com <\/a><\/p>\n","protected":false},"excerpt":{"rendered":"<p>Aunque pas\u00f3 de largo como un tema formal, una de las consecuencias pol\u00edticas de la confirmaci\u00f3n de la condena contra Cristina Kirchner por corrupci\u00f3n fue que deber\u00eda dejar la presidencia del Partido Justicialista. En realidad, es m\u00e1s que eso: inhabilitada de por vida para ejercer la funci\u00f3n p\u00fablica, directamente la sacan del padr\u00f3n. Eso la [&hellip;]<\/p>\n","protected":false},"author":1,"featured_media":34408,"comment_status":"open","ping_status":"open","sticky":false,"template":"","format":"standard","meta":{"footnotes":""},"categories":[2],"tags":[59,2769,528,2245],"class_list":["post-35201","post","type-post","status-publish","format-standard","has-post-thumbnail","hentry","category-ultimas-noticias","tag-dos","tag-gobernadores","tag-maximo","tag-saco"],"_links":{"self":[{"href":"https:\/\/13.com.ar\/index.php\/wp-json\/wp\/v2\/posts\/35201","targetHints":{"allow":["GET"]}}],"collection":[{"href":"https:\/\/13.com.ar\/index.php\/wp-json\/wp\/v2\/posts"}],"about":[{"href":"https:\/\/13.com.ar\/index.php\/wp-json\/wp\/v2\/types\/post"}],"author":[{"embeddable":true,"href":"https:\/\/13.com.ar\/index.php\/wp-json\/wp\/v2\/users\/1"}],"replies":[{"embeddable":true,"href":"https:\/\/13.com.ar\/index.php\/wp-json\/wp\/v2\/comments?post=35201"}],"version-history":[{"count":0,"href":"https:\/\/13.com.ar\/index.php\/wp-json\/wp\/v2\/posts\/35201\/revisions"}],"wp:featuredmedia":[{"embeddable":true,"href":"https:\/\/13.com.ar\/index.php\/wp-json\/wp\/v2\/media\/34408"}],"wp:attachment":[{"href":"https:\/\/13.com.ar\/index.php\/wp-json\/wp\/v2\/media?parent=35201"}],"wp:term":[{"taxonomy":"category","embeddable":true,"href":"https:\/\/13.com.ar\/index.php\/wp-json\/wp\/v2\/categories?post=35201"},{"taxonomy":"post_tag","embeddable":true,"href":"https:\/\/13.com.ar\/index.php\/wp-json\/wp\/v2\/tags?post=35201"}],"curies":[{"name":"wp","href":"https:\/\/api.w.org\/{rel}","templated":true}]}}